{"id":10141,"date":"2023-06-02T10:15:33","date_gmt":"2023-06-02T07:15:33","guid":{"rendered":"https:\/\/arastirma.disk.org.tr\/?p=10141"},"modified":"2024-04-19T11:37:20","modified_gmt":"2024-04-19T08:37:20","slug":"tuik-calisanlarin-ekmegiyle-oynamaktan-vazgecmelidir","status":"publish","type":"post","link":"https:\/\/arastirma.disk.org.tr\/?p=10141","title":{"rendered":"T\u00dc\u0130K \u00e7al\u0131\u015fanlar\u0131n ekme\u011fiyle oynamaktan vazge\u00e7melidir!"},"content":{"rendered":"<ul>\n<li>\n<h4>T\u00dc\u0130K do\u011falgaz fiyat\u0131n\u0131 enflasyon hesab\u0131ndan d\u00fc\u015fme karar\u0131 ald\u0131. Do\u011falgaz fiyat\u0131 0 (s\u0131f\u0131r) kabul edilecek.<\/h4>\n<\/li>\n<li>\n<h4>Bu uygulama enflasyonun oldu\u011fundan \u00e7ok daha d\u00fc\u015f\u00fck veya eksi olarak a\u00e7\u0131klanmas\u0131na yol a\u00e7abilir.<\/h4>\n<\/li>\n<li>\n<h4>T\u00dc\u0130K&#8217;in bu uygulamas\u0131yla Temmuz 2023&#8217;te enflasyona g\u00f6re zam alacak i\u015f\u00e7iler, memurlar ve emekliler b\u00fcy\u00fck kayba u\u011frayacak.<\/h4>\n<\/li>\n<li>\n<h4>T\u00dc\u0130K yarg\u0131 karar\u0131na ra\u011fmen enflasyon madde sepetini a\u00e7\u0131klamaktan ka\u00e7\u0131n\u0131rken yeni \u015faibeli bir uygulamaya, bir operasyona daha imza at\u0131yor.<\/h4>\n<\/li>\n<li>\n<h4>T\u00dc\u0130K \u00e7al\u0131\u015fanlar\u0131n ekme\u011fiyle oynamaktan vazge\u00e7melidir.<\/h4>\n<\/li>\n<\/ul>\n<div><b>T\u00dc\u0130K\u2019in do\u011falgaz fiyatlar\u0131n\u0131 enflasyon hesaplamas\u0131ndan d\u00fc\u015fece\u011fi y\u00f6n\u00fcndeki a\u00e7\u0131klamas\u0131 ile bu uygulaman\u0131n olas\u0131 sonu\u00e7lar\u0131 hakk\u0131nda D\u0130SK-AR taraf\u0131ndan yap\u0131lan de\u011ferlendirme:<br \/>\n<\/b><\/div>\n<div><\/div>\n<div>T\u00dc\u0130K, 29 May\u0131s 2023 tarihinde yapt\u0131\u011f\u0131 16 numaral\u0131 <em>\u201cEnerji Piyasas\u0131 D\u00fczenleme Kurulu\u2019nun (EPDK) 05.05.2023 tarihli Resm\u00ee Gazete\u2019de yay\u0131mlanarak y\u00fcr\u00fcrl\u00fc\u011fe giren \u2018Do\u011falgaz T\u00fcketimine \u0130li\u015fkin Sistem Kullan\u0131m Bedelleri Hakk\u0131nda Cumhurba\u015fkanl\u0131\u011f\u0131 Kararnamesinin Uygulanmas\u0131na Dair Usul ve Esaslar\u2019 konulu, 11835 Say\u0131l\u0131 Karar\u0131n\u0131n T\u00fcketici Fiyat Endeksine Etkisi\u201d<\/em> ba\u015fl\u0131kl\u0131 kamuoyu duyurusu ile T\u00dcFE\u2019de do\u011falgaz fiyat\u0131n\u0131n s\u0131f\u0131r kabul edilece\u011fini ve enflasyonun buna g\u00f6re hesaplanaca\u011f\u0131n\u0131; bu durumun 2023 y\u0131l\u0131 May\u0131s ay\u0131nda enflasyonda a\u015fa\u011f\u0131 y\u00f6nl\u00fc kuvvetli bir etki yarataca\u011f\u0131n\u0131 a\u00e7\u0131klad\u0131. Do\u011falgaz fiyat\u0131n\u0131n s\u0131f\u0131r kabul edilerek yap\u0131lan enflasyon hesaplamas\u0131 bir\u00e7ok sorun ve emek\u00e7iler a\u00e7\u0131s\u0131ndan b\u00fcy\u00fck kay\u0131plar yaratabilir.<b><br \/>\n<\/b><\/div>\n<div><\/div>\n<div><img fetchpriority=\"high\" decoding=\"async\" class=\"aligncenter wp-image-10144\" src=\"http:\/\/arastirma.disk.org.tr\/wp-content\/uploads\/2023\/06\/tuik-epdk.png\" alt=\"\" width=\"679\" height=\"854\" srcset=\"https:\/\/arastirma.disk.org.tr\/wp-content\/uploads\/2023\/06\/tuik-epdk.png 1822w, https:\/\/arastirma.disk.org.tr\/wp-content\/uploads\/2023\/06\/tuik-epdk-239x300.png 239w, https:\/\/arastirma.disk.org.tr\/wp-content\/uploads\/2023\/06\/tuik-epdk-815x1024.png 815w, https:\/\/arastirma.disk.org.tr\/wp-content\/uploads\/2023\/06\/tuik-epdk-768x965.png 768w, https:\/\/arastirma.disk.org.tr\/wp-content\/uploads\/2023\/06\/tuik-epdk-1222x1536.png 1222w, https:\/\/arastirma.disk.org.tr\/wp-content\/uploads\/2023\/06\/tuik-epdk-1629x2048.png 1629w\" sizes=\"(max-width: 679px) 100vw, 679px\" \/><\/div>\n<div>\n<p style=\"font-weight: 400;\">T\u00dc\u0130K taraf\u0131ndan 04521 olarak numaraland\u0131r\u0131lan ve \u201c\u015fehir gaz\u0131 ve do\u011falgaz\u201d olarak adland\u0131r\u0131lan maddenin T\u00dcFE\u2019ye etkisi y\u00fczde 2,9\u2019dur. Do\u011falgaz fiyat\u0131n\u0131n 0 (s\u0131f\u0131r) olarak kabul edilmesiyle, geriye kalan ve enflasyona yakla\u015f\u0131k y\u00fczde 97,1 oran\u0131nda etki eden b\u00fct\u00fcn maddelerin ayl\u0131k enflasyonunun y\u00fczde 2,9\u2019dan az olmas\u0131 durumunda ayl\u0131k T\u00dcFE eksi de\u011ferlere gerileyecek. Veya enflasyon ayl\u0131k olarak 0 (s\u0131f\u0131r) ya da \u00e7ok az artm\u0131\u015f olacak. Bunun sonucunda y\u0131l\u0131n ilk d\u00f6rt ay\u0131nda y\u00fczde 15,2 olan 4 ayl\u0131k enflasyon oran\u0131 kalan iki ayda (May\u0131s ve Haziran) gerileyebilir veya artmayabilir. Bu durum milyonlarca i\u015f\u00e7inin, memurun ve emeklinin gelirini olumsuz olarak etkileyebilir.<\/p>\n<p style=\"font-weight: 400;\">Bilindi\u011fi gibi i\u015f\u00e7ilerin, memurlar\u0131n ve emeklilerin \u00fccret, maa\u015f ve ayl\u0131k geliri genellikle 6 ayl\u0131k enflasyon art\u0131\u015f\u0131na g\u00f6re belirleniyor. Toplu i\u015f s\u00f6zle\u015fmesi kapsam\u0131ndaki i\u015f\u00e7iler, di\u011fer \u00f6zel sekt\u00f6r i\u015f\u00e7ileri, emekliler ve memurlar ocak-haziran d\u00f6nemine ait enflasyon oran\u0131na g\u00f6re zam al\u0131yor. May\u0131s 2023 d\u00f6neminde enflasyonun do\u011falgaz fiyat\u0131n\u0131n s\u0131f\u0131r kabul edilerek a\u00e7\u0131klanmas\u0131, ayl\u0131k enflasyonun gerilemesine yol a\u00e7aca\u011f\u0131ndan i\u015f\u00e7iler, emekliler ve memurlar daha d\u00fc\u015f\u00fck oranda zam alacaklar. \u00d6zel sekt\u00f6r i\u015f\u00e7ilerinin ve toplu i\u015f s\u00f6zle\u015fmesi kapsam\u0131ndaki i\u015f\u00e7ilerin \u00fccretleri i\u00e7in ise enflasyon oran\u0131 daha da \u00f6zem kazanmaktad\u0131r. Memur maa\u015flar\u0131 ve emekli ayl\u0131klar\u0131na yap\u0131lacak zamlarda h\u00fck\u00fcmet \u201ciyile\u015ftirmeler\u201d yapabilirken ayn\u0131 durum \u00f6zel sekt\u00f6r i\u00e7in \u00e7ok daha zor. Bu nedenle \u00f6zel sekt\u00f6r i\u015f\u00e7ileri daha b\u00fcy\u00fck kayba u\u011frayabilir.<\/p>\n<p style=\"font-weight: 400;\">T\u00fcketici Fiyat Endeksi ile ama\u00e7 t\u00fcketicilerin harcanabilir hanehalk\u0131 gelirini hesaplamak de\u011fil, fiyat art\u0131\u015flar\u0131n\u0131 saptamakt\u0131r. Harcanabilir hanehalk\u0131 geliri, gelir ve ya\u015fam ko\u015fullar\u0131na ili\u015fkin anketlerle belirlenmektedir. S\u00f6z konusu EPDK karar\u0131 ile t\u00fcketicilerin ilk faturalar\u0131ndaki kullan\u0131m bedelleri Hazine taraf\u0131ndan kar\u015f\u0131lanacak. Dolay\u0131s\u0131yla fatura bedeli t\u00fcketici taraf\u0131ndan kar\u015f\u0131lanmasa da bir fatura bedeli s\u00f6z konusudur. Do\u011falgaz bedelinin bir b\u00f6l\u00fcm\u00fcn\u00fcn veya tamam\u0131n\u0131n Hazine taraf\u0131ndan kar\u015f\u0131lanmas\u0131 bir gelir deste\u011fi, s\u00fcbvansiyondur. Ge\u00e7mi\u015fte de do\u011falgaz t\u00fcketimi i\u00e7in k\u0131smi Hazine deste\u011fi sa\u011fland\u0131. Dahas\u0131 pek \u00e7ok ba\u015fka alanda da benzer destekler s\u00f6z konusu olmaktad\u0131r. \u00d6rne\u011fin ula\u015f\u0131mda ya\u015fl\u0131lara, \u00f6\u011frencilere ve belirli gruplara sa\u011flanan indirimler veya su t\u00fcketimine g\u00f6re sa\u011flanan indirimler s\u00f6z konusudur. T\u00dc\u0130K \u015fimdiye kadar bunlar\u0131n hi\u00e7birini hesaba katmadan enflasyon hesaplamas\u0131 yapt\u0131. T\u00dc\u0130K ge\u00e7mi\u015fte, sebebi ne olursa olsun, gerek\u00e7esi ne olursa olsun s\u00fcbvansiyon ve gelir desteklerini hesaba katmadan enflasyon hesaplamas\u0131 yapt\u0131. \u015eimdi ise do\u011falgaz fiyat\u0131n\u0131n s\u0131f\u0131r kabul edilmesi, iyi niyetli olmayan, enflasyonu d\u00fc\u015f\u00fck g\u00f6stermeyi ama\u00e7layan bir operasyondur.<\/p>\n<p style=\"font-weight: 400;\"><a href=\"https:\/\/wp.me\/pbeW9X-2Af\">D\u0130SK taraf\u0131ndan a\u00e7\u0131lan davada verilen yarg\u0131 karar\u0131na<\/a> ra\u011fmen madde fiyat listesini a\u00e7\u0131klamayan, uzun zamand\u0131r veri karartarak \u015faibeli enflasyon oranlar\u0131 a\u00e7\u0131klayan T\u00dc\u0130K, do\u011falgazda \u201cs\u0131f\u0131r fiyat\u201d uygulamas\u0131 ile enflasyonu d\u00fc\u015f\u00fck g\u00f6stererek milyonlarca emek\u00e7inin geliriyle oynamaya haz\u0131rlan\u0131yor. T\u00dc\u0130K\u2019i bu operasyondan vazge\u00e7meye \u00e7a\u011f\u0131r\u0131yoruz.<\/p>\n<\/div>\n","protected":false},"excerpt":{"rendered":"<p>T\u00dc\u0130K do\u011falgaz fiyat\u0131n\u0131 enflasyon hesab\u0131ndan d\u00fc\u015fme karar\u0131 ald\u0131. Do\u011falgaz fiyat\u0131 0 (s\u0131f\u0131r) kabul edilecek. Bu uygulama enflasyonun oldu\u011fundan \u00e7ok daha d\u00fc\u015f\u00fck veya eksi olarak a\u00e7\u0131klanmas\u0131na&#8230;<\/p>\n","protected":false},"author":3,"featured_media":10155,"comment_status":"closed","ping_status":"closed","sticky":false,"template":"template-c-s2-post.php","format":"standard","meta":{"footnotes":""},"categories":[6,278],"tags":[434,104,435,39],"class_list":["post-10141","post","type-post","status-publish","format-standard","has-post-thumbnail","hentry","category-guncel","category-manset","tag-dogalgaz","tag-enflasyon","tag-sifir-fiyat","tag-tuik","wpcat-6-id","wpcat-278-id"],"_links":{"self":[{"href":"https:\/\/arastirma.disk.org.tr\/index.php?rest_route=\/wp\/v2\/posts\/10141","targetHints":{"allow":["GET"]}}],"collection":[{"href":"https:\/\/arastirma.disk.org.tr\/index.php?rest_route=\/wp\/v2\/posts"}],"about":[{"href":"https:\/\/arastirma.disk.org.tr\/index.php?rest_route=\/wp\/v2\/types\/post"}],"author":[{"embeddable":true,"href":"https:\/\/arastirma.disk.org.tr\/index.php?rest_route=\/wp\/v2\/users\/3"}],"replies":[{"embeddable":true,"href":"https:\/\/arastirma.disk.org.tr\/index.php?rest_route=%2Fwp%2Fv2%2Fcomments&post=10141"}],"version-history":[{"count":15,"href":"https:\/\/arastirma.disk.org.tr\/index.php?rest_route=\/wp\/v2\/posts\/10141\/revisions"}],"predecessor-version":[{"id":10159,"href":"https:\/\/arastirma.disk.org.tr\/index.php?rest_route=\/wp\/v2\/posts\/10141\/revisions\/10159"}],"wp:featuredmedia":[{"embeddable":true,"href":"https:\/\/arastirma.disk.org.tr\/index.php?rest_route=\/wp\/v2\/media\/10155"}],"wp:attachment":[{"href":"https:\/\/arastirma.disk.org.tr\/index.php?rest_route=%2Fwp%2Fv2%2Fmedia&parent=10141"}],"wp:term":[{"taxonomy":"category","embeddable":true,"href":"https:\/\/arastirma.disk.org.tr\/index.php?rest_route=%2Fwp%2Fv2%2Fcategories&post=10141"},{"taxonomy":"post_tag","embeddable":true,"href":"https:\/\/arastirma.disk.org.tr\/index.php?rest_route=%2Fwp%2Fv2%2Ftags&post=10141"}],"curies":[{"name":"wp","href":"https:\/\/api.w.org\/{rel}","templated":true}]}}