{"id":10431,"date":"2023-10-03T10:17:22","date_gmt":"2023-10-03T07:17:22","guid":{"rendered":"https:\/\/arastirma.disk.org.tr\/?p=10431"},"modified":"2024-04-19T11:37:05","modified_gmt":"2024-04-19T08:37:05","slug":"enflasyonda-yukselis-devam-ediyor","status":"publish","type":"post","link":"https:\/\/arastirma.disk.org.tr\/?p=10431","title":{"rendered":"\u00dc\u00e7 ayl\u0131k resmi enflasyon y\u00fczde 25! Emek gelirleri eriyor!"},"content":{"rendered":"<ul>\n<li>T\u00dc\u0130K&#8217;in t\u00fcketici fiyat endeksi (T\u00dcFE) y\u0131ll\u0131k y\u00fczde 61,53, ayl\u0131k y\u00fczde 4,75 oldu!<\/li>\n<li>T\u00dc\u0130K&#8217;e g\u00f6re y\u0131l ba\u015f\u0131ndan bu yana fiyatlar y\u00fczde 49,9 artt\u0131!<\/li>\n<li>Son \u00fc\u00e7 ayda (temmuz-a\u011fustos-eyl\u00fcl) fiyatlar y\u00fczde 25,1 artt\u0131!<\/li>\n<li>Emekli ayl\u0131klar\u0131na ve memur maa\u015flar\u0131na yap\u0131lan zam ilk \u00fc\u00e7 ayda eridi.<\/li>\n<li>Y\u00fckselmeye devam etmesine ra\u011fmen resmi enflasyon halk\u0131n ya\u015fad\u0131\u011f\u0131 enflasyonu yans\u0131tm\u0131yor!<\/li>\n<li>Emeklilerin ve dar gelirlilerin g\u0131da enflasyonu y\u00fczde 92-118 aras\u0131nda!<\/li>\n<li>2003:100 bazl\u0131 T\u00dcFE Endeksi 1.691&#8217;e g\u0131da fiyatlar\u0131 endeksi 2.406&#8217;ya y\u00fckseldi.<\/li>\n<li>T\u00dc\u0130K, D\u0130SK taraf\u0131ndan a\u00e7\u0131lan ve kazan\u0131lan davaya ra\u011fmen yarg\u0131 karar\u0131n\u0131 uygulam\u0131yor ve madde fiyat listesini a\u00e7\u0131klam\u0131yor.<\/li>\n<\/ul>\n<p><img fetchpriority=\"high\" decoding=\"async\" class=\"aligncenter size-full wp-image-10433\" src=\"http:\/\/arastirma.disk.org.tr\/wp-content\/uploads\/2023\/09\/gida-grup.png\" alt=\"\" width=\"987\" height=\"544\" srcset=\"https:\/\/arastirma.disk.org.tr\/wp-content\/uploads\/2023\/09\/gida-grup.png 987w, https:\/\/arastirma.disk.org.tr\/wp-content\/uploads\/2023\/09\/gida-grup-300x165.png 300w, https:\/\/arastirma.disk.org.tr\/wp-content\/uploads\/2023\/09\/gida-grup-768x423.png 768w\" sizes=\"(max-width: 987px) 100vw, 987px\" \/><\/p>\n<p>2023 Eyl\u00fcl d\u00f6nemine ait T\u00dc\u0130K T\u00fcketici Fiyat Endeksi (T\u00dcFE) 3 Ekim 2023&#8217;te yay\u0131mland\u0131. T\u00dc\u0130K verilerine g\u00f6re T\u00dcFE&#8217;deki (2003:100) de\u011fi\u015fim 2023 Ekim&#8217;de bir \u00f6nceki aya g\u00f6re y\u00fczde 4,75, on iki ayl\u0131k ortalamalara g\u00f6re y\u00fczde 55,3, bir \u00f6nceki y\u0131l\u0131n aral\u0131k ay\u0131na g\u00f6re y\u00fczde 49,86 ve bir \u00f6nceki y\u0131l\u0131n ayn\u0131 ay\u0131na g\u00f6re y\u00fczde 61,53 oldu. Sadece \u00fc\u00e7 ayl\u0131k t\u00fcketici enflasyonu y\u00fczde 25,1 oldu. Y\u0131l\u0131n ikinci yar\u0131s\u0131 i\u00e7in memur maa\u015flar\u0131na ve emekli ayl\u0131klar\u0131na yap\u0131lan zam eridi. Resmi enflasyondaki t\u0131rman\u0131\u015f s\u00fcr\u00fcyor.<\/p>\n<p style=\"font-weight: 400;\">T\u00dc\u0130K, Eyl\u00fcl 2023 d\u00f6neminde g\u0131da enflasyonunu y\u00fczde 75,14 olarak a\u00e7\u0131klad\u0131. Ancak bu enflasyon halk\u0131n hissetti\u011fi ger\u00e7ek enflasyonu yans\u0131tmaktan olduk\u00e7a uzak bir oran. T\u00dc\u0130K, D\u0130SK taraf\u0131ndan a\u00e7\u0131lan ve kazan\u0131lan davaya ra\u011fmen yarg\u0131 karar\u0131n\u0131 uygulam\u0131yor ve madde fiyat listesini a\u00e7\u0131klam\u0131yor. Madde fiyatlar\u0131 halen karart\u0131lm\u0131\u015f durumda. Bu nedenle enflasyon oran\u0131n\u0131 hesaplanmas\u0131na kaynak te\u015fkil eden madde fiyat listesi g\u00f6r\u00fclemiyor.<\/p>\n<p style=\"font-weight: 400;\">Resmi ortalama enflasyon oranlar\u0131 d\u00fc\u015f\u00fck gelirlilerin, emek\u00e7ilerin g\u00fcnl\u00fck ya\u015famda kar\u015f\u0131la\u015ft\u0131\u011f\u0131 ve hissetti\u011fi oranlar de\u011fildir.\u00a0 Bu nedenle D\u0130SK-AR olarak T\u00dc\u0130K\u2019in ham verilerinden yararlanarak emeklilerin, dar gelirlilerin, d\u00fc\u015f\u00fck gelirlilerin hissetti\u011fi g\u0131da enflasyonunu yeniden hesapl\u0131yoruz. Yapt\u0131\u011f\u0131m\u0131z hesaplamaya g\u00f6re g\u0131da enflasyonu ortalama y\u00fczde 75,1 olarak ger\u00e7ekle\u015firken emeklilerde g\u0131da enflasyonu y\u00fczde 92,3 oldu. \u00dc\u00e7\u00fcnc\u00fc y\u00fczde 20\u2019lik gelir grubunun g\u0131da enflasyonu y\u00fczde 85,7 olurken, d\u00fc\u015f\u00fck gelirli ikinci y\u00fczde 20\u2019lik grubun g\u0131da enflasyonu y\u00fczde 98,2 ve en yoksul y\u00fczde 20\u2019lik gelir grubun g\u0131da enflasyonu ise y\u00fczde 118 olarak ger\u00e7ekle\u015fti.<\/p>\n<p style=\"font-weight: 400;\">Y\u00fcksek gelir gruplar\u0131n\u0131n daha d\u00fc\u015f\u00fck enflasyon hissetti\u011fi g\u00f6r\u00fcl\u00fcyor. D\u00f6rd\u00fcnc\u00fc (y\u00fcksek) y\u00fczde 20\u2019lik gelir grubunun g\u0131da enflasyonu y\u00fczde 71,8 olurken, en y\u00fcksek gelir grubunun g\u0131da enflasyonu ise y\u00fczde 54,7 oldu. B\u00f6ylece en yoksul gelir grubunun g\u0131da enflasyonu y\u00fczde 118 olurken, en y\u00fcksek gelir grubunun g\u0131da enflasyonu y\u00fczde 55 oran\u0131nda kald\u0131. Bu durum enflasyonun gelir gruplar\u0131na, farkl\u0131 toplumsal kesim ve s\u0131n\u0131flara g\u00f6re \u00f6nemli \u00f6l\u00e7\u00fcde farkl\u0131 hissedildi\u011fini ortaya koyuyor.<\/p>\n<p><img decoding=\"async\" class=\"aligncenter size-full wp-image-10438\" src=\"http:\/\/arastirma.disk.org.tr\/wp-content\/uploads\/2023\/10\/Ekran-Resmi-2023-10-03-10.25.49.png\" alt=\"\" width=\"898\" height=\"578\" srcset=\"https:\/\/arastirma.disk.org.tr\/wp-content\/uploads\/2023\/10\/Ekran-Resmi-2023-10-03-10.25.49.png 898w, https:\/\/arastirma.disk.org.tr\/wp-content\/uploads\/2023\/10\/Ekran-Resmi-2023-10-03-10.25.49-300x193.png 300w, https:\/\/arastirma.disk.org.tr\/wp-content\/uploads\/2023\/10\/Ekran-Resmi-2023-10-03-10.25.49-225x145.png 225w, https:\/\/arastirma.disk.org.tr\/wp-content\/uploads\/2023\/10\/Ekran-Resmi-2023-10-03-10.25.49-768x494.png 768w\" sizes=\"(max-width: 898px) 100vw, 898px\" \/><\/p>\n<p style=\"font-weight: 400;\">T\u00dcFE ve g\u0131da fiyatlar\u0131 endeksi artmaya devam ediyor. 2005 y\u0131l\u0131nda 118 olan T\u00dcFE endeksi, Eyl\u00fcl 2023\u2019te 1.691&#8217;e y\u00fckseldi. 2005\u2019te 110 olan g\u0131da fiyatlar\u0131 endeksi ise 2023\u2019te 2.406\u2019ya y\u00fckseldi. B\u00f6ylece 2005\u2019ten bu yana T\u00dcFE 1.573 puan, g\u0131da fiyatlar\u0131 endeksi 2.296 puan artt\u0131. 2005\u2019te y\u00fczde 8 olan enflasyon oran\u0131 2023\u2019te y\u00fczde 61,5 oldu. 2005\u2019te y\u00fczde 4,5 olan g\u0131da enflasyonu ise 2023\u2019te y\u00fczde 75,1&#8217;e y\u00fckseldi.<\/p>\n<p style=\"font-weight: 400;\">\u00d6te yandan son y\u0131llarda g\u0131da enflasyonu ile genel enflasyon aras\u0131ndaki fark a\u00e7\u0131lmaya ba\u015flad\u0131. Eyl\u00fcl 2023\u2019te 2003:100 bazl\u0131 T\u00dcFE endeksi 1.691 olurken, g\u0131da enflasyonu endeksi 2.406 oldu.<\/p>\n<p><img decoding=\"async\" class=\"aligncenter size-full wp-image-10437\" src=\"http:\/\/arastirma.disk.org.tr\/wp-content\/uploads\/2023\/10\/Ekran-Resmi-2023-10-03-10.26.08.png\" alt=\"\" width=\"851\" height=\"566\" srcset=\"https:\/\/arastirma.disk.org.tr\/wp-content\/uploads\/2023\/10\/Ekran-Resmi-2023-10-03-10.26.08.png 851w, https:\/\/arastirma.disk.org.tr\/wp-content\/uploads\/2023\/10\/Ekran-Resmi-2023-10-03-10.26.08-300x200.png 300w, https:\/\/arastirma.disk.org.tr\/wp-content\/uploads\/2023\/10\/Ekran-Resmi-2023-10-03-10.26.08-768x511.png 768w\" sizes=\"(max-width: 851px) 100vw, 851px\" \/><\/p>\n<p style=\"font-weight: 400;\"><em><strong>Metodolojik not:<\/strong><\/em><em>\u00a0Dar gelirlilerin ve emeklilerin g\u0131da enflasyonu hesab\u0131nda, T\u00dc\u0130K\u2019in gelire g\u00f6re t\u00fcketim harcamas\u0131n\u0131n ve temel gelir kayna\u011f\u0131n\u0131n hanehalk\u0131 t\u00fcketim harcamas\u0131n\u0131n t\u00fcrlerine g\u00f6re da\u011f\u0131l\u0131m\u0131 (2022) verileri ile ana harcama gruplar\u0131na g\u00f6re T\u00dcFE verileri esas al\u0131nd\u0131.<\/em><\/p>\n","protected":false},"excerpt":{"rendered":"<p>T\u00dc\u0130K&#8217;in t\u00fcketici fiyat endeksi (T\u00dcFE) y\u0131ll\u0131k y\u00fczde 61,53, ayl\u0131k y\u00fczde 4,75 oldu! T\u00dc\u0130K&#8217;e g\u00f6re y\u0131l ba\u015f\u0131ndan bu yana fiyatlar y\u00fczde 49,9 artt\u0131! Son \u00fc\u00e7 ayda&#8230;<\/p>\n","protected":false},"author":3,"featured_media":9293,"comment_status":"closed","ping_status":"closed","sticky":false,"template":"template-c-s2-post.php","format":"standard","meta":{"footnotes":""},"categories":[6,278],"tags":[104,446,245],"class_list":["post-10431","post","type-post","status-publish","format-standard","has-post-thumbnail","hentry","category-guncel","category-manset","tag-enflasyon","tag-eylul-2023","tag-gida-enflasyonu","wpcat-6-id","wpcat-278-id"],"_links":{"self":[{"href":"https:\/\/arastirma.disk.org.tr\/index.php?rest_route=\/wp\/v2\/posts\/10431","targetHints":{"allow":["GET"]}}],"collection":[{"href":"https:\/\/arastirma.disk.org.tr\/index.php?rest_route=\/wp\/v2\/posts"}],"about":[{"href":"https:\/\/arastirma.disk.org.tr\/index.php?rest_route=\/wp\/v2\/types\/post"}],"author":[{"embeddable":true,"href":"https:\/\/arastirma.disk.org.tr\/index.php?rest_route=\/wp\/v2\/users\/3"}],"replies":[{"embeddable":true,"href":"https:\/\/arastirma.disk.org.tr\/index.php?rest_route=%2Fwp%2Fv2%2Fcomments&post=10431"}],"version-history":[{"count":12,"href":"https:\/\/arastirma.disk.org.tr\/index.php?rest_route=\/wp\/v2\/posts\/10431\/revisions"}],"predecessor-version":[{"id":13450,"href":"https:\/\/arastirma.disk.org.tr\/index.php?rest_route=\/wp\/v2\/posts\/10431\/revisions\/13450"}],"wp:featuredmedia":[{"embeddable":true,"href":"https:\/\/arastirma.disk.org.tr\/index.php?rest_route=\/wp\/v2\/media\/9293"}],"wp:attachment":[{"href":"https:\/\/arastirma.disk.org.tr\/index.php?rest_route=%2Fwp%2Fv2%2Fmedia&parent=10431"}],"wp:term":[{"taxonomy":"category","embeddable":true,"href":"https:\/\/arastirma.disk.org.tr\/index.php?rest_route=%2Fwp%2Fv2%2Fcategories&post=10431"},{"taxonomy":"post_tag","embeddable":true,"href":"https:\/\/arastirma.disk.org.tr\/index.php?rest_route=%2Fwp%2Fv2%2Ftags&post=10431"}],"curies":[{"name":"wp","href":"https:\/\/api.w.org\/{rel}","templated":true}]}}