{"id":10453,"date":"2023-10-10T12:01:01","date_gmt":"2023-10-10T09:01:01","guid":{"rendered":"https:\/\/arastirma.disk.org.tr\/?p=10453"},"modified":"2024-04-19T11:37:05","modified_gmt":"2024-04-19T08:37:05","slug":"son-1-yilda-genis-tanimli-issiz-sayisi-14-milyon-artti","status":"publish","type":"post","link":"https:\/\/arastirma.disk.org.tr\/?p=10453","title":{"rendered":"Son 1 y\u0131lda geni\u015f tan\u0131ml\u0131 i\u015fsiz say\u0131s\u0131 1,4 milyon artt\u0131!"},"content":{"rendered":"<h4 style=\"text-align: center;\">D\u0130SK-AR \u0130\u015fsizlik ve \u0130stihdam\u0131n G\u00f6r\u00fcn\u00fcm\u00fc Raporu (Ekim 2023) Yay\u0131mland\u0131!<\/h4>\n<ul>\n<li>Geni\u015f tan\u0131ml\u0131 i\u015fsizlik oran\u0131 y\u00fczde 23!<\/li>\n<li>T\u00dc\u0130K\u2019e g\u00f6re dar tan\u0131ml\u0131 i\u015fsiz say\u0131s\u0131 3,2 milyon!<\/li>\n<li>Resmi i\u015fsizlerin y\u00fczde 88,4\u2019\u00fc i\u015fsizlik \u00f6dene\u011fi alam\u0131yor!<\/li>\n<li>Geni\u015f tan\u0131ml\u0131 kad\u0131n i\u015fsizli\u011fi y\u00fczde 31!<\/li>\n<\/ul>\n<p>T\u00dc\u0130K\u2019in A\u011fustos 2023 Hanehalk\u0131 \u0130\u015fg\u00fcc\u00fc Ara\u015ft\u0131rmas\u0131 (H\u0130A) sonu\u00e7lar\u0131 10 Ekim 2023\u2019te yay\u0131mland\u0131. <strong>Mevsim etkisinden ar\u0131nd\u0131r\u0131lm\u0131\u015f dar tan\u0131ml\u0131 i\u015fsizlik oran\u0131 y\u00fczde 9,2,<\/strong> <strong>mevsim etkisinden ar\u0131nd\u0131r\u0131lm\u0131\u015f geni\u015f tan\u0131ml\u0131 i\u015fsizlik oran\u0131 (\u00e2t\u0131l i\u015fg\u00fcc\u00fc) ise y\u00fczde 23 seviyesinde<\/strong> ger\u00e7ekle\u015fti. T\u00dc\u0130K\u2019e g\u00f6re T\u00fcrkiye genelinde 15 ve daha yukar\u0131 ya\u015ftaki ki\u015filerde <strong>dar tan\u0131ml\u0131<\/strong> <strong>i\u015fsiz say\u0131s\u0131 (mevsim etkisinden ar\u0131nd\u0131r\u0131lm\u0131\u015f) 2023 A\u011fustos <\/strong>ay\u0131nda <strong>3 milyon 223 bin <\/strong>oldu.<\/p>\n<p>D\u0130SK-AR taraf\u0131ndan T\u00dc\u0130K verilerinden yararlanarak yap\u0131lan hesaplamaya g\u00f6re\u00a0<b>mevsim etkisinden ar\u0131nd\u0131r\u0131lm\u0131\u015f geni\u015f tan\u0131ml\u0131 i\u015fsiz say\u0131s\u0131\u00a0<\/b>ise\u00a0<b>A\u011fustos 2023\u2019te 8 milyon 839 bin ki\u015fi\u00a0<\/b>olarak ger\u00e7ekle\u015fti. T\u00dc\u0130K\u2019e g\u00f6re pandemi \u00f6ncesinde, 2019 A\u011fustos\u2019ta y\u00fczde 14,1 olan dar tan\u0131ml\u0131 i\u015fsizlik A\u011fustos 2023\u2019te y\u00fczde 9,2 olarak ger\u00e7ekle\u015fti. Ancak ayn\u0131 y\u0131llarda geni\u015f tan\u0131ml\u0131 i\u015fsizlik y\u00fczde 19,2\u2019den y\u00fczde 23\u2019e y\u00fckseldi. Son 1 y\u0131lda geni\u015f tan\u0131ml\u0131 i\u015fsiz say\u0131s\u0131 yakla\u015f\u0131k 1 milyon 433 bin artarak 7,4 milyondan 8,8 milyona y\u00fckseldi. Covid-19 salg\u0131n\u0131 sonras\u0131 geni\u015f tan\u0131ml\u0131 i\u015fsizlik oran\u0131 3,8 puan, geni\u015f tan\u0131ml\u0131 i\u015fsiz say\u0131s\u0131 ise 2 milyon 234 bin ki\u015fi artt\u0131.<\/p>\n<p><em>Rapora eri\u015fmek i\u00e7in g\u00f6rsele t\u0131klay\u0131n\u0131z.<\/em><\/p>\n<p><a href=\"http:\/\/arastirma.disk.org.tr\/wp-content\/uploads\/2023\/10\/ISSIZLIK-VE-ISTIHDAMIN-GORUNUMU-Ekim-2023.pdf\"><img fetchpriority=\"high\" decoding=\"async\" class=\"aligncenter size-full wp-image-10457\" src=\"http:\/\/arastirma.disk.org.tr\/wp-content\/uploads\/2023\/10\/Ekran-Resmi-2023-10-10-11.57.07.png\" alt=\"\" width=\"651\" height=\"905\" srcset=\"https:\/\/arastirma.disk.org.tr\/wp-content\/uploads\/2023\/10\/Ekran-Resmi-2023-10-10-11.57.07.png 651w, https:\/\/arastirma.disk.org.tr\/wp-content\/uploads\/2023\/10\/Ekran-Resmi-2023-10-10-11.57.07-216x300.png 216w\" sizes=\"(max-width: 651px) 100vw, 651px\" \/><\/a><\/p>\n<p>&nbsp;<\/p>\n","protected":false},"excerpt":{"rendered":"<p>D\u0130SK-AR \u0130\u015fsizlik ve \u0130stihdam\u0131n G\u00f6r\u00fcn\u00fcm\u00fc Raporu (Ekim 2023) Yay\u0131mland\u0131! Geni\u015f tan\u0131ml\u0131 i\u015fsizlik oran\u0131 y\u00fczde 23! T\u00dc\u0130K\u2019e g\u00f6re dar tan\u0131ml\u0131 i\u015fsiz say\u0131s\u0131 3,2 milyon! Resmi i\u015fsizlerin&#8230;<\/p>\n","protected":false},"author":3,"featured_media":10342,"comment_status":"closed","ping_status":"closed","sticky":false,"template":"template-c-s2-post.php","format":"standard","meta":{"footnotes":""},"categories":[3,6,11,278],"tags":[49,120,39],"class_list":["post-10453","post","type-post","status-publish","format-standard","has-post-thumbnail","hentry","category-arastirma","category-guncel","category-issizlik","category-manset","tag-genis-tanimli-issizlik","tag-kadin-issizligi","tag-tuik","wpcat-3-id","wpcat-6-id","wpcat-11-id","wpcat-278-id"],"_links":{"self":[{"href":"https:\/\/arastirma.disk.org.tr\/index.php?rest_route=\/wp\/v2\/posts\/10453","targetHints":{"allow":["GET"]}}],"collection":[{"href":"https:\/\/arastirma.disk.org.tr\/index.php?rest_route=\/wp\/v2\/posts"}],"about":[{"href":"https:\/\/arastirma.disk.org.tr\/index.php?rest_route=\/wp\/v2\/types\/post"}],"author":[{"embeddable":true,"href":"https:\/\/arastirma.disk.org.tr\/index.php?rest_route=\/wp\/v2\/users\/3"}],"replies":[{"embeddable":true,"href":"https:\/\/arastirma.disk.org.tr\/index.php?rest_route=%2Fwp%2Fv2%2Fcomments&post=10453"}],"version-history":[{"count":4,"href":"https:\/\/arastirma.disk.org.tr\/index.php?rest_route=\/wp\/v2\/posts\/10453\/revisions"}],"predecessor-version":[{"id":10460,"href":"https:\/\/arastirma.disk.org.tr\/index.php?rest_route=\/wp\/v2\/posts\/10453\/revisions\/10460"}],"wp:featuredmedia":[{"embeddable":true,"href":"https:\/\/arastirma.disk.org.tr\/index.php?rest_route=\/wp\/v2\/media\/10342"}],"wp:attachment":[{"href":"https:\/\/arastirma.disk.org.tr\/index.php?rest_route=%2Fwp%2Fv2%2Fmedia&parent=10453"}],"wp:term":[{"taxonomy":"category","embeddable":true,"href":"https:\/\/arastirma.disk.org.tr\/index.php?rest_route=%2Fwp%2Fv2%2Fcategories&post=10453"},{"taxonomy":"post_tag","embeddable":true,"href":"https:\/\/arastirma.disk.org.tr\/index.php?rest_route=%2Fwp%2Fv2%2Ftags&post=10453"}],"curies":[{"name":"wp","href":"https:\/\/api.w.org\/{rel}","templated":true}]}}