{"id":10575,"date":"2023-11-10T11:32:28","date_gmt":"2023-11-10T08:32:28","guid":{"rendered":"https:\/\/arastirma.disk.org.tr\/?p=10575"},"modified":"2024-04-19T11:36:49","modified_gmt":"2024-04-19T08:36:49","slug":"issizlik-dusuyor-iddialari-dogru-degil","status":"publish","type":"post","link":"https:\/\/arastirma.disk.org.tr\/?p=10575","title":{"rendered":"&#8220;\u0130\u015fsizlik d\u00fc\u015f\u00fcyor&#8221; iddialar\u0131 do\u011fru de\u011fil!"},"content":{"rendered":"<p style=\"text-align: center;\"><strong>D\u0130SK-AR \u0130\u015fsizlik ve \u0130stihdam\u0131n G\u00f6r\u00fcn\u00fcm\u00fc Raporu Yay\u0131mland\u0131!<\/strong><\/p>\n<ul>\n<li>Geni\u015f tan\u0131ml\u0131 i\u015fsizlik oran\u0131 son bir y\u0131lda y\u00fczde 20,3\u2019ten 21,8\u2019e y\u00fckseldi!<\/li>\n<li>Geni\u015f tan\u0131ml\u0131 i\u015fsiz say\u0131s\u0131 son bir y\u0131lda 7,5 milyondan 8,3 milyona y\u00fckseldi!<\/li>\n<li>T\u00dc\u0130K\u2019e g\u00f6re dar tan\u0131ml\u0131 i\u015fsiz say\u0131s\u0131 3,2 milyona d\u00fc\u015ft\u00fc!<\/li>\n<li>Resmi i\u015fsizlerin y\u00fczde 88,1\u2019i i\u015fsizlik \u00f6dene\u011fi alam\u0131yor!<\/li>\n<li>Geni\u015f tan\u0131ml\u0131 kad\u0131n i\u015fsizli\u011fi y\u00fczde 29,9!<\/li>\n<\/ul>\n<p><a href=\"http:\/\/arastirma.disk.org.tr\/wp-content\/uploads\/2023\/11\/ISSIZLIK-VE-ISTIHDAMIN-GORUNUMU-Kasim-2023.pdf\">Rapora eri\u015fmek i\u00e7in t\u0131klay\u0131n\u0131z.<\/a><\/p>\n<p>T\u00dc\u0130K\u2019in Eyl\u00fcl 2023 Hanehalk\u0131 \u0130\u015fg\u00fcc\u00fc Ara\u015ft\u0131rmas\u0131 (H\u0130A) sonu\u00e7lar\u0131 10 Kas\u0131m 2023\u2019te yay\u0131mland\u0131. Mevsim etkisinden ar\u0131nd\u0131r\u0131lm\u0131\u015f dar tan\u0131ml\u0131 i\u015fsizlik oran\u0131 y\u00fczde 9,1, mevsim etkisinden ar\u0131nd\u0131r\u0131lm\u0131\u015f geni\u015f tan\u0131ml\u0131 i\u015fsizlik oran\u0131 (\u00e2t\u0131l i\u015fg\u00fcc\u00fc) ise y\u00fczde 21,8 seviyesinde ger\u00e7ekle\u015fti. T\u00dc\u0130K\u2019e g\u00f6re T\u00fcrkiye genelinde 15 ve daha yukar\u0131 ya\u015ftaki ki\u015filerde dar tan\u0131ml\u0131 i\u015fsiz say\u0131s\u0131 (mevsim etkisinden ar\u0131nd\u0131r\u0131lm\u0131\u015f) 2023 Eyl\u00fcl ay\u0131nda 3 milyon 168 bin oldu.<\/p>\n<p>D\u0130SK-AR taraf\u0131ndan T\u00dc\u0130K verilerinden yararlanarak yap\u0131lan hesaplamaya g\u00f6re mevsim etkisinden ar\u0131nd\u0131r\u0131lm\u0131\u015f geni\u015f tan\u0131ml\u0131 i\u015fsiz say\u0131s\u0131 ise Eyl\u00fcl 2023\u2019te 8 milyon 273 bin ki\u015fi olarak ger\u00e7ekle\u015fti. T\u00dc\u0130K\u2019e g\u00f6re pandemi \u00f6ncesinde, 2019 Eyl\u00fcl\u2019de y\u00fczde 14,1 olan dar tan\u0131ml\u0131 i\u015fsizlik Eyl\u00fcl 2023\u2019te y\u00fczde 9,1 olarak ger\u00e7ekle\u015fti. Ancak ayn\u0131 y\u0131llarda geni\u015f tan\u0131ml\u0131 i\u015fsizlik y\u00fczde 19\u2019dan y\u00fczde 21,8\u2019e y\u00fckseldi. Son 1 y\u0131lda geni\u015f tan\u0131ml\u0131 i\u015fsiz say\u0131s\u0131 723 bin artarak 7,6 milyondan 8,3 milyona y\u00fckseldi. Covid-19 salg\u0131n\u0131 sonras\u0131 geni\u015f tan\u0131ml\u0131 i\u015fsizlik oran\u0131 2,8 puan, geni\u015f tan\u0131ml\u0131 i\u015fsiz say\u0131s\u0131 ise 1 milyon 883 bin ki\u015fi artt\u0131.<\/p>\n<p>\u00d6te yandan i\u015fsizlik \u00f6dene\u011finden yararlanma ko\u015fullar\u0131n\u0131n a\u011f\u0131r olmas\u0131 ve i\u015fsizlik sigortas\u0131 kaynaklar\u0131n\u0131n amac\u0131 d\u0131\u015f\u0131nda kullan\u0131lmas\u0131 sebebiyle i\u015fsizlerin b\u00fcy\u00fck \u00e7o\u011funlu\u011fu i\u015fsizlik \u00f6dene\u011finden yararlanam\u0131yor. Eyl\u00fcl 2023\u2019te T\u00dc\u0130K toplam dar tan\u0131ml\u0131 i\u015fsiz say\u0131s\u0131n\u0131 3 milyon 168 bin ki\u015fi olarak a\u00e7\u0131klad\u0131. \u0130\u015eKUR\u2019un Eyl\u00fcl 2023 verilerine g\u00f6re ise bu ayda i\u015fsizlik \u00f6dene\u011fi alabilenlerin say\u0131s\u0131 377 bin 581\u2019dir. B\u00f6ylece Eyl\u00fcl 2023\u2019te resmi i\u015fsizlerin sadece y\u00fczde 11,9\u2019u i\u015fsizlik \u00f6dene\u011fi alabildi. 2,8 milyona yak\u0131n i\u015fsiz i\u015fsizlik \u00f6dene\u011finden yoksun kald\u0131. Bu da i\u015fsizlerin y\u00fczde 88,1\u2019inin i\u015fsizlik \u00f6dene\u011fi alamad\u0131\u011f\u0131 anlam\u0131na geliyor.<\/p>\n<p style=\"font-weight: 400;\">Eyl\u00fcl 2023 mevsim etkisinden ar\u0131nd\u0131r\u0131lm\u0131\u015f H\u0130A verilerine g\u00f6re i\u015fsizlik t\u00fcrlerinin en y\u00fcksek oldu\u011fu kategori y\u00fczde 29,9 ile geni\u015f tan\u0131ml\u0131 kad\u0131n i\u015fsizli\u011fi olmaya devam ediyor. \u0130kinci y\u00fcksek i\u015fsizlik kategorisi y\u00fczde 22 ile gen\u00e7 kad\u0131n i\u015fsizli\u011fidir. Eyl\u00fcl 2023\u2019te \u00fc\u00e7\u00fcnc\u00fc en y\u00fcksek i\u015fsizlik kategorisi ise y\u00fczde 21,8 ile geni\u015f tan\u0131ml\u0131 i\u015fsizlik oldu.<\/p>\n<p style=\"font-weight: 400;\">Eyl\u00fcl 2023\u2019te dar ve geni\u015f tan\u0131ml\u0131 i\u015fsizlik oran\u0131 aras\u0131ndaki makas 12,7 puan oldu. Dar ve geni\u015f i\u015fsizlik aras\u0131ndaki makas\u0131n bu denli a\u00e7\u0131lmas\u0131n\u0131n en \u00f6nemli nedeni zamana ba\u011fl\u0131 eksik istihdam say\u0131s\u0131, \u00fcmidini kaybedenlerin, i\u015f aramay\u0131p \u00e7al\u0131\u015fmaya haz\u0131r olanlar\u0131n ve i\u015f aray\u0131p i\u015fba\u015f\u0131 yapamayacak olanlar\u0131n say\u0131s\u0131ndaki art\u0131\u015ft\u0131r.<\/p>\n","protected":false},"excerpt":{"rendered":"<p>D\u0130SK-AR \u0130\u015fsizlik ve \u0130stihdam\u0131n G\u00f6r\u00fcn\u00fcm\u00fc Raporu Yay\u0131mland\u0131! Geni\u015f tan\u0131ml\u0131 i\u015fsizlik oran\u0131 son bir y\u0131lda y\u00fczde 20,3\u2019ten 21,8\u2019e y\u00fckseldi! Geni\u015f tan\u0131ml\u0131 i\u015fsiz say\u0131s\u0131 son bir y\u0131lda&#8230;<\/p>\n","protected":false},"author":3,"featured_media":141,"comment_status":"closed","ping_status":"closed","sticky":false,"template":"template-c-s2-post.php","format":"standard","meta":{"footnotes":""},"categories":[6,11,278],"tags":[408,454,39],"class_list":["post-10575","post","type-post","status-publish","format-standard","has-post-thumbnail","hentry","category-guncel","category-issizlik","category-manset","tag-issizlik-raporu","tag-issizlik-ve-istihdamin-gorunumu-kasim-2023","tag-tuik","wpcat-6-id","wpcat-11-id","wpcat-278-id"],"_links":{"self":[{"href":"https:\/\/arastirma.disk.org.tr\/index.php?rest_route=\/wp\/v2\/posts\/10575","targetHints":{"allow":["GET"]}}],"collection":[{"href":"https:\/\/arastirma.disk.org.tr\/index.php?rest_route=\/wp\/v2\/posts"}],"about":[{"href":"https:\/\/arastirma.disk.org.tr\/index.php?rest_route=\/wp\/v2\/types\/post"}],"author":[{"embeddable":true,"href":"https:\/\/arastirma.disk.org.tr\/index.php?rest_route=\/wp\/v2\/users\/3"}],"replies":[{"embeddable":true,"href":"https:\/\/arastirma.disk.org.tr\/index.php?rest_route=%2Fwp%2Fv2%2Fcomments&post=10575"}],"version-history":[{"count":2,"href":"https:\/\/arastirma.disk.org.tr\/index.php?rest_route=\/wp\/v2\/posts\/10575\/revisions"}],"predecessor-version":[{"id":10578,"href":"https:\/\/arastirma.disk.org.tr\/index.php?rest_route=\/wp\/v2\/posts\/10575\/revisions\/10578"}],"wp:featuredmedia":[{"embeddable":true,"href":"https:\/\/arastirma.disk.org.tr\/index.php?rest_route=\/wp\/v2\/media\/141"}],"wp:attachment":[{"href":"https:\/\/arastirma.disk.org.tr\/index.php?rest_route=%2Fwp%2Fv2%2Fmedia&parent=10575"}],"wp:term":[{"taxonomy":"category","embeddable":true,"href":"https:\/\/arastirma.disk.org.tr\/index.php?rest_route=%2Fwp%2Fv2%2Fcategories&post=10575"},{"taxonomy":"post_tag","embeddable":true,"href":"https:\/\/arastirma.disk.org.tr\/index.php?rest_route=%2Fwp%2Fv2%2Ftags&post=10575"}],"curies":[{"name":"wp","href":"https:\/\/api.w.org\/{rel}","templated":true}]}}