{"id":10658,"date":"2023-12-11T12:02:37","date_gmt":"2023-12-11T09:02:37","guid":{"rendered":"https:\/\/arastirma.disk.org.tr\/?p=10658"},"modified":"2024-04-19T11:36:49","modified_gmt":"2024-04-19T08:36:49","slug":"resmi-issizlik-verileri-gercegi-yansitmiyor-gercek-issiz-sayisi-29-milyon-degil-81-milyon","status":"publish","type":"post","link":"https:\/\/arastirma.disk.org.tr\/?p=10658","title":{"rendered":"Resmi i\u015f\u015fizlik verileri ger\u00e7e\u011fi yans\u0131tm\u0131yor: ger\u00e7ek i\u015fsiz say\u0131s\u0131 2,9 milyon de\u011fil 8,1 milyon!"},"content":{"rendered":"<p style=\"text-align: center;\"><strong>D\u0130SK-AR \u0130\u015fsizlik ve \u0130stihdam\u0131n G\u00f6r\u00fcn\u00fcm\u00fc Raporu (Ekim 2023) Yay\u0131mland\u0131!<\/strong><\/p>\n<ul>\n<li>Ger\u00e7ek i\u015fsiz say\u0131s\u0131 2,9 milyon de\u011fil, 8,1 milyon!<\/li>\n<li>T\u00dc\u0130K\u2019e g\u00f6re dar tan\u0131ml\u0131 i\u015fsizlik oran\u0131 y\u00fczde 8,5\u2019e d\u00fc\u015ft\u00fc!<\/li>\n<li>Ger\u00e7ek i\u015fsizlik oran\u0131 y\u00fczde 21,3!<\/li>\n<li>Dar ve geni\u015f tan\u0131ml\u0131 i\u015fsizlik aras\u0131ndaki puan fark\u0131 12,8!<\/li>\n<li>Geni\u015f tan\u0131ml\u0131 kad\u0131n i\u015fsizli\u011fi y\u00fczde 29,3!<\/li>\n<\/ul>\n<p><a href=\"http:\/\/arastirma.disk.org.tr\/wp-content\/uploads\/2023\/12\/ISSIZLIK-VE-ISTIHDAMIN-GORUNUMU-Aralik-2023.pdf\">Rapora ula\u015fmak i\u00e7in t\u0131klay\u0131n\u0131z.<\/a><\/p>\n<p><b>Mevsim etkisinden ar\u0131nd\u0131r\u0131lm\u0131\u015f dar tan\u0131ml\u0131 i\u015fsizlik oran\u0131 y\u00fczde 8,5,\u00a0<\/b><b>mevsim etkisinden ar\u0131nd\u0131r\u0131lm\u0131\u015f geni\u015f tan\u0131ml\u0131 i\u015fsizlik oran\u0131 (\u00e2t\u0131l i\u015fg\u00fcc\u00fc) ise y\u00fczde 21,3 seviyesinde\u00a0<\/b>ger\u00e7ekle\u015fti. T\u00dc\u0130K\u2019e g\u00f6re T\u00fcrkiye genelinde 15 ve daha yukar\u0131 ya\u015ftaki ki\u015filerde\u00a0<b>dar tan\u0131ml\u0131\u00a0<\/b><b>i\u015fsiz say\u0131s\u0131 (mevsim etkisinden ar\u0131nd\u0131r\u0131lm\u0131\u015f) 2023 Ekim <\/b>ay\u0131nda\u00a0<b>2 milyon 961 bin <\/b>oldu. Bu veri ger\u00e7e\u011fi yans\u0131tm\u0131yor. Ger\u00e7ek i\u015fsiz say\u0131s\u0131 8,1 milyondur. T\u00dc\u0130K&#8217;in dar tan\u0131ml\u0131 i\u015fsiz say\u0131s\u0131 ile geni\u015f tan\u0131ml\u0131 i\u015fsiz say\u0131s\u0131 aras\u0131ndaki puan fark\u0131 13&#8217;t\u00fcr.\u00a0<b>Dar ve geni\u015f i\u015fsizlik aras\u0131ndaki makas\u0131n bu denli a\u00e7\u0131lmas\u0131n\u0131n en \u00f6nemli nedeni zamana ba\u011fl\u0131 eksik istihdam say\u0131s\u0131, \u00fcmidini kaybedenlerin, i\u015f aramay\u0131p \u00e7al\u0131\u015fmaya haz\u0131r olanlar\u0131n ve i\u015f aray\u0131p i\u015fba\u015f\u0131 yapamayacak olanlar\u0131n say\u0131s\u0131ndaki art\u0131\u015ft\u0131r. B\u00f6ylece dar tan\u0131ml\u0131 i\u015fsizlik s\u0131n\u0131rl\u0131 kal\u0131rken geni\u015f tan\u0131ml\u0131 i\u015fsizlik aras\u0131ndaki fark a\u00e7\u0131lmaktad\u0131r.<\/b><\/p>\n<p>Ekim 2023 d\u00f6neminde mevsim etkisinden ar\u0131nd\u0131r\u0131lm\u0131\u015f (MEA) dar tan\u0131ml\u0131 i\u015fsizlik (i\u015fsizlik 1) y\u00fczde 8,5 olarak a\u00e7\u0131klan\u0131rken zamana ba\u011fl\u0131 eksik istihdam ile i\u015fsizlerin b\u00fct\u00fcnle\u015fik oran\u0131 (i\u015fsizlik 2) y\u00fczde 13,7; i\u015fsiz ve potansiyel i\u015fg\u00fcc\u00fcn\u00fcn b\u00fct\u00fcnle\u015fik oran\u0131 (i\u015fsizlik 3) y\u00fczde 16,6 ve\u00a0<b>\u00e2t\u0131l i\u015fg\u00fcc\u00fc oran\u0131 (i\u015fsizlik 4, geni\u015f tan\u0131ml\u0131 i\u015fsizlik) ise y\u00fczde 21,3 <\/b>olarak a\u00e7\u0131kland\u0131.\u00a0Ekim 2019\u2019da 298 bin olan zamana ba\u011fl\u0131 eksik istihdam (MEA olarak) say\u0131s\u0131, Ekim 2023\u2019te 1 milyon 806 bin ki\u015fiye y\u00fckseldi. Ekim 2019\u2019da 1 milyon 744 bin olan potansiyel i\u015fg\u00fcc\u00fc say\u0131s\u0131 ise Ekim 2023\u2019te 3 milyon 375 bine y\u00fckseldi.\u00a0T\u00dc\u0130K\u2019in \u00e2t\u0131l i\u015fg\u00fcc\u00fc oran\u0131ndan hareketle yapt\u0131\u011f\u0131m\u0131z hesaplamaya g\u00f6re <strong>mevsim etkisinden ar\u0131nd\u0131r\u0131lm\u0131\u015f geni\u015f tan\u0131ml\u0131 i\u015fsiz say\u0131s\u0131<\/strong> Ekim 2023\u2019te <strong>8 milyon 143 bin <\/strong>olarak ger\u00e7ekle\u015fti.<\/p>\n<p>&nbsp;<\/p>\n<p><a href=\"http:\/\/arastirma.disk.org.tr\/wp-content\/uploads\/2023\/12\/ISSIZLIK-VE-ISTIHDAMIN-GORUNUMU-Aralik-2023.pdf\"><img fetchpriority=\"high\" decoding=\"async\" class=\"aligncenter size-full wp-image-10672\" src=\"http:\/\/arastirma.disk.org.tr\/wp-content\/uploads\/2023\/12\/Ekran-Resmi-2023-12-11-12.01.15.png\" alt=\"\" width=\"850\" height=\"958\" srcset=\"https:\/\/arastirma.disk.org.tr\/wp-content\/uploads\/2023\/12\/Ekran-Resmi-2023-12-11-12.01.15.png 850w, https:\/\/arastirma.disk.org.tr\/wp-content\/uploads\/2023\/12\/Ekran-Resmi-2023-12-11-12.01.15-266x300.png 266w, https:\/\/arastirma.disk.org.tr\/wp-content\/uploads\/2023\/12\/Ekran-Resmi-2023-12-11-12.01.15-768x866.png 768w\" sizes=\"(max-width: 850px) 100vw, 850px\" \/><\/a><\/p>\n","protected":false},"excerpt":{"rendered":"<p>D\u0130SK-AR \u0130\u015fsizlik ve \u0130stihdam\u0131n G\u00f6r\u00fcn\u00fcm\u00fc Raporu (Ekim 2023) Yay\u0131mland\u0131! Ger\u00e7ek i\u015fsiz say\u0131s\u0131 2,9 milyon de\u011fil, 8,1 milyon! T\u00dc\u0130K\u2019e g\u00f6re dar tan\u0131ml\u0131 i\u015fsizlik oran\u0131 y\u00fczde 8,5\u2019e&#8230;<\/p>\n","protected":false},"author":3,"featured_media":10592,"comment_status":"closed","ping_status":"closed","sticky":false,"template":"template-c-s2-post.php","format":"standard","meta":{"footnotes":""},"categories":[3,6,11,278],"tags":[49,120,287],"class_list":["post-10658","post","type-post","status-publish","format-standard","has-post-thumbnail","hentry","category-arastirma","category-guncel","category-issizlik","category-manset","tag-genis-tanimli-issizlik","tag-kadin-issizligi","tag-tuik-hia","wpcat-3-id","wpcat-6-id","wpcat-11-id","wpcat-278-id"],"_links":{"self":[{"href":"https:\/\/arastirma.disk.org.tr\/index.php?rest_route=\/wp\/v2\/posts\/10658","targetHints":{"allow":["GET"]}}],"collection":[{"href":"https:\/\/arastirma.disk.org.tr\/index.php?rest_route=\/wp\/v2\/posts"}],"about":[{"href":"https:\/\/arastirma.disk.org.tr\/index.php?rest_route=\/wp\/v2\/types\/post"}],"author":[{"embeddable":true,"href":"https:\/\/arastirma.disk.org.tr\/index.php?rest_route=\/wp\/v2\/users\/3"}],"replies":[{"embeddable":true,"href":"https:\/\/arastirma.disk.org.tr\/index.php?rest_route=%2Fwp%2Fv2%2Fcomments&post=10658"}],"version-history":[{"count":13,"href":"https:\/\/arastirma.disk.org.tr\/index.php?rest_route=\/wp\/v2\/posts\/10658\/revisions"}],"predecessor-version":[{"id":10674,"href":"https:\/\/arastirma.disk.org.tr\/index.php?rest_route=\/wp\/v2\/posts\/10658\/revisions\/10674"}],"wp:featuredmedia":[{"embeddable":true,"href":"https:\/\/arastirma.disk.org.tr\/index.php?rest_route=\/wp\/v2\/media\/10592"}],"wp:attachment":[{"href":"https:\/\/arastirma.disk.org.tr\/index.php?rest_route=%2Fwp%2Fv2%2Fmedia&parent=10658"}],"wp:term":[{"taxonomy":"category","embeddable":true,"href":"https:\/\/arastirma.disk.org.tr\/index.php?rest_route=%2Fwp%2Fv2%2Fcategories&post=10658"},{"taxonomy":"post_tag","embeddable":true,"href":"https:\/\/arastirma.disk.org.tr\/index.php?rest_route=%2Fwp%2Fv2%2Ftags&post=10658"}],"curies":[{"name":"wp","href":"https:\/\/api.w.org\/{rel}","templated":true}]}}