{"id":11042,"date":"2024-03-23T12:00:04","date_gmt":"2024-03-23T09:00:04","guid":{"rendered":"https:\/\/arastirma.disk.org.tr\/?p=11042"},"modified":"2024-04-19T11:36:18","modified_gmt":"2024-04-19T08:36:18","slug":"avrupada-ve-turkiyede-emeklilerin-durumu-emekli-ayliklari-emekli-sayilari-ve-emeklilere-ayrilan-kaynaklar","status":"publish","type":"post","link":"https:\/\/arastirma.disk.org.tr\/?p=11042","title":{"rendered":"Avrupa&#8217;da ve T\u00fcrkiye&#8217;de Emeklilerin Durumu! Yeni ara\u015ft\u0131rmam\u0131z yay\u0131mland\u0131!"},"content":{"rendered":"<p>D\u0130SK-AR&#8217;\u0131n <strong>Avrupa&#8217;da ve T\u00fcrkiye&#8217;de Emeklilerin Durumu<\/strong> ba\u015fl\u0131kl\u0131 yeni ara\u015ft\u0131rmas\u0131 yay\u0131mlad\u0131.<\/p>\n<p style=\"font-weight: 400;\">\u201cAvrupa\u2019da ve T\u00fcrkiye\u2019de Emeklilerin Durumu\u201d adl\u0131 ara\u015ft\u0131rma T\u00fcrkiye ile Avrupa \u00fclkelerinde emeklilerin durumunu kar\u015f\u0131la\u015ft\u0131rmal\u0131 olarak ele almay\u0131 ama\u00e7l\u0131yor.<\/p>\n<p><a href=\"http:\/\/arastirma.disk.org.tr\/wp-content\/uploads\/2024\/03\/Avrupada-ve-Turkiyede-Emekliler-Rapor-Mart-2024-Son-Rev.pdf\"><img fetchpriority=\"high\" decoding=\"async\" class=\"aligncenter wp-image-11050\" src=\"http:\/\/arastirma.disk.org.tr\/wp-content\/uploads\/2024\/03\/one-cikan-1-1024x767.jpeg\" alt=\"\" width=\"804\" height=\"602\" srcset=\"https:\/\/arastirma.disk.org.tr\/wp-content\/uploads\/2024\/03\/one-cikan-1-1024x767.jpeg 1024w, https:\/\/arastirma.disk.org.tr\/wp-content\/uploads\/2024\/03\/one-cikan-1-300x225.jpeg 300w, https:\/\/arastirma.disk.org.tr\/wp-content\/uploads\/2024\/03\/one-cikan-1-768x576.jpeg 768w, https:\/\/arastirma.disk.org.tr\/wp-content\/uploads\/2024\/03\/one-cikan-1-1536x1151.jpeg 1536w, https:\/\/arastirma.disk.org.tr\/wp-content\/uploads\/2024\/03\/one-cikan-1-480x360.jpeg 480w, https:\/\/arastirma.disk.org.tr\/wp-content\/uploads\/2024\/03\/one-cikan-1.jpeg 1600w\" sizes=\"(max-width: 804px) 100vw, 804px\" \/><\/a><\/p>\n<p style=\"font-weight: 400;\"><a href=\"http:\/\/arastirma.disk.org.tr\/wp-content\/uploads\/2024\/03\/Avrupada-ve-Turkiyede-Emekliler-Rapor-Mart-2024-Son-Rev.pdf\">Ara\u015ft\u0131rmaya eri\u015fmek i\u00e7in g\u00f6rseli t\u0131klay\u0131n\u0131z.<\/a><\/p>\n<p style=\"font-weight: 400;\">Bu ara\u015ft\u0131rmada Avrupa \u0130statistik Ofisi\u2019nin (Eurostat) sosyal koruma harcamalar\u0131 istatistiklerinden yararlanarak Avrupa \u00fclkelerinde ve T\u00fcrkiye\u2019de emeklilerin say\u0131s\u0131, emekli ayl\u0131klar\u0131n\u0131n durumu ve emeklilere ayr\u0131lan kaynaklar, \u00fclkelere g\u00f6re asgari \u00fccret ile emekli ayl\u0131klar\u0131, Avrupa \u00fclkelerinin ve T\u00fcrkiye\u2019nin aktif\/pasif sigortal\u0131 oran\u0131 ve Gayrisafi Yurti\u00e7i Has\u0131la (GSYH) i\u00e7inde emekli ayl\u0131klar\u0131n\u0131n pay\u0131 kar\u015f\u0131la\u015ft\u0131rmal\u0131 olarak yer almaktad\u0131r.<\/p>\n<p style=\"font-weight: 400;\">ra\u015ft\u0131rmada ayr\u0131ca T\u00fcrkiye\u2019de pasif sigortal\u0131lar\u0131n da\u011f\u0131l\u0131m\u0131, emekli ayl\u0131klar\u0131n\u0131n 2002\u2019den bu yana geli\u015fimi ile asgari \u00fccret ve GSYH kar\u015f\u0131s\u0131ndaki durumu, SGK\u2019nin mali durumu ve AKP d\u00f6neminde yap\u0131lan yasa de\u011fi\u015fiklikleri ile emeklilerin kay\u0131plar\u0131 da ele al\u0131nmaktad\u0131r.<\/p>\n<p>Sosyal g\u00fcvenlik hakk\u0131n\u0131n ayr\u0131lmaz bir par\u00e7as\u0131 olan emeklilik, Anayasa ve uluslararas\u0131 s\u00f6zle\u015fmelerle g\u00fcvence alt\u0131na al\u0131nm\u0131\u015f temel bir insan ve yurtta\u015f hakk\u0131d\u0131r. Emekliler hak sahipleriyle birlikte T\u00fcrkiye\u2019nin en \u00f6nemli toplumsal gruplar\u0131ndan birini olu\u015fturuyor. Ancak milyonlar\u0131 kapsayan emeklilik sisteminin sorunlar\u0131 giderek derinle\u015fiyor. Sefalet d\u00fczeyine gerileyen ayl\u0131klar, emekliler aras\u0131ndaki dengesizlikler ve emeklili\u011fe eri\u015fimde ya\u015fanan adaletsizlikler \u00fclkemizin emeklilik sisteminin ba\u015fl\u0131ca sorunlar\u0131d\u0131r.<\/p>\n<p><a href=\"http:\/\/arastirma.disk.org.tr\/wp-content\/uploads\/2024\/03\/Avrupada-ve-Turkiyede-Emekliler-Rapor-Mart-2024-Son-Rev.pdf\">Ara\u015ft\u0131rmaya eri\u015fmek i\u00e7in t\u0131klay\u0131n\u0131z.<\/a><\/p>\n<p>D\u0130SK-AR taraf\u0131ndan haz\u0131rlanan ve 23 Mart 2024&#8217;te kamuoyuyla payla\u015f\u0131lan &#8220;Avrupa&#8217;da ve T\u00fcrkiye&#8217;de Emeklilerin Durumu&#8221; isimli ara\u015ft\u0131rmadan \u00f6zet bulgular \u015f\u00f6yle:<\/p>\n<ul>\n<li>T\u00fcrkiye\u2019de ortalama emekli ayl\u0131\u011f\u0131 merkez Avrupa \u00fclkelerinin 6\u2019da biri: Ortalama emekli ayl\u0131\u011f\u0131 \u0130spanya\u2019da 1.417, Fransa\u2019da 1.485, Almanya\u2019da 1.552, \u0130talya\u2019da 1.582, Bel\u00e7ika\u2019da 1.717, Hollanda\u2019da 2.003 avro iken T\u00fcrkiye\u2019de 237 avro!<\/li>\n<li>Avro cinsinden emekli ayl\u0131\u011f\u0131 T\u00fcrkiye\u2019de 2012 ve 2021 aras\u0131nda y\u00fczde 33,6 azald\u0131.<\/li>\n<li>Avrupa\u2019da T\u00fcrkiye\u2019den daha d\u00fc\u015f\u00fck ayl\u0131\u011f\u0131na sahip \u00fclke say\u0131s\u0131 2012\u2019de 9 iken 2021\u2019de 1\u2019dir.<\/li>\n<li>Avrupa\u2019da 2012\u2019de T\u00fcrkiye\u2019den daha d\u00fc\u015f\u00fck ya\u015fl\u0131l\u0131k ayl\u0131\u011f\u0131na sahip 11 \u00fclke varken 2023\u2019te yaln\u0131zca 2 \u00fclke vard\u0131r.<\/li>\n<li>2012\u2019de 447 avro olan T\u00fcrkiye\u2019de ortalama ya\u015fl\u0131l\u0131k ayl\u0131\u011f\u0131, 2021\u2019de y\u00fczde 37,2 gerileyerek 281 avroya d\u00fc\u015ft\u00fc.<\/li>\n<li>Emekli ayl\u0131klar\u0131na T\u00fcrkiye\u2019de Avrupa\u2019n\u0131n yar\u0131s\u0131ndan daha az kaynak ayr\u0131l\u0131yor: Emekli \u00f6demelerinin GSYH\u2019ye oran\u0131 AB-27 ortalamas\u0131nda y\u00fczde 9,5 iken T\u00fcrkiye\u2019de y\u00fczde 4,1\u2019dir.<\/li>\n<li>T\u00fcrkiye\u2019de aktif\/pasif oran\u0131n\u0131n \u00e7ok d\u00fc\u015f\u00fck oldu\u011fu iddias\u0131 do\u011fru de\u011fildir: 2021 itibar\u0131yla Avrupa \u00fclkelerinde aktif\/pasif oran\u0131 ortalama 1,6 iken T\u00fcrkiye\u2019de bu oran 1,9\u2019dur.<\/li>\n<li>2002 y\u0131l\u0131nda T\u00fcrkiye\u2019de ortalama emekli ve hak sahibi ayl\u0131k ve geliri asgari \u00fccretin y\u00fczde 22 fazlas\u0131 iken 2023\u2019te y\u00fczde 26 alt\u0131na d\u00fc\u015ft\u00fc.<\/li>\n<li>2002\u2019de ortalama emekli ayl\u0131\u011f\u0131n\u0131n ki\u015fi ba\u015f\u0131na GSYH\u2019ye oran\u0131 y\u00fczde 46,4 iken 2024\u2019te y\u00fczde 27,7\u2019ye geriledi.<\/li>\n<li>2002 y\u0131l\u0131nda y\u00fczde 36,6 olan \u00e7al\u0131\u015fan veya i\u015f arayan emeklilerin oran\u0131 Aral\u0131k 2023\u2019te y\u00fczde 55,3\u2019e y\u00fckseldi.<\/li>\n<li>B\u00fct\u00e7ede emeklilerin pay\u0131 d\u00fc\u015f\u00fcyor: 2008-2024 aras\u0131nda SGK\u2019ye yap\u0131lan b\u00fct\u00e7e transferlerinin oran\u0131 5,2 puan azald\u0131.<\/li>\n<li>SGK\u2019de emekliler i\u00e7in yeterince kaynak var: Prim gelirlerinin emekli ayl\u0131klar\u0131n\u0131 ve sa\u011fl\u0131k \u00f6demelerini kar\u015f\u0131lama oran\u0131 2002\u2019de y\u00fczde 61 iken 2023\u2019te y\u00fczde 76,4\u2019e y\u00fckseldi.<\/li>\n<\/ul>\n","protected":false},"excerpt":{"rendered":"<p>D\u0130SK-AR&#8217;\u0131n Avrupa&#8217;da ve T\u00fcrkiye&#8217;de Emeklilerin Durumu ba\u015fl\u0131kl\u0131 yeni ara\u015ft\u0131rmas\u0131 yay\u0131mlad\u0131. \u201cAvrupa\u2019da ve T\u00fcrkiye\u2019de Emeklilerin Durumu\u201d adl\u0131 ara\u015ft\u0131rma T\u00fcrkiye ile Avrupa \u00fclkelerinde emeklilerin durumunu kar\u015f\u0131la\u015ft\u0131rmal\u0131 olarak&#8230;<\/p>\n","protected":false},"author":3,"featured_media":11050,"comment_status":"closed","ping_status":"closed","sticky":false,"template":"template-c-s2-post.php","format":"standard","meta":{"footnotes":""},"categories":[3,25,6,278],"tags":[485,486],"class_list":["post-11042","post","type-post","status-publish","format-standard","has-post-thumbnail","hentry","category-arastirma","category-emeklilik-raporlari","category-guncel","category-manset","tag-avrupada-ve-turkiyede-emeklilerin-durumu","tag-emekli-raporu-2024","wpcat-3-id","wpcat-25-id","wpcat-6-id","wpcat-278-id"],"_links":{"self":[{"href":"https:\/\/arastirma.disk.org.tr\/index.php?rest_route=\/wp\/v2\/posts\/11042","targetHints":{"allow":["GET"]}}],"collection":[{"href":"https:\/\/arastirma.disk.org.tr\/index.php?rest_route=\/wp\/v2\/posts"}],"about":[{"href":"https:\/\/arastirma.disk.org.tr\/index.php?rest_route=\/wp\/v2\/types\/post"}],"author":[{"embeddable":true,"href":"https:\/\/arastirma.disk.org.tr\/index.php?rest_route=\/wp\/v2\/users\/3"}],"replies":[{"embeddable":true,"href":"https:\/\/arastirma.disk.org.tr\/index.php?rest_route=%2Fwp%2Fv2%2Fcomments&post=11042"}],"version-history":[{"count":7,"href":"https:\/\/arastirma.disk.org.tr\/index.php?rest_route=\/wp\/v2\/posts\/11042\/revisions"}],"predecessor-version":[{"id":11053,"href":"https:\/\/arastirma.disk.org.tr\/index.php?rest_route=\/wp\/v2\/posts\/11042\/revisions\/11053"}],"wp:featuredmedia":[{"embeddable":true,"href":"https:\/\/arastirma.disk.org.tr\/index.php?rest_route=\/wp\/v2\/media\/11050"}],"wp:attachment":[{"href":"https:\/\/arastirma.disk.org.tr\/index.php?rest_route=%2Fwp%2Fv2%2Fmedia&parent=11042"}],"wp:term":[{"taxonomy":"category","embeddable":true,"href":"https:\/\/arastirma.disk.org.tr\/index.php?rest_route=%2Fwp%2Fv2%2Fcategories&post=11042"},{"taxonomy":"post_tag","embeddable":true,"href":"https:\/\/arastirma.disk.org.tr\/index.php?rest_route=%2Fwp%2Fv2%2Ftags&post=11042"}],"curies":[{"name":"wp","href":"https:\/\/api.w.org\/{rel}","templated":true}]}}