{"id":11146,"date":"2024-04-15T11:24:27","date_gmt":"2024-04-15T08:24:27","guid":{"rendered":"https:\/\/arastirma.disk.org.tr\/?p=11146"},"modified":"2024-04-19T11:36:17","modified_gmt":"2024-04-19T08:36:17","slug":"genis-tanimli-issizlikte-artis-suruyor","status":"publish","type":"post","link":"https:\/\/arastirma.disk.org.tr\/?p=11146","title":{"rendered":"Geni\u015f tan\u0131ml\u0131 i\u015fsizlikte art\u0131\u015f s\u00fcr\u00fcyor!"},"content":{"rendered":"<h4 style=\"text-align: center;\">D\u0130SK-AR \u0130\u015fsizlik ve \u0130stihdam\u0131n G\u00f6r\u00fcn\u00fcm\u00fc Raporu (Nisan 2024) Yay\u0131mland\u0131!<\/h4>\n<ul style=\"font-weight: 400;\">\n<li>Geni\u015f tan\u0131ml\u0131 i\u015fsiz say\u0131s\u0131 son bir y\u0131lda 811 bin ki\u015fi artt\u0131!<\/li>\n<li>Zamana ba\u011fl\u0131 eksik istihdam bir y\u0131lda 611 bin ki\u015fi artt\u0131!<\/li>\n<li>Geni\u015f tan\u0131ml\u0131 i\u015fsizlik oran\u0131 y\u00fczde 24,5!<\/li>\n<li>Geni\u015f tan\u0131ml\u0131 kad\u0131n i\u015fsizli\u011fi y\u00fczde 32,9!<\/li>\n<\/ul>\n<p><a href=\"http:\/\/arastirma.disk.org.tr\/wp-content\/uploads\/2024\/04\/ISSIZLIK-VE-ISTIHDAMIN-GORUNUMU-Nisan-2024-1.pdf\">Rapora eri\u015fmek i\u00e7in t\u0131klay\u0131n\u0131z.<\/a><\/p>\n<p style=\"font-weight: 400;\">T\u00dc\u0130K\u2019in \u015eubat 2024 Hanehalk\u0131 \u0130\u015fg\u00fcc\u00fc Ara\u015ft\u0131rmas\u0131 (H\u0130A) sonu\u00e7lar\u0131 15 Nisan 2024\u2019te yay\u0131mland\u0131.\u00a0<b>Mevsim etkisinden ar\u0131nd\u0131r\u0131lm\u0131\u015f dar tan\u0131ml\u0131 i\u015fsizlik oran\u0131 y\u00fczde 8,7,\u00a0<\/b><b>mevsim etkisinden ar\u0131nd\u0131r\u0131lm\u0131\u015f geni\u015f tan\u0131ml\u0131 i\u015fsizlik oran\u0131 (\u00e2t\u0131l i\u015fg\u00fcc\u00fc) ise y\u00fczde 24,5 seviyesinde\u00a0<\/b>ger\u00e7ekle\u015fti. T\u00dc\u0130K\u2019e g\u00f6re T\u00fcrkiye genelinde 15 ve daha yukar\u0131 ya\u015ftaki ki\u015filerde\u00a0<b>dar tan\u0131ml\u0131\u00a0<\/b><b>i\u015fsiz say\u0131s\u0131 (mevsim etkisinden ar\u0131nd\u0131r\u0131lm\u0131\u015f) 2024 \u015eubat <\/b>ay\u0131nda\u00a0<b>3 milyon 78 bin <\/b>oldu.<\/p>\n<p>D\u0130SK-AR taraf\u0131ndan T\u00dc\u0130K verilerinden yararlanarak yap\u0131lan hesaplamaya g\u00f6re <strong>mevsim etkisinden ar\u0131nd\u0131r\u0131lm\u0131\u015f geni\u015f tan\u0131ml\u0131 i\u015fsiz say\u0131s\u0131<\/strong> ise <strong>\u015eubat 2024\u2019te 9 milyon 634 bin ki\u015fi<\/strong> olarak ger\u00e7ekle\u015fti. T\u00dc\u0130K\u2019e g\u00f6re pandemi \u00f6ncesinde, 2020 \u015eubat\u2019ta y\u00fczde 12,6 olan dar tan\u0131ml\u0131 i\u015fsizlik \u015eubat 2024\u2019te y\u00fczde 8,7 olarak ger\u00e7ekle\u015fti. Ancak ayn\u0131 d\u00f6nemde geni\u015f tan\u0131ml\u0131 i\u015fsizlik y\u00fczde 20,6\u2019dan y\u00fczde 24,5\u2019e y\u00fckseldi. Son 1 y\u0131lda geni\u015f tan\u0131ml\u0131 i\u015fsiz say\u0131s\u0131 811 bin artarak 8,8 milyondan 9,6 milyona y\u00fckseldi (Grafik 1). Covid-19 salg\u0131n\u0131 sonras\u0131 geni\u015f tan\u0131ml\u0131 i\u015fsizlik oran\u0131 3,9 puan, geni\u015f tan\u0131ml\u0131 i\u015fsiz say\u0131s\u0131 ise 2 milyon 553 bin ki\u015fi artt\u0131.<\/p>\n<p>T\u00dc\u0130K taraf\u0131ndan yay\u0131mlanan H\u0130A verilerine g\u00f6re \u015eubat 2024\u2019te geni\u015f tan\u0131ml\u0131 i\u015fsizlikte (\u00e2t\u0131l i\u015fg\u00fcc\u00fc) patlama ya\u015fand\u0131. <strong>Geni\u015f tan\u0131ml\u0131 i\u015fsiz say\u0131s\u0131 son bir y\u0131lda 811 bin, son 10 y\u0131lda (2014-2024 aras\u0131) ise 4 milyon 80 bin ki\u015fi artt\u0131.<\/strong> B\u00f6ylece son 10 y\u0131lda geni\u015f tan\u0131ml\u0131 i\u015fsiz say\u0131s\u0131 1,7 kat\u0131na \u00e7\u0131kt\u0131.\u00a0\u015eubat 2014\u2019te 5,6 milyon olan geni\u015f tan\u0131ml\u0131 i\u015fsiz say\u0131s\u0131 \u015eubat 2023\u2019te 8,8 milyon ve \u015eubat 2024\u2019te ise 9,6 milyon olarak ger\u00e7ekle\u015fti. <strong>Geni\u015f tan\u0131ml\u0131 i\u015fsiz say\u0131s\u0131ndaki art\u0131\u015f\u0131n sebebi zamana ba\u011fl\u0131 eksik istihdam ve \u00fcmitsiz i\u015fsizler ile i\u015f aramay\u0131p \u00e7al\u0131\u015fmaya haz\u0131r olanlar\u0131, i\u015f arayan ancak hemen \u00e7al\u0131\u015fmaya ba\u015flayamayacak olanlar\u0131 kapsayan potansiyel i\u015fg\u00fcc\u00fc say\u0131s\u0131ndaki art\u0131\u015ft\u0131r. \u00c2t\u0131l i\u015fg\u00fcc\u00fcndeki y\u00fckseli\u015fin temel sebebi ise zamana ba\u011fl\u0131 eksik istihdam edilenlerin say\u0131s\u0131nda devasa art\u0131\u015ft\u0131r.<\/strong><\/p>\n<p><a href=\"http:\/\/arastirma.disk.org.tr\/wp-content\/uploads\/2024\/04\/ISSIZLIK-VE-ISTIHDAMIN-GORUNUMU-Nisan-2024-1.pdf\"><img fetchpriority=\"high\" decoding=\"async\" class=\"aligncenter size-full wp-image-11160\" src=\"http:\/\/arastirma.disk.org.tr\/wp-content\/uploads\/2024\/04\/Ekran-Resmi-2024-04-15-11.05.03.png\" alt=\"\" width=\"639\" height=\"904\" srcset=\"https:\/\/arastirma.disk.org.tr\/wp-content\/uploads\/2024\/04\/Ekran-Resmi-2024-04-15-11.05.03.png 639w, https:\/\/arastirma.disk.org.tr\/wp-content\/uploads\/2024\/04\/Ekran-Resmi-2024-04-15-11.05.03-212x300.png 212w\" sizes=\"(max-width: 639px) 100vw, 639px\" \/><\/a><\/p>\n<div class=\"mceTemp\"><\/div>\n","protected":false},"excerpt":{"rendered":"<p>D\u0130SK-AR \u0130\u015fsizlik ve \u0130stihdam\u0131n G\u00f6r\u00fcn\u00fcm\u00fc Raporu (Nisan 2024) Yay\u0131mland\u0131! Geni\u015f tan\u0131ml\u0131 i\u015fsiz say\u0131s\u0131 son bir y\u0131lda 811 bin ki\u015fi artt\u0131! Zamana ba\u011fl\u0131 eksik istihdam bir&#8230;<\/p>\n","protected":false},"author":3,"featured_media":11164,"comment_status":"closed","ping_status":"closed","sticky":false,"template":"template-c-s2-post.php","format":"standard","meta":{"footnotes":""},"categories":[3,6,11,278],"tags":[136,49,39,491],"class_list":["post-11146","post","type-post","status-publish","format-standard","has-post-thumbnail","hentry","category-arastirma","category-guncel","category-issizlik","category-manset","tag-genc-kadin-issizligi","tag-genis-tanimli-issizlik","tag-tuik","tag-zamana-bagli-eksik-istihdam","wpcat-3-id","wpcat-6-id","wpcat-11-id","wpcat-278-id"],"_links":{"self":[{"href":"https:\/\/arastirma.disk.org.tr\/index.php?rest_route=\/wp\/v2\/posts\/11146","targetHints":{"allow":["GET"]}}],"collection":[{"href":"https:\/\/arastirma.disk.org.tr\/index.php?rest_route=\/wp\/v2\/posts"}],"about":[{"href":"https:\/\/arastirma.disk.org.tr\/index.php?rest_route=\/wp\/v2\/types\/post"}],"author":[{"embeddable":true,"href":"https:\/\/arastirma.disk.org.tr\/index.php?rest_route=\/wp\/v2\/users\/3"}],"replies":[{"embeddable":true,"href":"https:\/\/arastirma.disk.org.tr\/index.php?rest_route=%2Fwp%2Fv2%2Fcomments&post=11146"}],"version-history":[{"count":16,"href":"https:\/\/arastirma.disk.org.tr\/index.php?rest_route=\/wp\/v2\/posts\/11146\/revisions"}],"predecessor-version":[{"id":11178,"href":"https:\/\/arastirma.disk.org.tr\/index.php?rest_route=\/wp\/v2\/posts\/11146\/revisions\/11178"}],"wp:featuredmedia":[{"embeddable":true,"href":"https:\/\/arastirma.disk.org.tr\/index.php?rest_route=\/wp\/v2\/media\/11164"}],"wp:attachment":[{"href":"https:\/\/arastirma.disk.org.tr\/index.php?rest_route=%2Fwp%2Fv2%2Fmedia&parent=11146"}],"wp:term":[{"taxonomy":"category","embeddable":true,"href":"https:\/\/arastirma.disk.org.tr\/index.php?rest_route=%2Fwp%2Fv2%2Fcategories&post=11146"},{"taxonomy":"post_tag","embeddable":true,"href":"https:\/\/arastirma.disk.org.tr\/index.php?rest_route=%2Fwp%2Fv2%2Ftags&post=11146"}],"curies":[{"name":"wp","href":"https:\/\/api.w.org\/{rel}","templated":true}]}}