{"id":11606,"date":"2024-06-14T09:30:14","date_gmt":"2024-06-14T06:30:14","guid":{"rendered":"https:\/\/arastirma.disk.org.tr\/?p=11606"},"modified":"2024-06-14T11:21:00","modified_gmt":"2024-06-14T08:21:00","slug":"yeni-tuketim-kaliplari-dar-gelirlinin-enflasyonunu-artirdi","status":"publish","type":"post","link":"https:\/\/arastirma.disk.org.tr\/?p=11606","title":{"rendered":"Yeni t\u00fcketim kal\u0131plar\u0131 dar gelirlinin enflasyonunu art\u0131rd\u0131!"},"content":{"rendered":"<ul>\n<li><strong>Yeni hanehalk\u0131 t\u00fcketim harcamas\u0131 oranlar\u0131 yay\u0131mland\u0131!<\/strong><\/li>\n<li><strong>Gelir gruplar\u0131na g\u00f6re harcama kal\u0131plar\u0131nda b\u00fcy\u00fck farkl\u0131l\u0131klar s\u00f6z konusu<\/strong><\/li>\n<li><strong>Bu durum farkl\u0131 gelir gruplar\u0131n\u0131n enflasyonunu farkl\u0131la\u015ft\u0131r\u0131yor<\/strong><\/li>\n<li><strong>Eski t\u00fcketim kal\u0131plar\u0131na g\u00f6re y\u00fczde 110 olan en d\u00fc\u015f\u00fck gelir grubun may\u0131s 2024 g\u0131da enflasyonu yeni kal\u0131ba g\u00f6re y\u00fczde 125&#8217;e y\u00fckseldi!<\/strong><\/li>\n<\/ul>\n<p>T\u00dc\u0130K, Hanehalk\u0131 B\u00fct\u00e7e Ara\u015ft\u0131rmas\u0131&#8217;ndan elde edilen Hanehalk\u0131 T\u00fcketim Harcamas\u0131 (2023) ara\u015ft\u0131rmas\u0131n\u0131 11 Haziran 2024&#8217;te yay\u0131mlad\u0131. Hanehalk\u0131n\u0131n ve fertlerin t\u00fcketim harcamalar\u0131n\u0131 gelir gruplar\u0131na ve temel gelir kayna\u011f\u0131na g\u00f6re \u00f6l\u00e7en ara\u015ft\u0131rman\u0131n sonu\u00e7lar\u0131 ile T\u00fcketici Fiyat Endeksi&#8217;nin hesaplamas\u0131nda kullan\u0131lan maddelerin se\u00e7imi yap\u0131l\u0131yor ve madde gruplar\u0131n\u0131n a\u011f\u0131rl\u0131klar\u0131 elde ediliyor. Hanehalklar\u0131n\u0131n t\u00fcketim kal\u0131plar\u0131n\u0131 ortaya koyan ara\u015ft\u0131rma enflasyon \u00f6l\u00e7\u00fcm\u00fc a\u00e7\u0131s\u0131ndan hayati \u00f6neme sahip.<\/p>\n<p>Ara\u015ft\u0131rma sonu\u00e7lar\u0131na g\u00f6re T\u00fcrkiye&#8217;de hanehalklar\u0131n\u0131n b\u00fct\u00e7elerinden en \u00e7ok pay ay\u0131rd\u0131\u011f\u0131 harcama grubu y\u00fczde 23,9 ile konut ve kira oldu. Hanehalk\u0131 b\u00fct\u00e7elerinden en y\u00fcksek pay\u0131 alan ikinci harcama grubu y\u00fczde 21,9 ile ula\u015fma olurken \u00fc\u00e7\u00fcnc\u00fc harcama grubunu ise y\u00fczde 20,6 ile g\u0131da ve alkols\u00fcz i\u00e7ecekler olu\u015fturdu. B\u00f6ylece konut ve ula\u015ft\u0131rmada ya\u015fanan y\u00fcksek fiyat art\u0131\u015flar\u0131 sonras\u0131, 2022&#8217;de hanehalk\u0131 b\u00fct\u00e7elerinden en y\u00fcksek pay\u0131 alan harcama grubu olan g\u0131da ve alkols\u00fcz i\u00e7ecekler \u00fc\u00e7\u00fcnc\u00fc s\u0131rada yer ald\u0131.<\/p>\n<p><img fetchpriority=\"high\" decoding=\"async\" class=\"aligncenter size-full wp-image-11607\" src=\"http:\/\/arastirma.disk.org.tr\/wp-content\/uploads\/2024\/06\/Ekran-Resmi-2024-06-12-10.22.58.png\" alt=\"\" width=\"1023\" height=\"663\" srcset=\"https:\/\/arastirma.disk.org.tr\/wp-content\/uploads\/2024\/06\/Ekran-Resmi-2024-06-12-10.22.58.png 1023w, https:\/\/arastirma.disk.org.tr\/wp-content\/uploads\/2024\/06\/Ekran-Resmi-2024-06-12-10.22.58-300x194.png 300w, https:\/\/arastirma.disk.org.tr\/wp-content\/uploads\/2024\/06\/Ekran-Resmi-2024-06-12-10.22.58-225x145.png 225w, https:\/\/arastirma.disk.org.tr\/wp-content\/uploads\/2024\/06\/Ekran-Resmi-2024-06-12-10.22.58-768x498.png 768w\" sizes=\"(max-width: 1023px) 100vw, 1023px\" \/><\/p>\n<h3>Dar gelirlilerin g\u0131da harcamalar\u0131na ay\u0131rd\u0131klar\u0131 pay y\u00fczde 28-37 band\u0131nda!<\/h3>\n<p>Hanehalk\u0131 t\u00fcketim harcamalar\u0131 gelir gruplar\u0131na ve temel gelir kayna\u011f\u0131na g\u00f6re farkl\u0131l\u0131k g\u00f6steriyor. D\u00fc\u015f\u00fck gelirli gruplar\u0131n g\u0131da ve alkols\u00fcz i\u00e7ecekler gelir grubuna b\u00fct\u00e7elerinden ay\u0131rd\u0131\u011f\u0131 pay y\u00fcksek gelir gruplar\u0131n\u0131na g\u00f6re olduk\u00e7a y\u00fcksek. T\u00fcrkiye ortalamas\u0131nda y\u00fczde 20,6&#8217;l\u0131k t\u00fcketim pay\u0131na sahip g\u0131da ve alkols\u00fcz i\u00e7ecekler harcama grubunun en d\u00fc\u015f\u00fck gelirli y\u00fczde 20&#8217;lik gruptaki pay\u0131 y\u00fczde 36,6&#8217;ya y\u00fckselirken, en y\u00fcksek gelirli y\u00fczde 20&#8217;lik grupta y\u00fczde 14,5&#8217;e geriliyor. Ba\u015fka bir deyi\u015fle, en yoksul gelir grubu her 100 TL&#8217;sinin 37 TL&#8217;sini, en zengin y\u00fczde 20&#8217;lik gelir grubu ise her 100 TL&#8217;sinin 15 TL&#8217;sini g\u0131daya ay\u0131r\u0131yor. B\u00f6ylece g\u0131da harcamalar\u0131na en yoksul gelir grubu, en zengin gelir grubunun 2,5 kat daha fazla pay ay\u0131r\u0131yor.<\/p>\n<p>En yoksul y\u00fczde 20&#8217;lik grup, g\u0131da ve alkols\u00fcz i\u00e7eceklere b\u00fct\u00e7esinin y\u00fczde 36,6&#8217;s\u0131n\u0131 ve konut ve kiraya ise y\u00fczde 23,9&#8217;unu ay\u0131r\u0131yor. \u0130kinci en yoksul y\u00fczde 20&#8217;lik gelir grubunda g\u0131da ve alkols\u00fcz i\u00e7eceklerin pay\u0131 y\u00fczde 28,8 iken konut ve kiraya ayr\u0131lan pay y\u00fczde 29,2&#8217;dir. Buna kar\u015f\u0131n en zengin y\u00fczde 20&#8217;lik grup ise g\u0131da ve alkols\u00fcz i\u00e7eceklere y\u00fczde 14,5&#8217;lik ve konut ve kiraya y\u00fczde 21&#8217;ini ay\u0131rmaktad\u0131r. Ba\u015fka bir deyi\u015fle en yoksul y\u00fczde 20&#8217;lik grup, gelirinin y\u00fczde 66&#8217;s\u0131n\u0131i bar\u0131nma ve g\u0131da gibi zorunlu harcamalara ay\u0131r\u0131rken en zengin gelir grubunda bu oran y\u00fczde 35 civar\u0131nda kal\u0131yor.<\/p>\n<p><img decoding=\"async\" class=\"aligncenter size-full wp-image-11613\" src=\"http:\/\/arastirma.disk.org.tr\/wp-content\/uploads\/2024\/06\/Ekran-Resmi-2024-06-12-12.01.39.png\" alt=\"\" width=\"990\" height=\"333\" srcset=\"https:\/\/arastirma.disk.org.tr\/wp-content\/uploads\/2024\/06\/Ekran-Resmi-2024-06-12-12.01.39.png 990w, https:\/\/arastirma.disk.org.tr\/wp-content\/uploads\/2024\/06\/Ekran-Resmi-2024-06-12-12.01.39-300x101.png 300w, https:\/\/arastirma.disk.org.tr\/wp-content\/uploads\/2024\/06\/Ekran-Resmi-2024-06-12-12.01.39-768x258.png 768w\" sizes=\"(max-width: 990px) 100vw, 990px\" \/><\/p>\n<p>&nbsp;<\/p>\n<h3>2023 hanehalk\u0131 t\u00fcketim kal\u0131plar\u0131na g\u00f6re en d\u00fc\u015f\u00fck gelirli grubun g\u0131da enflasyonu 15 puan artt\u0131!<\/h3>\n<p>Hanehalk\u0131 t\u00fcketim harcama kal\u0131plar\u0131ndaki de\u011fi\u015fim gelir gruplar\u0131n\u0131n enflasyonunu da ciddi bi\u00e7imde etkiliyor. Nitekim son harcama kal\u0131plar\u0131na g\u00f6re d\u00fc\u015f\u00fck gelir gruplar\u0131n\u0131n enflasyonu ciddi bi\u00e7imde artt\u0131.<\/p>\n<p>T\u00dc\u0130K t\u00fcketim kal\u0131plar\u0131n\u0131n g\u00fcncellenmesinin ard\u0131ndan en d\u00fc\u015f\u00fck d\u00fc\u015f\u00fck gelirlilerin g\u0131da enflasyonu 15 puan artt\u0131. 2022 t\u00fcketim kal\u0131plar\u0131n\u0131 kullanarak hesaplad\u0131\u011f\u0131m\u0131z ve 3 Haziran 2024&#8217;te yay\u0131mlad\u0131\u011f\u0131m\u0131z <a href=\"https:\/\/arastirma.disk.org.tr\/?p=11569\">enflasyon haber b\u00fclteninde<\/a> d\u00fc\u015f\u00fck gelirlilerin g\u0131da enflasyonu y\u00fczde 86-110 band\u0131nda iken 2023 t\u00fcketim kal\u0131plar\u0131na g\u00f6re d\u00fc\u015f\u00fck gelirlilerin g\u0131da enflasyonu y\u00fczde 97-125 band\u0131na y\u00fckseldi.<\/p>\n<p><img decoding=\"async\" class=\"aligncenter size-large wp-image-11611\" src=\"http:\/\/arastirma.disk.org.tr\/wp-content\/uploads\/2024\/06\/Ekran-Resmi-2024-06-12-11.06.52-1024x641.png\" alt=\"\" width=\"1024\" height=\"641\" srcset=\"https:\/\/arastirma.disk.org.tr\/wp-content\/uploads\/2024\/06\/Ekran-Resmi-2024-06-12-11.06.52-1024x641.png 1024w, https:\/\/arastirma.disk.org.tr\/wp-content\/uploads\/2024\/06\/Ekran-Resmi-2024-06-12-11.06.52-300x188.png 300w, https:\/\/arastirma.disk.org.tr\/wp-content\/uploads\/2024\/06\/Ekran-Resmi-2024-06-12-11.06.52-768x481.png 768w, https:\/\/arastirma.disk.org.tr\/wp-content\/uploads\/2024\/06\/Ekran-Resmi-2024-06-12-11.06.52.png 1305w\" sizes=\"(max-width: 1024px) 100vw, 1024px\" \/><\/p>\n<p>2023 hanehalk\u0131 t\u00fcketim kal\u0131plar\u0131n\u0131 kullanarak yapt\u0131\u011f\u0131m\u0131z yeni hesaplamaya g\u00f6re May\u0131s 2024&#8217;te ortalama g\u0131da enflasyonu y\u00fczde 70,1 iken\u00a0emeklilerde g\u0131da enflasyonu y\u00fczde 96,7&#8217;dir. \u00dc\u00e7\u00fcnc\u00fc y\u00fczde 20\u2019lik gelir grubunun g\u0131da enflasyonu y\u00fczde 78,3 olurken, d\u00fc\u015f\u00fck gelirli ikinci y\u00fczde 20\u2019lik grubun g\u0131da enflasyonu y\u00fczde 98,1 ve en yoksul y\u00fczde 20\u2019lik gelir grubun g\u0131da enflasyonu ise y\u00fczde 124,6 oldu.<\/p>\n<p>Yeni t\u00fcketim kal\u0131plar\u0131na g\u00f6re d\u00f6rd\u00fcnc\u00fc (y\u00fcksek) y\u00fczde 20\u2019lik gelir grubunun g\u0131da enflasyonu y\u00fczde 68,4 iken, en y\u00fcksek gelir grubunun g\u0131da enflasyonu ise y\u00fczde 49,4&#8217;t\u00fcr. B\u00f6ylece eski t\u00fcketim kal\u0131plar\u0131na g\u00f6re 51,1 olan zenginlerin g\u0131da enflasyonu gerilemi\u015f oldu. Yeni hanehalk\u0131 t\u00fcketim kal\u0131plar\u0131na g\u00f6re y\u00fcksek gelir gruplar\u0131n\u0131n g\u0131da enflasyonu gerileme e\u011filiminde iken d\u00fc\u015f\u00fck gelir gruplar\u0131n\u0131n g\u0131da enflasyonunda ciddi bir y\u00fckselme s\u00f6z konusudur.<\/p>\n<p><strong>T\u00dc\u0130K taraf\u0131ndan yay\u0131mlanan ortalama enflasyon oranlar\u0131 da halk\u0131n hissetti\u011fi enflasyonu a\u00e7\u0131klamaktan uzakt\u0131r. <\/strong><\/p>\n<p><strong>T\u00dc\u0130K, gelir gruplar\u0131na g\u00f6re enflasyon hesaplamas\u0131 da ger\u00e7ekle\u015ftirip bunu kamuoyuyla payla\u015fmal\u0131d\u0131r. <\/strong><\/p>\n<p><strong>T\u00dc\u0130K, ayl\u0131k T\u00fcketici E\u011filim Anketi&#8217;nden elde edilen \u201chissedilen\/alg\u0131lanan enflasyon\u201du da a\u00e7\u0131klamal\u0131d\u0131r.<\/strong><\/p>\n<p><strong>T\u00dc\u0130K, 2022 Haziran ay\u0131ndan bu yana madde fiyat listesini yay\u0131mlam\u0131yor, kesinle\u015fen yarg\u0131 kararlar\u0131 gere\u011fi T\u00dc\u0130K madde fiyat listesini a\u00e7\u0131klamal\u0131d\u0131r.<\/strong><\/p>\n<blockquote><p><em><strong>Metodolojik a\u00e7\u0131klama:<\/strong> D\u0130SK-AR&#8217;\u0131n gelir gruplar\u0131na g\u00f6re g\u0131da enflasyonu \u00e7al\u0131\u015fmas\u0131 T\u00dc\u0130K taraf\u0131ndan yay\u0131mlanan T\u00dcFE verileri ile yine T\u00dc\u0130K taraf\u0131ndan yay\u0131mlanan Hanehalk\u0131 T\u00fcketim Harcamas\u0131 (2023) ara\u015ft\u0131rmas\u0131ndaki gelir gruplar\u0131na g\u00f6re harcama oranlar\u0131 (harcama kal\u0131plar\u0131) verilerine dayal\u0131d\u0131r. \u00a0D\u0130SK-AR bu ara\u015ft\u0131rmalardaki verileri esas alarak hesaplama yapmaktad\u0131r. Bu verilerden dolay\u0131 D\u0130SK-AR&#8217;in herhangi bir sorumlulu\u011fu ve m\u00fcdahalesi yoktur. D\u0130SK-AR bu -olas\u0131 hesaplama hatalar\u0131 hari\u00e7-verilerden ve sonu\u00e7lardan dolay\u0131 sorumluluk kabul etmez.<\/em><\/p><\/blockquote>\n","protected":false},"excerpt":{"rendered":"<p>Yeni hanehalk\u0131 t\u00fcketim harcamas\u0131 oranlar\u0131 yay\u0131mland\u0131! Gelir gruplar\u0131na g\u00f6re harcama kal\u0131plar\u0131nda b\u00fcy\u00fck farkl\u0131l\u0131klar s\u00f6z konusu Bu durum farkl\u0131 gelir gruplar\u0131n\u0131n enflasyonunu farkl\u0131la\u015ft\u0131r\u0131yor Eski t\u00fcketim kal\u0131plar\u0131na&#8230;<\/p>\n","protected":false},"author":3,"featured_media":11621,"comment_status":"closed","ping_status":"closed","sticky":false,"template":"template-c-s2-post.php","format":"standard","meta":{"footnotes":""},"categories":[6,278],"tags":[104,503,504,505],"class_list":["post-11606","post","type-post","status-publish","format-standard","has-post-thumbnail","hentry","category-guncel","category-manset","tag-enflasyon","tag-hanehalki-butce-arastirmasi","tag-hanehalki-tuketim-harcamasi","tag-tuketim-kalibi","wpcat-6-id","wpcat-278-id"],"_links":{"self":[{"href":"https:\/\/arastirma.disk.org.tr\/index.php?rest_route=\/wp\/v2\/posts\/11606","targetHints":{"allow":["GET"]}}],"collection":[{"href":"https:\/\/arastirma.disk.org.tr\/index.php?rest_route=\/wp\/v2\/posts"}],"about":[{"href":"https:\/\/arastirma.disk.org.tr\/index.php?rest_route=\/wp\/v2\/types\/post"}],"author":[{"embeddable":true,"href":"https:\/\/arastirma.disk.org.tr\/index.php?rest_route=\/wp\/v2\/users\/3"}],"replies":[{"embeddable":true,"href":"https:\/\/arastirma.disk.org.tr\/index.php?rest_route=%2Fwp%2Fv2%2Fcomments&post=11606"}],"version-history":[{"count":7,"href":"https:\/\/arastirma.disk.org.tr\/index.php?rest_route=\/wp\/v2\/posts\/11606\/revisions"}],"predecessor-version":[{"id":11620,"href":"https:\/\/arastirma.disk.org.tr\/index.php?rest_route=\/wp\/v2\/posts\/11606\/revisions\/11620"}],"wp:featuredmedia":[{"embeddable":true,"href":"https:\/\/arastirma.disk.org.tr\/index.php?rest_route=\/wp\/v2\/media\/11621"}],"wp:attachment":[{"href":"https:\/\/arastirma.disk.org.tr\/index.php?rest_route=%2Fwp%2Fv2%2Fmedia&parent=11606"}],"wp:term":[{"taxonomy":"category","embeddable":true,"href":"https:\/\/arastirma.disk.org.tr\/index.php?rest_route=%2Fwp%2Fv2%2Fcategories&post=11606"},{"taxonomy":"post_tag","embeddable":true,"href":"https:\/\/arastirma.disk.org.tr\/index.php?rest_route=%2Fwp%2Fv2%2Ftags&post=11606"}],"curies":[{"name":"wp","href":"https:\/\/api.w.org\/{rel}","templated":true}]}}