{"id":11816,"date":"2024-08-08T15:19:21","date_gmt":"2024-08-08T12:19:21","guid":{"rendered":"https:\/\/arastirma.disk.org.tr\/?p=11816"},"modified":"2024-08-08T17:45:05","modified_gmt":"2024-08-08T14:45:05","slug":"prof-dr-mesut-gulmez-yasamis-tanik-fakir-baykurt-ve-kayseri-olaylari","status":"publish","type":"post","link":"https:\/\/arastirma.disk.org.tr\/?p=11816","title":{"rendered":"Prof. Dr. Mesut G\u00fclmez: &#8220;Ya\u015fam\u0131\u015f&#8221; Tan\u0131k Fakir Baykurt ve Kayseri Olaylar\u0131"},"content":{"rendered":"<blockquote><p><b><i>Prof. Dr. Mesut G\u00fclmez taraf\u0131nan kaleme al\u0131nan &#8220;Yakacaklar Hepimizi&#8221; ana ba\u015fl\u0131kl\u0131 Kayseri Olaylar\u0131n\u0131 konu alan makaleler dizisinin ikincisi yay\u0131mland\u0131.<\/i><\/b><\/p>\n<p style=\"font-weight: 400;\">Pof. Dr. Mesut G\u00fclmez, 5 makaleden olu\u015fan bir dizi kaleme ald\u0131. Sonuncusunu, Muzaffer Ersoy\u2019un elyaz\u0131s\u0131yla kaleme ald\u0131\u011f\u0131 belge olu\u015fturacakt\u0131r.<\/p>\n<p style=\"font-weight: 400;\">G\u00fclmez, Makaleler Dizisinin ikincisinde, olaylar\u0131n \u201cya\u015fam\u0131\u015f\u201d tan\u0131\u011f\u0131 T\u00d6S Genel Ba\u015fkan\u0131 Fakir Baykurt\u2019un tan\u0131kl\u0131klar\u0131n\u0131 aktar\u0131p de\u011ferlendiriyor.<\/p>\n<p style=\"font-weight: 400;\">Makaleden \u00f6nce &#8220;Neden Yazd\u0131m?&#8221; b\u00f6l\u00fcm\u00fcn\u00fcn okunmas\u0131n\u0131 \u00f6neren Prof. Dr. G\u00fclmez, ilkine ba\u015flarken \u201cNEDEN YAZDIM?\u201dda yapt\u0131\u011f\u0131 a\u00e7\u0131klamalar\u0131n\u0131 geni\u015f bi\u00e7imde g\u00fcncellemi\u015ftir.<\/p>\n<\/blockquote>\n<figure id=\"attachment_11717\" aria-describedby=\"caption-attachment-11717\" style=\"width: 572px\" class=\"wp-caption aligncenter\"><img fetchpriority=\"high\" decoding=\"async\" class=\"size-full wp-image-11717\" src=\"http:\/\/arastirma.disk.org.tr\/wp-content\/uploads\/2024\/07\/WhatsApp-Image-2024-07-08-at-11.27.40.jpeg\" alt=\"\" width=\"572\" height=\"779\" srcset=\"https:\/\/arastirma.disk.org.tr\/wp-content\/uploads\/2024\/07\/WhatsApp-Image-2024-07-08-at-11.27.40.jpeg 572w, https:\/\/arastirma.disk.org.tr\/wp-content\/uploads\/2024\/07\/WhatsApp-Image-2024-07-08-at-11.27.40-220x300.jpeg 220w\" sizes=\"(max-width: 572px) 100vw, 572px\" \/><figcaption id=\"caption-attachment-11717\" class=\"wp-caption-text\"><em>Prof. Dr. Mesut G\u00fclmez<\/em><\/figcaption><\/figure>\n<p>Prof. Dr. Mesut G\u00fclmez taraf\u0131ndan D\u0130SK-AR Forum i\u00e7in yaz\u0131lan makaleler dizisine bir yenisi eklendi.<br \/>\n&#8220;T\u00d6S Kayseri Olaylar\u0131nda \u0130ki Delege ve Bir &#8216;Ya\u015fayan&#8217; Tan\u0131k Muzaffer Ersoy ve K\u00e2z\u0131m Kural&#8221; isimli ilk makalesi, Kayseri Olaylar\u0131&#8217;n\u0131n y\u0131ld\u00f6n\u00fcm\u00fcnde, 8 Temmuz 2024&#8217;te yay\u0131mlanm\u0131\u015ft\u0131. Dizinin ikinci makalesi ise 8 A\u011fustos 2024&#8217;te yay\u0131mland\u0131.\u00a0Makaleler dizisinin devam\u0131 D\u0130SK-AR Forum&#8217;da yay\u0131mlanmaya devam edecek.<\/p>\n<p>Mesut G\u00fclmez&#8217;in makaleler dizisi hakk\u0131ndaki a\u00e7\u0131klamalar\u0131n\u0131n yer ald\u0131\u011f\u0131 <strong>&#8220;<a href=\"http:\/\/arastirma.disk.org.tr\/wp-content\/uploads\/2024\/08\/NEDEN-YAZDIM-08.08.2024-GUNCELLENMUS-.pdf\">Neden Yazd\u0131m?<\/a>&#8220;<\/strong> yaz\u0131s\u0131n\u0131n g\u00fcncellenmi\u015f haline eri\u015fmek i\u00e7in buraya t\u0131klay\u0131n\u0131z.<\/p>\n<p>Prof. Dr. Mesut G\u00fclmez taraf\u0131ndan kaleme al\u0131nan ve <strong>&#8220;Yakacaklar Hepimizi!&#8221;<\/strong> ba\u015fl\u0131kl\u0131 dizinin ikincisi olan\u00a0<em><strong><a href=\"http:\/\/arastirma.disk.org.tr\/wp-content\/uploads\/2024\/08\/MAKALE-2-08.08.2024-7.908-foto-eklenmis-TOPLAM-5-FOTO-SON-METIN-.pdf\">&#8220;Ya\u015fam\u0131\u015f&#8221; Tan\u0131k Fakir Baykurt ve Kayseri Olaylar\u0131-&#8220;Bas\u0131ld\u0131k Genel Ba\u015fkan\u0131m! Sen \u00c7\u0131kma D\u0131\u015far\u0131!&#8221;<\/a>\u00a0<\/strong><\/em>isimli makaleye eri\u015fmek i\u00e7in buraya t\u0131klay\u0131n\u0131z.<\/p>\n","protected":false},"excerpt":{"rendered":"<p>Prof. Dr. Mesut G\u00fclmez taraf\u0131nan kaleme al\u0131nan &#8220;Yakacaklar Hepimizi&#8221; ana ba\u015fl\u0131kl\u0131 Kayseri Olaylar\u0131n\u0131 konu alan makaleler dizisinin ikincisi yay\u0131mland\u0131. Pof. Dr. Mesut G\u00fclmez, 5 makaleden&#8230;<\/p>\n","protected":false},"author":3,"featured_media":11718,"comment_status":"closed","ping_status":"closed","sticky":false,"template":"template-c-s2-post.php","format":"standard","meta":{"footnotes":""},"categories":[391,6],"tags":[271,516,98,515],"class_list":["post-11816","post","type-post","status-publish","format-standard","has-post-thumbnail","hentry","category-forum","category-guncel","tag-disk-ar-forum","tag-kayseri-olaylari","tag-mesut-gulmez","tag-tos","wpcat-391-id","wpcat-6-id"],"_links":{"self":[{"href":"https:\/\/arastirma.disk.org.tr\/index.php?rest_route=\/wp\/v2\/posts\/11816","targetHints":{"allow":["GET"]}}],"collection":[{"href":"https:\/\/arastirma.disk.org.tr\/index.php?rest_route=\/wp\/v2\/posts"}],"about":[{"href":"https:\/\/arastirma.disk.org.tr\/index.php?rest_route=\/wp\/v2\/types\/post"}],"author":[{"embeddable":true,"href":"https:\/\/arastirma.disk.org.tr\/index.php?rest_route=\/wp\/v2\/users\/3"}],"replies":[{"embeddable":true,"href":"https:\/\/arastirma.disk.org.tr\/index.php?rest_route=%2Fwp%2Fv2%2Fcomments&post=11816"}],"version-history":[{"count":7,"href":"https:\/\/arastirma.disk.org.tr\/index.php?rest_route=\/wp\/v2\/posts\/11816\/revisions"}],"predecessor-version":[{"id":11831,"href":"https:\/\/arastirma.disk.org.tr\/index.php?rest_route=\/wp\/v2\/posts\/11816\/revisions\/11831"}],"wp:featuredmedia":[{"embeddable":true,"href":"https:\/\/arastirma.disk.org.tr\/index.php?rest_route=\/wp\/v2\/media\/11718"}],"wp:attachment":[{"href":"https:\/\/arastirma.disk.org.tr\/index.php?rest_route=%2Fwp%2Fv2%2Fmedia&parent=11816"}],"wp:term":[{"taxonomy":"category","embeddable":true,"href":"https:\/\/arastirma.disk.org.tr\/index.php?rest_route=%2Fwp%2Fv2%2Fcategories&post=11816"},{"taxonomy":"post_tag","embeddable":true,"href":"https:\/\/arastirma.disk.org.tr\/index.php?rest_route=%2Fwp%2Fv2%2Ftags&post=11816"}],"curies":[{"name":"wp","href":"https:\/\/api.w.org\/{rel}","templated":true}]}}