{"id":11832,"date":"2024-08-12T12:28:16","date_gmt":"2024-08-12T09:28:16","guid":{"rendered":"https:\/\/arastirma.disk.org.tr\/?p=11832"},"modified":"2024-08-12T12:28:16","modified_gmt":"2024-08-12T09:28:16","slug":"issizlik-yeniden-saha-kalkti","status":"publish","type":"post","link":"https:\/\/arastirma.disk.org.tr\/?p=11832","title":{"rendered":"\u0130\u015fsizlik yeniden \u015faha kalkt\u0131!"},"content":{"rendered":"<h2 style=\"text-align: center;\">Geni\u015f tan\u0131ml\u0131 i\u015fsiz 12 milyona dayand\u0131!<\/h2>\n<h4 style=\"text-align: center;\">D\u0130SK-AR \u0130\u015fsizlik ve \u0130stihdam\u0131n G\u00f6r\u00fcn\u00fcm\u00fc Raporu (A\u011fustos 2024) Yay\u0131mland\u0131!<\/h4>\n<ul style=\"font-weight: 400;\">\n<li>Geni\u015f tan\u0131ml\u0131 i\u015fsizlik pandemi d\u00f6neminin \u00fczerinde!<\/li>\n<li>Geni\u015f tan\u0131ml\u0131 i\u015fsizlik oran\u0131 y\u00fczde 29,2!<\/li>\n<li>Geni\u015f tan\u0131ml\u0131 i\u015fsiz say\u0131s\u0131 son bir y\u0131lda 2,7 milyon, son bir ayda 1,7 milyon ki\u015fi artt\u0131!<\/li>\n<li>Zamana ba\u011fl\u0131 eksik istihdamda ciddi art\u0131\u015f var!<\/li>\n<li>Geni\u015f tan\u0131ml\u0131 kad\u0131n i\u015fsizli\u011fi y\u00fczde 37!<\/li>\n<\/ul>\n<p><a href=\"http:\/\/arastirma.disk.org.tr\/wp-content\/uploads\/2024\/08\/ISSIZLIK-VE-ISTIHDAMIN-GORUNUMU-Agustos-2024.pdf\">Rapora eri\u015fmek i\u00e7in t\u0131klay\u0131n\u0131z.<\/a><\/p>\n<p style=\"font-weight: 400;\">Mevsim etkisinden ar\u0131nd\u0131r\u0131lm\u0131\u015f dar tan\u0131ml\u0131 i\u015fsizlik oran\u0131 y\u00fczde 9,2 mevsim etkisinden ar\u0131nd\u0131r\u0131lm\u0131\u015f geni\u015f tan\u0131ml\u0131 i\u015fsizlik oran\u0131 (\u00e2t\u0131l i\u015fg\u00fcc\u00fc) ise y\u00fczde 29,2 seviyesinde ger\u00e7ekle\u015fti. T\u00dc\u0130K\u2019e g\u00f6re T\u00fcrkiye genelinde 15 ve daha yukar\u0131 ya\u015ftaki ki\u015filerde dar tan\u0131ml\u0131 i\u015fsiz say\u0131s\u0131 (mevsim etkisinden ar\u0131nd\u0131r\u0131lm\u0131\u015f) 2024 Haziran ay\u0131nda 3 milyon 305 bin oldu.<\/p>\n<p style=\"font-weight: 400;\">D\u0130SK-AR taraf\u0131ndan T\u00dc\u0130K verilerinden yararlanarak yap\u0131lan hesaplamaya g\u00f6re mevsim etkisinden ar\u0131nd\u0131r\u0131lm\u0131\u015f geni\u015f tan\u0131ml\u0131 i\u015fsiz say\u0131s\u0131 ise Haziran 2024\u2019te 11 milyon 810 bin ki\u015fi olarak ger\u00e7ekle\u015fti. T\u00dc\u0130K\u2019e g\u00f6re pandemi \u00f6ncesinde, 2019 Haziran\u2019da y\u00fczde 13,7 olan dar tan\u0131ml\u0131 i\u015fsizlik Haziran 2024\u2019te y\u00fczde 9,2 olarak ger\u00e7ekle\u015fti. Ancak ayn\u0131 d\u00f6nemde geni\u015f tan\u0131ml\u0131 i\u015fsizlik oran\u0131 ise y\u00fczde 19,1\u2019den y\u00fczde 29,2\u2019ye y\u00fckseldi. Son 1 y\u0131lda geni\u015f tan\u0131ml\u0131 i\u015fsiz say\u0131s\u0131 2 milyon 668 bin artarak 9,1 milyondan 11,8 milyona y\u00fckseldi. Covid-19 salg\u0131n\u0131 sonras\u0131 geni\u015f tan\u0131ml\u0131 i\u015fsizlik oran\u0131 10 puan, geni\u015f tan\u0131ml\u0131 i\u015fsiz say\u0131s\u0131 ise 5 milyon 205 bin ki\u015fi artt\u0131.<\/p>\n<p style=\"font-weight: 400;\">T\u00dc\u0130K taraf\u0131ndan yay\u0131mlanan H\u0130A verilerine g\u00f6re Geni\u015f tan\u0131ml\u0131 i\u015fsiz say\u0131s\u0131 son bir y\u0131lda 2 milyon 668 bin, son bir ayda ise 1 milyon 718 bin ki\u015fi artt\u0131.<\/p>\n<p style=\"font-weight: 400;\">Potansiyel i\u015fg\u00fcc\u00fc say\u0131s\u0131 son bir y\u0131lda 1 milyon 82 bin ki\u015fi artarak 3,5 milyondan 4,6 milyona y\u00fckseldi. Potansiyel i\u015fg\u00fcc\u00fcndeki art\u0131\u015f son bir ayl\u0131k d\u00f6nemde 769 bin ki\u015fi oldu. Zamana ba\u011fl\u0131 eksik istihdam kapsam\u0131ndaki art\u0131\u015f ise \u00e7ok daha \u00e7arp\u0131c\u0131 oldu. Haftal\u0131k 40 saatten daha az \u00e7al\u0131\u015fan ve imk\u00e2n\u0131 olmas\u0131 durumunda daha \u00e7ok \u00e7al\u0131\u015fmay\u0131 isteyenleri kapsayan zamana ba\u011fl\u0131 eksik istihdam edilenlerin say\u0131s\u0131 son bir y\u0131lda 2,4 milyondan 3,9 milyona y\u00fckselerek 1 milyon 544 bin ki\u015fi artt\u0131. Zamana ba\u011fl\u0131 eksik istihdam edilenlerin say\u0131s\u0131 son bir ayda ise 715 bin ki\u015fi artt\u0131. Zamana ba\u011fl\u0131 eksik istihdamdaki art\u0131\u015f ge\u00e7im s\u0131k\u0131nt\u0131s\u0131n\u0131n sonucu olarak ortaya \u00e7\u0131k\u0131yor.<\/p>\n<p style=\"font-weight: 400;\">Rapordan di\u011fer bulgular \u015f\u00f6yle:<\/p>\n<ul style=\"font-weight: 400;\">\n<li>May\u0131s 2024\u2019te mevsim etkisinden ar\u0131nd\u0131r\u0131lm\u0131\u015f H\u0130A verilerine g\u00f6re i\u015fsizlik t\u00fcrlerinin en y\u00fcksek oldu\u011fu kategori y\u00fczde 37 ile geni\u015f tan\u0131ml\u0131 kad\u0131n i\u015fsizli\u011fi olmaya devam ediyor.<\/li>\n<li>Resmi i\u015fsizlerin yakla\u015f\u0131k y\u00fczde 90\u2019\u0131 i\u015fsizlik \u00f6dene\u011fi alam\u0131yor!<\/li>\n<li>Geni\u015f ve dar tan\u0131ml\u0131 i\u015fsizlik fark\u0131 20 puan!<\/li>\n<\/ul>\n<figure id=\"attachment_11839\" aria-describedby=\"caption-attachment-11839\" style=\"width: 1024px\" class=\"wp-caption aligncenter\"><a href=\"http:\/\/arastirma.disk.org.tr\/wp-content\/uploads\/2024\/08\/ISSIZLIK-VE-ISTIHDAMIN-GORUNUMU-Agustos-2024.pdf\"><img fetchpriority=\"high\" decoding=\"async\" class=\"wp-image-11839 size-large\" src=\"http:\/\/arastirma.disk.org.tr\/wp-content\/uploads\/2024\/08\/onde-cikanjpeg-1024x767.jpeg\" alt=\"\" width=\"1024\" height=\"767\" srcset=\"https:\/\/arastirma.disk.org.tr\/wp-content\/uploads\/2024\/08\/onde-cikanjpeg-1024x767.jpeg 1024w, https:\/\/arastirma.disk.org.tr\/wp-content\/uploads\/2024\/08\/onde-cikanjpeg-300x225.jpeg 300w, https:\/\/arastirma.disk.org.tr\/wp-content\/uploads\/2024\/08\/onde-cikanjpeg-768x576.jpeg 768w, https:\/\/arastirma.disk.org.tr\/wp-content\/uploads\/2024\/08\/onde-cikanjpeg-1536x1151.jpeg 1536w, https:\/\/arastirma.disk.org.tr\/wp-content\/uploads\/2024\/08\/onde-cikanjpeg-480x360.jpeg 480w, https:\/\/arastirma.disk.org.tr\/wp-content\/uploads\/2024\/08\/onde-cikanjpeg.jpeg 1600w\" sizes=\"(max-width: 1024px) 100vw, 1024px\" \/><\/a><figcaption id=\"caption-attachment-11839\" class=\"wp-caption-text\">Rapora eri\u015fmek i\u00e7in g\u00f6rsele t\u0131klay\u0131n\u0131z.<\/figcaption><\/figure>\n","protected":false},"excerpt":{"rendered":"<p>Geni\u015f tan\u0131ml\u0131 i\u015fsiz 12 milyona dayand\u0131! D\u0130SK-AR \u0130\u015fsizlik ve \u0130stihdam\u0131n G\u00f6r\u00fcn\u00fcm\u00fc Raporu (A\u011fustos 2024) Yay\u0131mland\u0131! Geni\u015f tan\u0131ml\u0131 i\u015fsizlik pandemi d\u00f6neminin \u00fczerinde! Geni\u015f tan\u0131ml\u0131 i\u015fsizlik oran\u0131&#8230;<\/p>\n","protected":false},"author":3,"featured_media":11839,"comment_status":"closed","ping_status":"closed","sticky":false,"template":"template-c-s2-post.php","format":"standard","meta":{"footnotes":""},"categories":[6,11,278],"tags":[364,517,39],"class_list":["post-11832","post","type-post","status-publish","format-standard","has-post-thumbnail","hentry","category-guncel","category-issizlik","category-manset","tag-issizlik-raporlari","tag-issizlik-ve-istihdamin-gorunumu-agustos-2024","tag-tuik","wpcat-6-id","wpcat-11-id","wpcat-278-id"],"_links":{"self":[{"href":"https:\/\/arastirma.disk.org.tr\/index.php?rest_route=\/wp\/v2\/posts\/11832","targetHints":{"allow":["GET"]}}],"collection":[{"href":"https:\/\/arastirma.disk.org.tr\/index.php?rest_route=\/wp\/v2\/posts"}],"about":[{"href":"https:\/\/arastirma.disk.org.tr\/index.php?rest_route=\/wp\/v2\/types\/post"}],"author":[{"embeddable":true,"href":"https:\/\/arastirma.disk.org.tr\/index.php?rest_route=\/wp\/v2\/users\/3"}],"replies":[{"embeddable":true,"href":"https:\/\/arastirma.disk.org.tr\/index.php?rest_route=%2Fwp%2Fv2%2Fcomments&post=11832"}],"version-history":[{"count":4,"href":"https:\/\/arastirma.disk.org.tr\/index.php?rest_route=\/wp\/v2\/posts\/11832\/revisions"}],"predecessor-version":[{"id":11841,"href":"https:\/\/arastirma.disk.org.tr\/index.php?rest_route=\/wp\/v2\/posts\/11832\/revisions\/11841"}],"wp:featuredmedia":[{"embeddable":true,"href":"https:\/\/arastirma.disk.org.tr\/index.php?rest_route=\/wp\/v2\/media\/11839"}],"wp:attachment":[{"href":"https:\/\/arastirma.disk.org.tr\/index.php?rest_route=%2Fwp%2Fv2%2Fmedia&parent=11832"}],"wp:term":[{"taxonomy":"category","embeddable":true,"href":"https:\/\/arastirma.disk.org.tr\/index.php?rest_route=%2Fwp%2Fv2%2Fcategories&post=11832"},{"taxonomy":"post_tag","embeddable":true,"href":"https:\/\/arastirma.disk.org.tr\/index.php?rest_route=%2Fwp%2Fv2%2Ftags&post=11832"}],"curies":[{"name":"wp","href":"https:\/\/api.w.org\/{rel}","templated":true}]}}