{"id":11883,"date":"2024-08-19T11:57:38","date_gmt":"2024-08-19T08:57:38","guid":{"rendered":"https:\/\/arastirma.disk.org.tr\/?p=11883"},"modified":"2024-08-19T11:59:21","modified_gmt":"2024-08-19T08:59:21","slug":"calisabilir-659-milyon-kisinin-sadece-228-milyonu-kayitli-ve-tam-zamanli-istihdamda","status":"publish","type":"post","link":"https:\/\/arastirma.disk.org.tr\/?p=11883","title":{"rendered":"\u00c7al\u0131\u015fabilir 65,9 milyon ki\u015finin sadece 22,8 milyonu kay\u0131tl\u0131 ve tam zamanl\u0131 istihdamda!"},"content":{"rendered":"<h2 style=\"text-align: center;\">2. \u00e7eyrekte geni\u015f tan\u0131ml\u0131 i\u015fsiz say\u0131s\u0131 10 milyon 890 bin!<\/h2>\n<h4 style=\"text-align: center;\">D\u0130SK-AR \u0130\u015fsizlik ve \u0130stihdam\u0131n G\u00f6r\u00fcn\u00fcm\u00fc Raporu (2024 2. \u00c7eyrek) Yay\u0131mland\u0131!<\/h4>\n<ul style=\"font-weight: 400;\">\n<li>2024 2. \u00e7eyre\u011finde resmi istihdam oran\u0131 y\u00fczde 49,6 iken KAT\u0130 oran\u0131 y\u00fczde 34,6!<\/li>\n<li>2024 2. \u00e7eyre\u011finde geni\u015f tan\u0131ml\u0131 i\u015fsizlik oran\u0131 y\u00fczde 27,3!<\/li>\n<li>Her 5 kad\u0131ndan yaln\u0131zca 1\u2019i kay\u0131tl\u0131 ve tam zamanl\u0131 istihdamda!<\/li>\n<li>AKP d\u00f6neminde gen\u00e7 i\u015fsizli\u011fi 10 puan artt\u0131!<\/li>\n<li>Geni\u015f tan\u0131ml\u0131 i\u015fsizlik gen\u00e7lerde y\u00fczde 36,2, gen\u00e7 kad\u0131nlarda ise y\u00fczde 45,7!<\/li>\n<\/ul>\n<p><a href=\"http:\/\/arastirma.disk.org.tr\/wp-content\/uploads\/2024\/08\/Issizlik-ve-Istihdamin-Gorunumu-2024-2.-Ceyrek-.pdf\">Rapora eri\u015fmek i\u00e7in t\u0131klay\u0131n\u0131z.<\/a><\/p>\n<div>\n<p>T\u00fcrkiye \u0130statistik Kurumu\u2019nun (T\u00dc\u0130K) 2024 2. \u00e7eyrek d\u00f6nemine ait Hanehalk\u0131 \u0130\u015fg\u00fcc\u00fc Ara\u015ft\u0131rmas\u0131 (H\u0130A) 19 A\u011fustos 2024\u2019te yay\u0131mland\u0131. 2024 2. \u00e7eyrek d\u00f6nemi Nisan, May\u0131s ve Haziran 2024 aylar\u0131n\u0131 kaps\u0131yor ve T\u00dc\u0130K\u2019in yeni metodolojisine dayan\u0131yor. Bilindi\u011fi gibi T\u00dc\u0130K, Mart 2021\u2019den beri ayl\u0131k ve \u00fc\u00e7 ayl\u0131k verileri ayr\u0131 ayr\u0131 a\u00e7\u0131kl\u0131yor. Ayl\u0131k veriler daha s\u0131n\u0131rl\u0131 iken \u00fc\u00e7 ayl\u0131k veriler daha geni\u015f bir kapsama sahiptir. \u00d6te yandan, \u00e7eyreklik verilerin \u00fc\u00e7 ay\u0131 kaps\u0131yor olmas\u0131 sebebiyle, \u00e7eyreklik yay\u0131mlanan i\u015fsizlik ve istihdam verileri, ayl\u0131k verilerden farkl\u0131l\u0131klar g\u00f6stermektedir.<\/p>\n<\/div>\n<div>\n<p>TU\u0308I\u0307K\u2019in resmi istihdam oran\u0131 2024 2. \u00e7eyrekte y\u00fczde 49,6 olarak a\u00e7\u0131klan\u0131rken, DI\u0307SK-AR taraf\u0131ndan TU\u0308I\u0307K verilerinden hareketle hesaplanan Kay\u0131tl\u0131 Tam Zamanl\u0131 \u0130stihdam (KATI\u0307) oran\u0131 y\u00fczde 34,6 olarak ger\u00e7ekle\u015fti. Kad\u0131nlarda resmi istihdam oran\u0131 y\u00fczde 32,5 iken KAT\u0130 oran\u0131 y\u00fczde 20 ve erkeklerde resmi istihdam oran\u0131 y\u00fczde 67 olarak a\u00e7\u0131klanm\u0131\u015fken KAT\u0130 oran\u0131 y\u00fczde 49,5 olarak hesapland\u0131.<\/p>\n<\/div>\n<div>\n<p>D\u0130SK-AR taraf\u0131ndan yap\u0131lan KAT\u0130 hesaplamas\u0131yla \u00e7al\u0131\u015fma \u00e7a\u011f\u0131ndaki (15+ ya\u015f) 65,9 milyon ki\u015finin sadece 22,8 milyonu kay\u0131tl\u0131 ve tam zamanl\u0131 istihdam (KAT\u0130) kapsam\u0131nda \u00e7al\u0131\u015ft\u0131\u011f\u0131 ortaya \u00e7\u0131kt\u0131. \u00c7al\u0131\u015fma \u00e7a\u011f\u0131ndaki 33,3 milyon kad\u0131n\u0131n sadece 6,7 milyonu kay\u0131tl\u0131 ve tam zamanl\u0131 istidamda (KAT\u0130), \u00e7al\u0131\u015fma \u00e7a\u011f\u0131ndaki 32,6 milyon erke\u011fin ise 16,1 milyonu kay\u0131tl\u0131 ve tam zamanl\u0131 istihdamda yer al\u0131yor. Bu durum nispeten nitelikli istihdam\u0131n d\u00fc\u015f\u00fckl\u00fc\u011f\u00fcn\u00fc ortaya koyuyor.<\/p>\n<\/div>\n<div>\n<p>T\u00dc\u0130K\u2019in 2024 2. \u00e7eyrek \u00fc\u00e7 ayl\u0131k verilerine g\u00f6re hem dar hem geni\u015f tan\u0131ml\u0131 i\u015fsizli\u011fin cinsiyete g\u00f6re da\u011f\u0131l\u0131m\u0131na bak\u0131ld\u0131\u011f\u0131nda kad\u0131nlarda i\u015fsizli\u011fin \u00e7ok daha y\u00fcksek oldu\u011fu g\u00f6r\u00fcl\u00fcyor. 2024 2. \u00e7eyre\u011finde dar tan\u0131ml\u0131 i\u015fsizlik erkeklerde y\u00fczde 7,3 ve kad\u0131nlarda ise y\u00fczde 11,7 olarak a\u00e7\u0131kland\u0131. Geni\u015f tan\u0131ml\u0131 i\u015fsizlik (\u00e2t\u0131l i\u015fg\u00fcc\u00fc) oran\u0131 ise erkeklerde y\u00fczde 22,8 ve kad\u0131nlarda y\u00fczde 35 olarak ger\u00e7ekle\u015fti.<\/p>\n<\/div>\n<div>\n<p>Gen\u00e7lerde i\u015fsizlik oranlar\u0131n\u0131n genel i\u015fsizlik oranlar\u0131ndan daha y\u00fcksek seyretti\u011fi biliniyor. \u00d6te yandan AKP d\u00f6neminde gen\u00e7lerde i\u015fsizlik vahim bir hal ald\u0131.\u00a0 AKP\u2019nin iktidara geldi\u011fi 2002 3. \u00e7eyre\u011finden bu yana gen\u00e7lerde geni\u015f tan\u0131ml\u0131 i\u015fsizlik oran\u0131 y\u00fczde 26\u2019dan y\u00fczde 36\u2019y\u0131 a\u015ft\u0131. AKP d\u00f6neminde geni\u015f tan\u0131ml\u0131 gen\u00e7 i\u015fsizli\u011fi 10,1 puan y\u00fckseldi. AKP d\u00f6neminde gen\u00e7ler i\u015f bulma \u00fcmidini kaybettiler ve i\u015f aramaktan vazge\u00e7tiler.<\/p>\n<\/div>\n<div>\n<p>2024 2. \u00e7eyre\u011finde gen\u00e7 kad\u0131nlarda geni\u015f tan\u0131ml\u0131 i\u015fsizlik ise daha y\u00fcksek oranda seyretmeye devam ediyor. 15-24 ya\u015f aras\u0131 erkeklerde dar tan\u0131ml\u0131 i\u015fsizlik y\u00fczde 13,6 ve geni\u015f tan\u0131ml\u0131 i\u015fsizlik y\u00fczde 33 olarak hesaplan\u0131rken, 15-24 ya\u015f aras\u0131 gen\u00e7 kad\u0131nlarda ise dar tan\u0131ml\u0131 i\u015fsizlik y\u00fczde 20,2, geni\u015f tan\u0131ml\u0131 i\u015fsizlik y\u00fczde 45,7 olarak hesapland\u0131.<\/p>\n<figure id=\"attachment_11888\" aria-describedby=\"caption-attachment-11888\" style=\"width: 1024px\" class=\"wp-caption aligncenter\"><a href=\"http:\/\/arastirma.disk.org.tr\/wp-content\/uploads\/2024\/08\/Issizlik-ve-Istihdamin-Gorunumu-2024-2.-Ceyrek-.pdf\"><img fetchpriority=\"high\" decoding=\"async\" class=\"wp-image-11888 size-large\" src=\"http:\/\/arastirma.disk.org.tr\/wp-content\/uploads\/2024\/08\/WhatsApp-Image-2024-08-19-at-11.53.08-1024x767.jpeg\" alt=\"\" width=\"1024\" height=\"767\" srcset=\"https:\/\/arastirma.disk.org.tr\/wp-content\/uploads\/2024\/08\/WhatsApp-Image-2024-08-19-at-11.53.08-1024x767.jpeg 1024w, https:\/\/arastirma.disk.org.tr\/wp-content\/uploads\/2024\/08\/WhatsApp-Image-2024-08-19-at-11.53.08-300x225.jpeg 300w, https:\/\/arastirma.disk.org.tr\/wp-content\/uploads\/2024\/08\/WhatsApp-Image-2024-08-19-at-11.53.08-768x576.jpeg 768w, https:\/\/arastirma.disk.org.tr\/wp-content\/uploads\/2024\/08\/WhatsApp-Image-2024-08-19-at-11.53.08-1536x1151.jpeg 1536w, https:\/\/arastirma.disk.org.tr\/wp-content\/uploads\/2024\/08\/WhatsApp-Image-2024-08-19-at-11.53.08-480x360.jpeg 480w, https:\/\/arastirma.disk.org.tr\/wp-content\/uploads\/2024\/08\/WhatsApp-Image-2024-08-19-at-11.53.08.jpeg 1600w\" sizes=\"(max-width: 1024px) 100vw, 1024px\" \/><\/a><figcaption id=\"caption-attachment-11888\" class=\"wp-caption-text\">Rapora eri\u015fmek i\u00e7in g\u00f6rsele t\u0131klay\u0131n\u0131z.<\/figcaption><\/figure>\n<\/div>\n","protected":false},"excerpt":{"rendered":"<p>2. \u00e7eyrekte geni\u015f tan\u0131ml\u0131 i\u015fsiz say\u0131s\u0131 10 milyon 890 bin! D\u0130SK-AR \u0130\u015fsizlik ve \u0130stihdam\u0131n G\u00f6r\u00fcn\u00fcm\u00fc Raporu (2024 2. \u00c7eyrek) Yay\u0131mland\u0131! 2024 2. \u00e7eyre\u011finde resmi istihdam&#8230;<\/p>\n","protected":false},"author":3,"featured_media":11888,"comment_status":"closed","ping_status":"closed","sticky":false,"template":"template-c-s2-post.php","format":"standard","meta":{"footnotes":""},"categories":[6,11,278],"tags":[518],"class_list":["post-11883","post","type-post","status-publish","format-standard","has-post-thumbnail","hentry","category-guncel","category-issizlik","category-manset","tag-issizlik-ve-istihdamin-gorunumu-2024-2-ceyrek","wpcat-6-id","wpcat-11-id","wpcat-278-id"],"_links":{"self":[{"href":"https:\/\/arastirma.disk.org.tr\/index.php?rest_route=\/wp\/v2\/posts\/11883","targetHints":{"allow":["GET"]}}],"collection":[{"href":"https:\/\/arastirma.disk.org.tr\/index.php?rest_route=\/wp\/v2\/posts"}],"about":[{"href":"https:\/\/arastirma.disk.org.tr\/index.php?rest_route=\/wp\/v2\/types\/post"}],"author":[{"embeddable":true,"href":"https:\/\/arastirma.disk.org.tr\/index.php?rest_route=\/wp\/v2\/users\/3"}],"replies":[{"embeddable":true,"href":"https:\/\/arastirma.disk.org.tr\/index.php?rest_route=%2Fwp%2Fv2%2Fcomments&post=11883"}],"version-history":[{"count":4,"href":"https:\/\/arastirma.disk.org.tr\/index.php?rest_route=\/wp\/v2\/posts\/11883\/revisions"}],"predecessor-version":[{"id":11889,"href":"https:\/\/arastirma.disk.org.tr\/index.php?rest_route=\/wp\/v2\/posts\/11883\/revisions\/11889"}],"wp:featuredmedia":[{"embeddable":true,"href":"https:\/\/arastirma.disk.org.tr\/index.php?rest_route=\/wp\/v2\/media\/11888"}],"wp:attachment":[{"href":"https:\/\/arastirma.disk.org.tr\/index.php?rest_route=%2Fwp%2Fv2%2Fmedia&parent=11883"}],"wp:term":[{"taxonomy":"category","embeddable":true,"href":"https:\/\/arastirma.disk.org.tr\/index.php?rest_route=%2Fwp%2Fv2%2Fcategories&post=11883"},{"taxonomy":"post_tag","embeddable":true,"href":"https:\/\/arastirma.disk.org.tr\/index.php?rest_route=%2Fwp%2Fv2%2Ftags&post=11883"}],"curies":[{"name":"wp","href":"https:\/\/api.w.org\/{rel}","templated":true}]}}