{"id":11930,"date":"2024-09-03T12:14:05","date_gmt":"2024-09-03T09:14:05","guid":{"rendered":"https:\/\/arastirma.disk.org.tr\/?p=11930"},"modified":"2024-09-03T12:14:05","modified_gmt":"2024-09-03T09:14:05","slug":"enflasyonda-mizrak-cuvala-sigmiyor","status":"publish","type":"post","link":"https:\/\/arastirma.disk.org.tr\/?p=11930","title":{"rendered":"Enflasyonda m\u0131zrak \u00e7uvala s\u0131\u011fm\u0131yor!"},"content":{"rendered":"<ul>\n<li><strong>T\u00dc\u0130K\u2019e g\u00f6re y\u0131ll\u0131k resmi enflasyon baz etkisiyle y\u00fczde 52 oldu.<br \/>\n<\/strong><\/li>\n<li><strong>Ancak enflasyonda m\u0131zrak \u00e7uvala s\u0131\u011fm\u0131yor. Resmi enflasyonun \u00fczerinde art\u0131\u015f g\u00f6steren 86 ana grup ve alt grubu var!<\/strong><\/li>\n<li><strong>Son bir y\u0131lda kira y\u00fczde 121, e\u011fitim y\u00fczde 121, konut masraflar\u0131 y\u00fczde 100 artt\u0131!<\/strong><\/li>\n<li><strong>Resmi g\u0131da enflasyonu y\u00fczde 44,8 iken dar gelirlinin g\u0131da enflasyonu 80!<\/strong><\/li>\n<li><strong>Resmi verilere g\u00f6re 2003\u2019ten bu yana ortalama fiyatlar 20 kat, g\u0131da fiyatlar\u0131 ise 31 kat artt\u0131!<\/strong><\/li>\n<li><strong>T\u00dc\u0130K verileri \u00fczerindeki \u015faibe s\u00fcr\u00fcyor. T\u00dc\u0130K yarg\u0131 karar\u0131na ra\u011fmen yine madde fiyat listesini yine a\u00e7\u0131klamad\u0131.<\/strong><\/li>\n<\/ul>\n<p>2024 A\u011fustos d\u00f6nemine ait T\u00dc\u0130K T\u00fcketici Fiyat Endeksi (T\u00dcFE) 3 Eyl\u00fcl 2024\u2019te yay\u0131mland\u0131. T\u00dc\u0130K verilerine g\u00f6re T\u00dcFE\u2019deki (2003:100) de\u011fi\u015fim 2024 A\u011fustos&#8217;ta bir \u00f6nceki aya g\u00f6re y\u00fczde 2,47 ve bir \u00f6nceki y\u0131l\u0131n ayn\u0131 ay\u0131na g\u00f6re y\u00fczde 51,97 oldu. 2024 y\u0131l\u0131n\u0131n ilk sekiz ay\u0131nda ortalama fiyat art\u0131\u015f oran\u0131 ise y\u00fczde 31,94 olarak ger\u00e7ekle\u015fti.<\/p>\n<p>2024 A\u011fustos d\u00f6neminde en y\u00fcksek fiyat art\u0131\u015f\u0131 y\u0131ll\u0131k y\u00fczde 120,81 ile e\u011fitim oldu. \u0130kinci en y\u00fcksek fiyat art\u0131\u015f\u0131n\u0131n g\u00f6r\u00fcld\u00fc\u011f\u00fc harcama grubu y\u0131ll\u0131k y\u00fczde 101,49 art\u0131\u015fla konut olurken \u00fc\u00e7\u00fcnc\u00fc harcama grubu ise y\u00fczde 67,70 ile lokanta ve oteller oldu.<\/p>\n<p>T\u00dc\u0130K&#8217;in 2024 A\u011fustos d\u00f6neminde ortalama resmi enflasyonu y\u00fczde 52 oran\u0131nda a\u00e7\u0131klamas\u0131na kar\u015f\u0131l\u0131k enflasyona esas ana grup ve alt grup maddelerinin 89&#8217;undaki art\u0131\u015f, ortalama enflasyonun \u00fczerinde ger\u00e7ekle\u015fti. Son bir y\u0131lda en y\u00fcksek art\u0131\u015f g\u00f6r\u00fclen grup \u015fehir gaz\u0131 ve do\u011falgaz oldu. Genel se\u00e7imler \u00f6ncesi bir se\u00e7im \u00e7al\u0131\u015fmas\u0131 olarak H\u00fck\u00fcmet&#8217;in do\u011falgaz faturalar\u0131n\u0131 s\u0131f\u0131rlamas\u0131 sonras\u0131 T\u00dc\u0130K&#8217;in do\u011falgaz fiyat\u0131n\u0131 &#8220;s\u0131f\u0131r&#8221; olarak hesaplamas\u0131 sebebiyle \u015fehir gaz\u0131 ve do\u011falgazdaki bir y\u0131ll\u0131k art\u0131\u015f y\u00fczde 7,8 milyon oldu!<\/p>\n<p><strong>\u015eehir gaz\u0131 ve do\u011falgazdaki devasa art\u0131\u015f sonras\u0131, bir y\u0131lda en y\u00fcksek art\u0131\u015f\u0131n g\u00f6r\u00fcld\u00fc\u011f\u00fc ilk 5 grup art\u0131\u015f y\u00fczde 495,8 ile gaz, y\u00fczde 227,4 ile \u00fcniversite e\u011fitimi, y\u00fczde 143,1 ile konut sigortas\u0131, y\u00fczde 127,3 ile elektrik, gaz ve di\u011fer yak\u0131tlar ve y\u00fczde 121,3 ile kirac\u0131 taraf\u0131ndan \u00f6denen ger\u00e7ek kira oldu.<\/strong><\/p>\n<p><img fetchpriority=\"high\" decoding=\"async\" class=\"aligncenter size-full wp-image-11953\" src=\"http:\/\/arastirma.disk.org.tr\/wp-content\/uploads\/2024\/09\/Ekran-Resmi-2024-09-03-11.33.17.png\" alt=\"\" width=\"928\" height=\"950\" srcset=\"https:\/\/arastirma.disk.org.tr\/wp-content\/uploads\/2024\/09\/Ekran-Resmi-2024-09-03-11.33.17.png 928w, https:\/\/arastirma.disk.org.tr\/wp-content\/uploads\/2024\/09\/Ekran-Resmi-2024-09-03-11.33.17-293x300.png 293w, https:\/\/arastirma.disk.org.tr\/wp-content\/uploads\/2024\/09\/Ekran-Resmi-2024-09-03-11.33.17-768x786.png 768w\" sizes=\"(max-width: 928px) 100vw, 928px\" \/> <img decoding=\"async\" class=\"aligncenter size-full wp-image-11956\" src=\"http:\/\/arastirma.disk.org.tr\/wp-content\/uploads\/2024\/09\/Ekran-Resmi-2024-09-03-11.35.51.png\" alt=\"\" width=\"927\" height=\"926\" srcset=\"https:\/\/arastirma.disk.org.tr\/wp-content\/uploads\/2024\/09\/Ekran-Resmi-2024-09-03-11.35.51.png 927w, https:\/\/arastirma.disk.org.tr\/wp-content\/uploads\/2024\/09\/Ekran-Resmi-2024-09-03-11.35.51-300x300.png 300w, https:\/\/arastirma.disk.org.tr\/wp-content\/uploads\/2024\/09\/Ekran-Resmi-2024-09-03-11.35.51-768x767.png 768w, https:\/\/arastirma.disk.org.tr\/wp-content\/uploads\/2024\/09\/Ekran-Resmi-2024-09-03-11.35.51-230x230.png 230w, https:\/\/arastirma.disk.org.tr\/wp-content\/uploads\/2024\/09\/Ekran-Resmi-2024-09-03-11.35.51-100x100.png 100w\" sizes=\"(max-width: 927px) 100vw, 927px\" \/><\/p>\n<p>T\u00dc\u0130K madde fiyat listesini Haziran 2022\u2019den bu yana a\u00e7\u0131klamad\u0131\u011f\u0131 i\u00e7in \u00fcr\u00fcn ve hizmet baz\u0131nda ortalama fiyatlar tam olarak bilinmiyor. <strong>T\u00dc\u0130K, D\u0130SK taraf\u0131ndan a\u00e7\u0131lan ve kazan\u0131lan davaya ra\u011fmen yarg\u0131 karar\u0131n\u0131 uygulamay\u0131 reddetti. Bu nedenle enflasyon oran\u0131n\u0131 hesaplanmas\u0131na kaynak te\u015fkil eden madde fiyat listesi g\u00f6r\u00fclemiyor.\u00a0<a href=\"https:\/\/disk.org.tr\/2024\/06\/kesinlesmis-yargi-kararlarini-hice-sayan-tuike-savcilik-destegi\/\">Ankara Cumhuriyet Ba\u015fsavc\u0131l\u0131\u011f\u0131n hukuksuz i\u015fleme koymama karar\u0131, T\u00dc\u0130K\u2019in madde sepeti ve ortalama madde fiyatlar\u0131na ili\u015fkin veri setini a\u00e7\u0131klama y\u00fck\u00fcml\u00fcl\u00fc\u011f\u00fcn\u00fc ortadan kald\u0131rmamaktad\u0131r.<\/a> T\u00fcrkiye Cumhuriyeti\u2019nin kurumlar\u0131 keyfi olarak hareket edemez. T\u00dc\u0130K\u2019in y\u00f6neticileri Anayasa ve yasalar gere\u011fi mahkeme kararlar\u0131n\u0131 gecikmesizin yerine getirmek zorundad\u0131rlar.<\/strong><\/p>\n<h3 style=\"text-align: center;\"><strong>Resmi g\u0131da enflasyonu y\u00fczde 44,8 iken dar gelirlinin g\u0131da enflasyonu y\u00fczde 62-80 band\u0131nda!<\/strong><\/h3>\n<p><img decoding=\"async\" class=\"aligncenter size-full wp-image-11936\" src=\"http:\/\/arastirma.disk.org.tr\/wp-content\/uploads\/2024\/09\/Ekran-Resmi-2024-09-03-10.04.28.png\" alt=\"\" width=\"876\" height=\"548\" srcset=\"https:\/\/arastirma.disk.org.tr\/wp-content\/uploads\/2024\/09\/Ekran-Resmi-2024-09-03-10.04.28.png 876w, https:\/\/arastirma.disk.org.tr\/wp-content\/uploads\/2024\/09\/Ekran-Resmi-2024-09-03-10.04.28-300x188.png 300w, https:\/\/arastirma.disk.org.tr\/wp-content\/uploads\/2024\/09\/Ekran-Resmi-2024-09-03-10.04.28-768x480.png 768w\" sizes=\"(max-width: 876px) 100vw, 876px\" \/><\/p>\n<p>T\u00dc\u0130K, A\u011fustos 2024 d\u00f6neminde g\u0131da enflasyonunu y\u00fczde 44,8 olarak a\u00e7\u0131klad\u0131. Ancak bu enflasyon halk\u0131n hissetti\u011fi ger\u00e7ek enflasyonu yans\u0131tmaktan olduk\u00e7a uzak bir oran. D\u0130SK-AR\u2019\u0131n \u00a0T\u00dc\u0130K verilerinden yararlanarak yapt\u0131\u011f\u0131 hesaplamaya g\u00f6re emeklilerde g\u0131da enflasyonu y\u00fczde 61,9 oldu. \u00dc\u00e7\u00fcnc\u00fc y\u00fczde 20\u2019lik gelir grubunun g\u0131da enflasyonu y\u00fczde \u00a050,1 olurken, d\u00fc\u015f\u00fck gelirli ikinci y\u00fczde 20\u2019lik grubun g\u0131da enflasyonu y\u00fczde 62,7 ve en yoksul y\u00fczde 20\u2019lik gelir grubun g\u0131da enflasyonu ise y\u00fczde 79,7 olarak ger\u00e7ekle\u015fti.<\/p>\n<p>Y\u00fcksek gelir gruplar\u0131n\u0131n daha d\u00fc\u015f\u00fck g\u0131da enflasyonu hissetti\u011fi g\u00f6r\u00fcl\u00fcyor. D\u00f6rd\u00fcnc\u00fc (y\u00fcksek) y\u00fczde 20\u2019lik gelir grubunun g\u0131da enflasyonu y\u00fczde 43,8 olurken, en y\u00fcksek gelir grubunun g\u0131da enflasyonu ise y\u00fczde 31,6 oldu. B\u00f6ylece en yoksul gelir grubunun g\u0131da enflasyonu y\u00fczde 79,7 olurken, en y\u00fcksek gelir grubunun g\u0131da enflasyonu y\u00fczde 32 d\u00fczeyinde kald\u0131. Bu durum enflasyonun gelir gruplar\u0131na, farkl\u0131 toplumsal kesim ve s\u0131n\u0131flara g\u00f6re \u00f6nemli \u00f6l\u00e7\u00fcde farkl\u0131 hissedildi\u011fini ortaya koyuyor.<\/p>\n<p><strong>G\u0131da enflasyonunda oldu\u011fu gibi resmi ortalama enflasyon oranlar\u0131 da d\u00fc\u015f\u00fck gelirlilerin, emek\u00e7ilerin g\u00fcnl\u00fck ya\u015famda kar\u015f\u0131la\u015ft\u0131\u011f\u0131 ve hissetti\u011fi oranlar de\u011fildir. Uluslararas\u0131 alanda Avrupa, ABD, Almanya ve Japonya Merkez Bankalar\u0131 gibi \u00e7e\u015fitli kurulu\u015flar taraf\u0131ndan hissedilen\/alg\u0131lanan ve beklenen t\u00fcketici enflasyonu d\u00fczenli olarak yay\u0131mlan\u0131yor. Ancak T\u00dc\u0130K, ayl\u0131k T\u00fcketici E\u011filim Anketi ger\u00e7ekle\u015ftirmesine ra\u011fmen, bunun \u00e7\u0131kt\u0131s\u0131 olan \u201chissedilen\/alg\u0131lanan enflasyon\u201du a\u00e7\u0131klam\u0131yor.\u00a0<\/strong><strong>T\u00dc\u0130K, uluslararas\u0131 kurulu\u015flar\u0131n yapt\u0131\u011f\u0131 gibi halk\u0131n hissetti\u011fi\/alg\u0131lad\u0131\u011f\u0131 enflasyon oran\u0131 ve beklenen enflasyonu da elinde haz\u0131r bulunan verileri i\u015fleyerek yeni bir veri olarak yay\u0131mlamal\u0131d\u0131r. \u00a0T\u00dc\u0130K ayr\u0131ca gelir gruplar\u0131na g\u00f6re enflasyon farkl\u0131la\u015fmas\u0131n\u0131 da a\u00e7\u0131klamal\u0131d\u0131r.<\/strong><\/p>\n<p><img loading=\"lazy\" decoding=\"async\" class=\"aligncenter size-full wp-image-11944\" src=\"http:\/\/arastirma.disk.org.tr\/wp-content\/uploads\/2024\/09\/Ekran-Resmi-2024-09-03-10.23.23.png\" alt=\"\" width=\"945\" height=\"654\" srcset=\"https:\/\/arastirma.disk.org.tr\/wp-content\/uploads\/2024\/09\/Ekran-Resmi-2024-09-03-10.23.23.png 945w, https:\/\/arastirma.disk.org.tr\/wp-content\/uploads\/2024\/09\/Ekran-Resmi-2024-09-03-10.23.23-300x208.png 300w, https:\/\/arastirma.disk.org.tr\/wp-content\/uploads\/2024\/09\/Ekran-Resmi-2024-09-03-10.23.23-768x532.png 768w\" sizes=\"(max-width: 945px) 100vw, 945px\" \/><\/p>\n<p>T\u00dcFE ve g\u0131da fiyatlar\u0131 endeksi artmaya devam ediyor. 2005 A\u011fustos&#8217;ta 117 olan T\u00dcFE endeksi, A\u011fustos 2024\u2019te 2.453&#8217;e y\u00fckseldi. 2005 A\u011fustos&#8217;ta 108 olan g\u0131da fiyatlar\u0131 endeksi ise 2024 A\u011fustos&#8217;ta 3374&#8217;e y\u00fckseldi. A\u011fustos 2005\u2019te y\u00fczde 7,9 olan y\u0131ll\u0131k enflasyon oran\u0131 A\u011fustos 2024\u2019te y\u00fczde 51,9 oldu. 2005\u2019te y\u00fczde 3,5 olan y\u0131ll\u0131k g\u0131da enflasyonu ise A\u011fustos 2024\u2019te y\u00fczde 44,8&#8217;e y\u00fckseldi.<\/p>\n<p>\u00d6te yandan son y\u0131llarda g\u0131da enflasyonu ile genel enflasyon aras\u0131ndaki fark a\u00e7\u0131lmaya ba\u015flad\u0131. A\u011fustos 2005\u2019te T\u00dcFE\u2019yle benzer seyreden g\u0131da fiyatlar\u0131 endeksi A\u011fustos 2024\u2019te T\u00dcFE\u2019nin 921 puan \u00fcst\u00fcne \u00e7\u0131kt\u0131.<\/p>\n<p><img loading=\"lazy\" decoding=\"async\" class=\"aligncenter size-full wp-image-11945\" src=\"http:\/\/arastirma.disk.org.tr\/wp-content\/uploads\/2024\/09\/Ekran-Resmi-2024-09-03-10.23.34.png\" alt=\"\" width=\"932\" height=\"629\" srcset=\"https:\/\/arastirma.disk.org.tr\/wp-content\/uploads\/2024\/09\/Ekran-Resmi-2024-09-03-10.23.34.png 932w, https:\/\/arastirma.disk.org.tr\/wp-content\/uploads\/2024\/09\/Ekran-Resmi-2024-09-03-10.23.34-300x202.png 300w, https:\/\/arastirma.disk.org.tr\/wp-content\/uploads\/2024\/09\/Ekran-Resmi-2024-09-03-10.23.34-768x518.png 768w\" sizes=\"(max-width: 932px) 100vw, 932px\" \/><\/p>\n<p style=\"text-align: center;\"><em><strong>Metodolojik a\u00e7\u0131klama:<\/strong><\/em><\/p>\n<p style=\"text-align: center;\"><em>Dar gelirlilerin ve emeklilerin g\u0131da enflasyonu hesab\u0131 T\u00dc\u0130K verileri kullan\u0131larak hesaplanmaktad\u0131r. Gelir gruplar\u0131na g\u00f6re g\u0131da enflasyonu hesaplamas\u0131 <a href=\"https:\/\/data.tuik.gov.tr\/Bulten\/Index?p=Hanehalki-Tuketim-Harcamasi-2022-49690#:~:text=Hanehalk\u0131%20b\u00fcy\u00fckl\u00fc\u011f\u00fcne%20g\u00f6re%20t\u00fcketim%20harcamalar\u0131n\u0131n,%16%2C8%20pay%20ay\u0131rd\u0131.\">T\u00dc\u0130K\u2019in gelire g\u00f6re t\u00fcketim harcamas\u0131n\u0131n ve temel gelir kayna\u011f\u0131n\u0131n hanehalk\u0131 t\u00fcketim harcamas\u0131n\u0131n t\u00fcrlerine g\u00f6re da\u011f\u0131l\u0131m\u0131 (2023) verileri<\/a> ile ana harcama gruplar\u0131na g\u00f6re T\u00dcFE verileri esas al\u0131narak yap\u0131lmaktad\u0131r. D\u0130SK-AR&#8217;\u0131n bu \u00e7al\u0131\u015fmas\u0131 ayr\u0131 bir fiyat derleme \u00e7al\u0131\u015famas\u0131 olmay\u0131p <\/em>T\u00dc\u0130K&#8217;in bu iki verisinden hareketle gelir gruplar\u0131n\u0131n ve emeklilerin g\u0131da harcamas\u0131 a\u011f\u0131rl\u0131\u011f\u0131na g\u00f6re g\u0131da enflasyonun yeniden hesaplamaktad\u0131r.<\/p>\n<p>\u00d6ne \u00e7\u0131kan g\u00f6rseli: iStok<\/p>\n","protected":false},"excerpt":{"rendered":"<p>T\u00dc\u0130K\u2019e g\u00f6re y\u0131ll\u0131k resmi enflasyon baz etkisiyle y\u00fczde 52 oldu. Ancak enflasyonda m\u0131zrak \u00e7uvala s\u0131\u011fm\u0131yor. Resmi enflasyonun \u00fczerinde art\u0131\u015f g\u00f6steren 86 ana grup ve alt&#8230;<\/p>\n","protected":false},"author":3,"featured_media":11957,"comment_status":"closed","ping_status":"closed","sticky":false,"template":"template-c-s2-post.php","format":"standard","meta":{"footnotes":""},"categories":[6],"tags":[104,520,39],"class_list":["post-11930","post","type-post","status-publish","format-standard","has-post-thumbnail","hentry","category-guncel","tag-enflasyon","tag-enflasyon-eylul-2024","tag-tuik","wpcat-6-id"],"_links":{"self":[{"href":"https:\/\/arastirma.disk.org.tr\/index.php?rest_route=\/wp\/v2\/posts\/11930","targetHints":{"allow":["GET"]}}],"collection":[{"href":"https:\/\/arastirma.disk.org.tr\/index.php?rest_route=\/wp\/v2\/posts"}],"about":[{"href":"https:\/\/arastirma.disk.org.tr\/index.php?rest_route=\/wp\/v2\/types\/post"}],"author":[{"embeddable":true,"href":"https:\/\/arastirma.disk.org.tr\/index.php?rest_route=\/wp\/v2\/users\/3"}],"replies":[{"embeddable":true,"href":"https:\/\/arastirma.disk.org.tr\/index.php?rest_route=%2Fwp%2Fv2%2Fcomments&post=11930"}],"version-history":[{"count":23,"href":"https:\/\/arastirma.disk.org.tr\/index.php?rest_route=\/wp\/v2\/posts\/11930\/revisions"}],"predecessor-version":[{"id":11965,"href":"https:\/\/arastirma.disk.org.tr\/index.php?rest_route=\/wp\/v2\/posts\/11930\/revisions\/11965"}],"wp:featuredmedia":[{"embeddable":true,"href":"https:\/\/arastirma.disk.org.tr\/index.php?rest_route=\/wp\/v2\/media\/11957"}],"wp:attachment":[{"href":"https:\/\/arastirma.disk.org.tr\/index.php?rest_route=%2Fwp%2Fv2%2Fmedia&parent=11930"}],"wp:term":[{"taxonomy":"category","embeddable":true,"href":"https:\/\/arastirma.disk.org.tr\/index.php?rest_route=%2Fwp%2Fv2%2Fcategories&post=11930"},{"taxonomy":"post_tag","embeddable":true,"href":"https:\/\/arastirma.disk.org.tr\/index.php?rest_route=%2Fwp%2Fv2%2Ftags&post=11930"}],"curies":[{"name":"wp","href":"https:\/\/api.w.org\/{rel}","templated":true}]}}