{"id":11969,"date":"2024-09-10T12:25:44","date_gmt":"2024-09-10T09:25:44","guid":{"rendered":"https:\/\/arastirma.disk.org.tr\/?p=11969"},"modified":"2024-09-10T12:27:08","modified_gmt":"2024-09-10T09:27:08","slug":"turkiyede-issizlik-ab-oecd-ve-abdden-cok-daha-yuksek","status":"publish","type":"post","link":"https:\/\/arastirma.disk.org.tr\/?p=11969","title":{"rendered":"T\u00fcrkiye\u2019de i\u015fsizlik AB, OECD ve ABD\u2019den \u00e7ok daha y\u00fcksek!"},"content":{"rendered":"<h4 style=\"text-align: center;\">D\u0130SK-AR \u0130\u015fsizlik ve \u0130stihdam\u0131n G\u00f6r\u00fcn\u00fcm\u00fc Raporu (Eyl\u00fcl 2024) Yay\u0131mland\u0131!<\/h4>\n<ul>\n<li>Son bir y\u0131lda geni\u015f tan\u0131ml\u0131 i\u015fsiz say\u0131s\u0131 yakla\u015f\u0131k 2 milyon artt\u0131!<\/li>\n<li>Temmuz 2024\u2019te geni\u015f tan\u0131ml\u0131 i\u015fsizlik oran\u0131 y\u00fczde 26,5, geni\u015f tan\u0131ml\u0131 i\u015fsiz say\u0131s\u0131 10,7 milyon!<\/li>\n<li>T\u00fcrkiye OECD \u00fclkeleri i\u00e7inde en y\u00fcksek i\u015fsizli\u011fe sahip d\u00f6rd\u00fcnc\u00fc \u00fclke!<\/li>\n<li>\u00a0T\u00fcrkiye\u2019de geni\u015f tan\u0131ml\u0131 i\u015fsizlik oran\u0131 AB ortalamas\u0131n\u0131n 2 ve ABD ortalamas\u0131n\u0131n ise 3,4 kat\u0131 d\u00fczeyinde!<\/li>\n<li>\u00a0Geni\u015f tan\u0131ml\u0131 kad\u0131n i\u015fsizli\u011fi y\u00fczde 37!<\/li>\n<\/ul>\n<p><a href=\"http:\/\/arastirma.disk.org.tr\/wp-content\/uploads\/2024\/09\/ISSIZLIK-VE-ISTIHDAMIN-GORUNUMU-Eylul-2024.pdf\">Rapora eri\u015fmek i\u00e7in t\u0131klay\u0131n\u0131z.<\/a><\/p>\n<p>T\u00dc\u0130K\u2019in Temmuz 2024 Hanehalk\u0131 \u0130\u015fg\u00fcc\u00fc Ara\u015ft\u0131rmas\u0131 (H\u0130A) sonu\u00e7lar\u0131 10 Eyl\u00fcl 2024\u2019te yay\u0131mland\u0131. Mevsim etkisinden ar\u0131nd\u0131r\u0131lm\u0131\u015f dar tan\u0131ml\u0131 i\u015fsizlik oran\u0131 y\u00fczde 8,8 mevsim etkisinden ar\u0131nd\u0131r\u0131lm\u0131\u015f geni\u015f tan\u0131ml\u0131 i\u015fsizlik oran\u0131 (\u00e2t\u0131l i\u015fg\u00fcc\u00fc) ise y\u00fczde 26,5 seviyesinde ger\u00e7ekle\u015fti. T\u00dc\u0130K\u2019e g\u00f6re T\u00fcrkiye genelinde 15 ve daha yukar\u0131 ya\u015ftaki ki\u015filerde dar tan\u0131ml\u0131 i\u015fsiz say\u0131s\u0131 (mevsim etkisinden ar\u0131nd\u0131r\u0131lm\u0131\u015f) 2024 Temmuz ay\u0131nda 3 milyon 167 bin oldu.<\/p>\n<p>D\u0130SK-AR taraf\u0131ndan T\u00dc\u0130K verilerinden yararlanarak yap\u0131lan hesaplamaya g\u00f6re mevsim etkisinden ar\u0131nd\u0131r\u0131lm\u0131\u015f geni\u015f tan\u0131ml\u0131 i\u015fsiz say\u0131s\u0131 ise Temmuz 2024\u2019te 10 milyon 681 bin ki\u015fi olarak ger\u00e7ekle\u015fti. T\u00dc\u0130K\u2019e g\u00f6re pandemi \u00f6ncesinde, 2019 Temmuz\u2019da y\u00fczde 13,9 olan dar tan\u0131ml\u0131 i\u015fsizlik Temmuz 2024\u2019te y\u00fczde 8,8 olarak ger\u00e7ekle\u015fti. Ancak ayn\u0131 d\u00f6nemde geni\u015f tan\u0131ml\u0131 i\u015fsizlik oran\u0131 ise y\u00fczde 19,3\u2019ten y\u00fczde 26,5\u2019e y\u00fckseldi. Son 1 y\u0131lda geni\u015f tan\u0131ml\u0131 i\u015fsiz say\u0131s\u0131 1 milyon 977 bin artarak 8,7 milyondan 10,7 milyona y\u00fckseldi. Covid-19 salg\u0131n\u0131 sonras\u0131 geni\u015f tan\u0131ml\u0131 i\u015fsizlik oran\u0131 7,2 puan, geni\u015f tan\u0131ml\u0131 i\u015fsiz say\u0131s\u0131 ise 4 milyon 75 bin ki\u015fi artt\u0131.<\/p>\n<p>T\u00fcrkiye\u2019de bir yandan kad\u0131nlar\u0131n istihdama kat\u0131lma oranlar\u0131 erkeklere g\u00f6re olduk\u00e7a d\u00fc\u015f\u00fck seyrederken \u00f6te yandan T\u00fcrkiye\u2019de kad\u0131n i\u015fsizli\u011fi erkeklere k\u0131yasla olduk\u00e7a y\u00fcksek seyretmeye devam ediyor. Kad\u0131n i\u015fsizli\u011fi ile erkek i\u015fsizli\u011fi aras\u0131ndaki fark a\u00e7\u0131l\u0131yor.<\/p>\n<p>T\u00dc\u0130K taraf\u0131ndan a\u00e7\u0131klanan d\u00f6rt ayr\u0131 i\u015fsizlik t\u00fcr\u00fcnde de kad\u0131n i\u015fsizli\u011fi erkek i\u015fsizli\u011finden olduk\u00e7a y\u00fcksek seyrediyor. Temmuz 2024\u2019te mevsim etkisinden ar\u0131nd\u0131r\u0131lm\u0131\u015f dar tan\u0131ml\u0131 i\u015fsizlik oran\u0131 erkeklerde y\u00fczde 7,0 iken kad\u0131nlarda y\u00fczde 12,4 olarak ger\u00e7ekle\u015fti. Geni\u015f tan\u0131ml\u0131 i\u015fsizlik (\u00e2t\u0131l i\u015fg\u00fcc\u00fc) erkeklerde y\u00fczde 21,1 kad\u0131nlarda ise y\u00fczde 35,7 olarak hesapland\u0131. Geni\u015f tan\u0131ml\u0131 kad\u0131n i\u015fsizli\u011fi ile geni\u015f tan\u0131ml\u0131 erkek i\u015fsizli\u011fi aras\u0131ndaki fark 14,6 puand\u0131r.<\/p>\n<p><a href=\"http:\/\/arastirma.disk.org.tr\/wp-content\/uploads\/2024\/09\/ISSIZLIK-VE-ISTIHDAMIN-GORUNUMU-Eylul-2024.pdf\"><img fetchpriority=\"high\" decoding=\"async\" class=\"aligncenter size-full wp-image-11980\" src=\"http:\/\/arastirma.disk.org.tr\/wp-content\/uploads\/2024\/09\/Ekran-Resmi-2024-09-10-12.20.08.png\" alt=\"\" width=\"583\" height=\"830\" srcset=\"https:\/\/arastirma.disk.org.tr\/wp-content\/uploads\/2024\/09\/Ekran-Resmi-2024-09-10-12.20.08.png 583w, https:\/\/arastirma.disk.org.tr\/wp-content\/uploads\/2024\/09\/Ekran-Resmi-2024-09-10-12.20.08-211x300.png 211w\" sizes=\"(max-width: 583px) 100vw, 583px\" \/><\/a><\/p>\n<p>&nbsp;<\/p>\n","protected":false},"excerpt":{"rendered":"<p>D\u0130SK-AR \u0130\u015fsizlik ve \u0130stihdam\u0131n G\u00f6r\u00fcn\u00fcm\u00fc Raporu (Eyl\u00fcl 2024) Yay\u0131mland\u0131! Son bir y\u0131lda geni\u015f tan\u0131ml\u0131 i\u015fsiz say\u0131s\u0131 yakla\u015f\u0131k 2 milyon artt\u0131! Temmuz 2024\u2019te geni\u015f tan\u0131ml\u0131 i\u015fsizlik&#8230;<\/p>\n","protected":false},"author":3,"featured_media":1855,"comment_status":"closed","ping_status":"closed","sticky":false,"template":"template-c-s1-post.php","format":"standard","meta":{"footnotes":""},"categories":[3,6,11,278],"tags":[49,10,120,39],"class_list":["post-11969","post","type-post","status-publish","format-standard","has-post-thumbnail","hentry","category-arastirma","category-guncel","category-issizlik","category-manset","tag-genis-tanimli-issizlik","tag-issizlik","tag-kadin-issizligi","tag-tuik","wpcat-3-id","wpcat-6-id","wpcat-11-id","wpcat-278-id"],"_links":{"self":[{"href":"https:\/\/arastirma.disk.org.tr\/index.php?rest_route=\/wp\/v2\/posts\/11969","targetHints":{"allow":["GET"]}}],"collection":[{"href":"https:\/\/arastirma.disk.org.tr\/index.php?rest_route=\/wp\/v2\/posts"}],"about":[{"href":"https:\/\/arastirma.disk.org.tr\/index.php?rest_route=\/wp\/v2\/types\/post"}],"author":[{"embeddable":true,"href":"https:\/\/arastirma.disk.org.tr\/index.php?rest_route=\/wp\/v2\/users\/3"}],"replies":[{"embeddable":true,"href":"https:\/\/arastirma.disk.org.tr\/index.php?rest_route=%2Fwp%2Fv2%2Fcomments&post=11969"}],"version-history":[{"count":10,"href":"https:\/\/arastirma.disk.org.tr\/index.php?rest_route=\/wp\/v2\/posts\/11969\/revisions"}],"predecessor-version":[{"id":11983,"href":"https:\/\/arastirma.disk.org.tr\/index.php?rest_route=\/wp\/v2\/posts\/11969\/revisions\/11983"}],"wp:featuredmedia":[{"embeddable":true,"href":"https:\/\/arastirma.disk.org.tr\/index.php?rest_route=\/wp\/v2\/media\/1855"}],"wp:attachment":[{"href":"https:\/\/arastirma.disk.org.tr\/index.php?rest_route=%2Fwp%2Fv2%2Fmedia&parent=11969"}],"wp:term":[{"taxonomy":"category","embeddable":true,"href":"https:\/\/arastirma.disk.org.tr\/index.php?rest_route=%2Fwp%2Fv2%2Fcategories&post=11969"},{"taxonomy":"post_tag","embeddable":true,"href":"https:\/\/arastirma.disk.org.tr\/index.php?rest_route=%2Fwp%2Fv2%2Ftags&post=11969"}],"curies":[{"name":"wp","href":"https:\/\/api.w.org\/{rel}","templated":true}]}}