{"id":12026,"date":"2024-10-02T14:20:02","date_gmt":"2024-10-02T11:20:02","guid":{"rendered":"https:\/\/arastirma.disk.org.tr\/?p=12026"},"modified":"2024-10-02T14:21:31","modified_gmt":"2024-10-02T11:21:31","slug":"turkiye-emekliler-ve-sosyal-koruma-icin-en-az-harcama-yapan-ulkeler-arasinda","status":"publish","type":"post","link":"https:\/\/arastirma.disk.org.tr\/?p=12026","title":{"rendered":"T\u00fcrkiye Emekliler ve Sosyal Koruma \u0130\u00e7in En Az Harcama Yapan \u00dclkeler Aras\u0131nda!"},"content":{"rendered":"<ul>\n<li>ILO verilerine g\u00f6re d\u00fcnyada sosyal korumaya (sa\u011fl\u0131k dahil) ortalama GSYH\u2019nin y\u00fczde 19,3\u2019\u00fc oran\u0131nda kamu kayna\u011f\u0131 ayr\u0131l\u0131rken T\u00fcrkiye\u2019de bu oran y\u00fczde 10,5!<\/li>\n<li>D\u00fcnyada emekliler i\u00e7in h\u00fck\u00fcmet harcamalar\u0131n\u0131n GSYH\u2019ye oran\u0131 y\u00fczde 7,9 iken T\u00fcrkiye\u2019de bu oran 4,3<\/li>\n<li>Emekliler i\u00e7in Do\u011fu Avrpa \u00fclkelerinde GSYH\u2019nin y\u00fczde 9,3\u2019\u00fc, Bat\u0131 Avrupa \u00fclkelerinde y\u00fczde 11,3\u2019\u00fc oran\u0131nda kamu harcamas\u0131 yapl\u0131yor.<\/li>\n<li>T\u00fcrkiye, emeklilik harcamalar\u0131na en az kaynak ay\u0131ran \u00fclkeler aras\u0131nda<\/li>\n<\/ul>\n<p style=\"font-weight: 400;\">T\u00fcrkiye\u2019de s\u0131k s\u0131k \u00f6zellikle h\u00fck\u00fcmet \u00e7evreleri ve neoliberal yakla\u015f\u0131ma sahip olanlar sosyal g\u00fcvenlik sisteminin b\u00fct\u00e7eye y\u00fck oldu\u011fundan, sosyal g\u00fcvenli\u011fin bir \u201ckaradelik\u201d oldu\u011fundan s\u00f6z ediyor. Emekli ayl\u0131klar\u0131 ve emeklilik ya\u015f\u0131 s\u00f6z konusu oldu\u011funda en \u00e7ok g\u00fcndeme gelen itirazlardan biri \u201ckaynak yok\u201d ve \u201csosyal g\u00fcvenlik sistemi a\u00e7\u0131k veriyor\u201d \u015feklindedir. Bu s\u00f6ylemlerin ger\u00e7e\u011fi yans\u0131tmad\u0131\u011f\u0131 D\u0130SK-AR taraf\u0131ndan haz\u0131rlanan ve Mart 2024\u2019t yay\u0131mlanan \u201cAvrupa\u2019da T\u00fcrkiye\u2019de Emeklilerin Durumu\u201d isimli raporda da ortaya konmu\u015ftu.<\/p>\n<p style=\"font-weight: 400;\">Ge\u00e7ti\u011fimiz g\u00fcnlerde yay\u0131mlanan Uluslararas\u0131 \u00c7al\u0131\u015fma \u00d6rg\u00fct\u00fc\u2019n\u00fcn (ILO) \u201cSosyal Koruma Raporu 2024-26: \u0130klim Eylemi ve Adil Ge\u00e7i\u015f i\u00e7in Evrensel Sosyal Koruma\u201d adl\u0131 raporu sosyal koruma ve emeklilikle ilgili h\u00fck\u00fcmet harcamalar\u0131 konusunda ayr\u0131nt\u0131l\u0131 bilgiler sunuyor.<\/p>\n<p style=\"font-weight: 400;\">D\u0130SK-AR taraf\u0131ndan haz\u0131rlanan bu ara\u015ft\u0131rma b\u00fclteninde, ILO\u2019nun son raporundan yararlan\u0131larak \u00fclkelerin sosyal koruma ve emeklilik harcamalar\u0131 kar\u015f\u0131la\u015ft\u0131rmal\u0131 olarak irdeleniyor. <a href=\"http:\/\/arastirma.disk.org.tr\/wp-content\/uploads\/2024\/10\/Dunya-ve-Turkiye-Emekliler-Icin-Na-Harciyor.pdf\">Rapora eri\u015fmek i\u00e7in bu linki t\u0131klay\u0131n\u0131z.<\/a><\/p>\n<p><img fetchpriority=\"high\" decoding=\"async\" class=\"aligncenter size-large wp-image-12028\" src=\"http:\/\/arastirma.disk.org.tr\/wp-content\/uploads\/2024\/10\/ILO-emeklilik-971x1024.png\" alt=\"\" width=\"971\" height=\"1024\" srcset=\"https:\/\/arastirma.disk.org.tr\/wp-content\/uploads\/2024\/10\/ILO-emeklilik-971x1024.png 971w, https:\/\/arastirma.disk.org.tr\/wp-content\/uploads\/2024\/10\/ILO-emeklilik-284x300.png 284w, https:\/\/arastirma.disk.org.tr\/wp-content\/uploads\/2024\/10\/ILO-emeklilik-768x810.png 768w, https:\/\/arastirma.disk.org.tr\/wp-content\/uploads\/2024\/10\/ILO-emeklilik-1456x1536.png 1456w, https:\/\/arastirma.disk.org.tr\/wp-content\/uploads\/2024\/10\/ILO-emeklilik-1942x2048.png 1942w, https:\/\/arastirma.disk.org.tr\/wp-content\/uploads\/2024\/10\/ILO-emeklilik.png 2014w\" sizes=\"(max-width: 971px) 100vw, 971px\" \/><\/p>\n<p>&nbsp;<\/p>\n<p>&nbsp;<\/p>\n","protected":false},"excerpt":{"rendered":"<p>ILO verilerine g\u00f6re d\u00fcnyada sosyal korumaya (sa\u011fl\u0131k dahil) ortalama GSYH\u2019nin y\u00fczde 19,3\u2019\u00fc oran\u0131nda kamu kayna\u011f\u0131 ayr\u0131l\u0131rken T\u00fcrkiye\u2019de bu oran y\u00fczde 10,5! D\u00fcnyada emekliler i\u00e7in h\u00fck\u00fcmet&#8230;<\/p>\n","protected":false},"author":3,"featured_media":12028,"comment_status":"closed","ping_status":"closed","sticky":false,"template":"","format":"standard","meta":{"footnotes":""},"categories":[3,6],"tags":[],"class_list":["post-12026","post","type-post","status-publish","format-standard","has-post-thumbnail","hentry","category-arastirma","category-guncel","wpcat-3-id","wpcat-6-id"],"_links":{"self":[{"href":"https:\/\/arastirma.disk.org.tr\/index.php?rest_route=\/wp\/v2\/posts\/12026","targetHints":{"allow":["GET"]}}],"collection":[{"href":"https:\/\/arastirma.disk.org.tr\/index.php?rest_route=\/wp\/v2\/posts"}],"about":[{"href":"https:\/\/arastirma.disk.org.tr\/index.php?rest_route=\/wp\/v2\/types\/post"}],"author":[{"embeddable":true,"href":"https:\/\/arastirma.disk.org.tr\/index.php?rest_route=\/wp\/v2\/users\/3"}],"replies":[{"embeddable":true,"href":"https:\/\/arastirma.disk.org.tr\/index.php?rest_route=%2Fwp%2Fv2%2Fcomments&post=12026"}],"version-history":[{"count":6,"href":"https:\/\/arastirma.disk.org.tr\/index.php?rest_route=\/wp\/v2\/posts\/12026\/revisions"}],"predecessor-version":[{"id":12034,"href":"https:\/\/arastirma.disk.org.tr\/index.php?rest_route=\/wp\/v2\/posts\/12026\/revisions\/12034"}],"wp:featuredmedia":[{"embeddable":true,"href":"https:\/\/arastirma.disk.org.tr\/index.php?rest_route=\/wp\/v2\/media\/12028"}],"wp:attachment":[{"href":"https:\/\/arastirma.disk.org.tr\/index.php?rest_route=%2Fwp%2Fv2%2Fmedia&parent=12026"}],"wp:term":[{"taxonomy":"category","embeddable":true,"href":"https:\/\/arastirma.disk.org.tr\/index.php?rest_route=%2Fwp%2Fv2%2Fcategories&post=12026"},{"taxonomy":"post_tag","embeddable":true,"href":"https:\/\/arastirma.disk.org.tr\/index.php?rest_route=%2Fwp%2Fv2%2Ftags&post=12026"}],"curies":[{"name":"wp","href":"https:\/\/api.w.org\/{rel}","templated":true}]}}