{"id":12060,"date":"2024-10-10T11:42:46","date_gmt":"2024-10-10T08:42:46","guid":{"rendered":"https:\/\/arastirma.disk.org.tr\/?p=12060"},"modified":"2024-10-10T11:45:16","modified_gmt":"2024-10-10T08:45:16","slug":"genis-tanimli-issiz-sayisi-11-milyon","status":"publish","type":"post","link":"https:\/\/arastirma.disk.org.tr\/?p=12060","title":{"rendered":"Geni\u015f tan\u0131ml\u0131 i\u015fsiz say\u0131s\u0131 11 milyon!"},"content":{"rendered":"<h4 style=\"font-weight: 400;\"><strong>D\u0130SK-AR \u0130\u015eS\u0130ZL\u0130K VE \u0130ST\u0130HDAMIN G\u00d6R\u00dcN\u00dcM\u00dc <\/strong><strong>RAPORU<\/strong><strong>(EK\u0130M 2024) <\/strong><strong>YAYIMLANDI:<\/strong><\/h4>\n<h4>Geni\u015f tan\u0131ml\u0131 i\u015fsiz say\u0131s\u0131 11 milyon!<\/h4>\n<h4>A\u011fustos 2024\u2019te geni\u015f tan\u0131ml\u0131 i\u015fsizlik oran\u0131 y\u00fczde 27,2, geni\u015f tan\u0131ml\u0131 i\u015fsiz say\u0131s\u0131 11 milyon!<\/h4>\n<h4>T\u00dc\u0130K\u2019e g\u00f6re dar tan\u0131ml\u0131 i\u015fsizlik d\u00fc\u015ferken, geni\u015f tan\u0131ml\u0131 i\u015fsizlik art\u0131yor.<\/h4>\n<h4>\u00a0Geni\u015f tan\u0131ml\u0131 i\u015fsiz say\u0131s\u0131 son bir y\u0131lda 2,2 milyon ki\u015fi artt\u0131<\/h4>\n<h4>Zamana ba\u011fl\u0131 eksik istihdam 3,5 milyona yakla\u015ft\u0131.<\/h4>\n<h4>Geni\u015f tan\u0131ml\u0131 kad\u0131n i\u015fsizli\u011fi y\u00fczde 35,7!<\/h4>\n<p><a href=\"http:\/\/arastirma.disk.org.tr\/wp-content\/uploads\/2024\/10\/ISSIZLIK-VE-ISTIHDAMIN-GORUNUMU-Ekim-2024.pdf\">Rapora eri\u015fmek i\u00e7in ba\u011flant\u0131y\u0131 veya g\u00f6rseli t\u0131klay\u0131n\u0131z<\/a><\/p>\n<p><a href=\"http:\/\/arastirma.disk.org.tr\/wp-content\/uploads\/2024\/10\/ISSIZLIK-VE-ISTIHDAMIN-GORUNUMU-Ekim-2024.pdf\"><img fetchpriority=\"high\" decoding=\"async\" class=\"aligncenter wp-image-12065\" src=\"http:\/\/arastirma.disk.org.tr\/wp-content\/uploads\/2024\/10\/ekim-2024-kapak1-724x1024.jpg\" alt=\"\" width=\"607\" height=\"859\" srcset=\"https:\/\/arastirma.disk.org.tr\/wp-content\/uploads\/2024\/10\/ekim-2024-kapak1-724x1024.jpg 724w, https:\/\/arastirma.disk.org.tr\/wp-content\/uploads\/2024\/10\/ekim-2024-kapak1-212x300.jpg 212w, https:\/\/arastirma.disk.org.tr\/wp-content\/uploads\/2024\/10\/ekim-2024-kapak1-768x1086.jpg 768w, https:\/\/arastirma.disk.org.tr\/wp-content\/uploads\/2024\/10\/ekim-2024-kapak1-1086x1536.jpg 1086w, https:\/\/arastirma.disk.org.tr\/wp-content\/uploads\/2024\/10\/ekim-2024-kapak1-1448x2048.jpg 1448w, https:\/\/arastirma.disk.org.tr\/wp-content\/uploads\/2024\/10\/ekim-2024-kapak1-scaled.jpg 1810w\" sizes=\"(max-width: 607px) 100vw, 607px\" \/><\/a><\/p>\n<p style=\"font-weight: 400;\">T\u00dc\u0130K\u2019in A\u011fustos 2024 Hanehalk\u0131 \u0130\u015fg\u00fcc\u00fc Ara\u015ft\u0131rmas\u0131 (H\u0130A) sonu\u00e7lar\u0131 10 Ekim 2024\u2019te yay\u0131mland\u0131. Mevsim etkisinden ar\u0131nd\u0131r\u0131lm\u0131\u015f dar tan\u0131ml\u0131 i\u015fsizlik oran\u0131 y\u00fczde 8,5 mevsim etkisinden ar\u0131nd\u0131r\u0131lm\u0131\u015f geni\u015f tan\u0131ml\u0131 i\u015fsizlik oran\u0131 (\u00e2t\u0131l i\u015fg\u00fcc\u00fc) ise y\u00fczde 27,2 seviyesinde ger\u00e7ekle\u015fti. T\u00dc\u0130K\u2019e g\u00f6re T\u00fcrkiye genelinde 15 ve daha yukar\u0131 ya\u015ftaki ki\u015filerde dar tan\u0131ml\u0131 i\u015fsiz say\u0131s\u0131 (mevsim etkisinden ar\u0131nd\u0131r\u0131lm\u0131\u015f) A\u011fustos 2024\u2019te 3 milyon 55 bin oldu.<\/p>\n<p style=\"font-weight: 400;\">D\u0130SK-AR taraf\u0131ndan T\u00dc\u0130K verilerinden yararlanarak yap\u0131lan hesaplamaya g\u00f6re mevsim etkisinden ar\u0131nd\u0131r\u0131lm\u0131\u015f geni\u015f tan\u0131ml\u0131 i\u015fsiz say\u0131s\u0131 ise A\u011fustos 2024\u2019te 11 milyon 4 bin ki\u015fi olarak ger\u00e7ekle\u015fti. T\u00dc\u0130K\u2019e g\u00f6re 2023 A\u011fustos ay\u0131nda y\u00fczde 9,2 olan dar tan\u0131ml\u0131 i\u015fsizlik A\u011fustos 2024\u2019te y\u00fczde 8,5 olarak ger\u00e7ekle\u015fti.<\/p>\n<p style=\"font-weight: 400;\">Dar tan\u0131ml\u0131 i\u015fsizlik oran\u0131, i\u015fg\u00fcc\u00fcndeki ger\u00e7ek g\u00f6r\u00fcn\u00fcm\u00fc yans\u0131tmaktan uzakt\u0131r. Ancak dar tan\u0131ml\u0131 i\u015fsizlik verileri \u00f6nemli birer g\u00f6stergedir.<\/p>\n<p style=\"font-weight: 400;\">Son bir y\u0131lda geni\u015f tan\u0131ml\u0131 i\u015fsizlik oran\u0131 ise y\u00fczde 23\u2019ten y\u00fczde 27,2\u2019ye y\u00fckseldi. Son 1 y\u0131lda geni\u015f tan\u0131ml\u0131 i\u015fsiz say\u0131s\u0131 2,2 milyon ki\u015fi artarak 8,8 milyondan 11 milyona y\u00fckseldi.<\/p>\n<p style=\"font-weight: 400;\">Rapordan di\u011fer bulgular \u015f\u00f6yle:<\/p>\n<ul style=\"font-weight: 400;\">\n<li>Zamana ba\u011fl\u0131 eksik istihdamda art\u0131\u015f devam ediyor<\/li>\n<li>A\u011fustos 2024\u2019te mevsim etkisinden ar\u0131nd\u0131r\u0131lm\u0131\u015f H\u0130A verilerine g\u00f6re i\u015fsizlik t\u00fcrlerinin en y\u00fcksek oldu\u011fu kategori y\u00fczde 35,7 ile geni\u015f tan\u0131ml\u0131 kad\u0131n i\u015fsizli\u011fi olmaya devam ediyor. \u0130kinci y\u00fcksek i\u015fsizlik kategorisi y\u00fczde 27,2 ile geni\u015f tan\u0131ml\u0131 i\u015fsizliktir.<\/li>\n<li>Resmi i\u015fsizlerin yakla\u015f\u0131k y\u00fczde 86\u2019s\u0131 i\u015fsizlik \u00f6dene\u011fi alam\u0131yor!<\/li>\n<li>Geni\u015f ve dar tan\u0131ml\u0131 i\u015fsizlik fark\u0131 yakla\u015f\u0131k 18,7 puan!<\/li>\n<\/ul>\n","protected":false},"excerpt":{"rendered":"<p>D\u0130SK-AR \u0130\u015eS\u0130ZL\u0130K VE \u0130ST\u0130HDAMIN G\u00d6R\u00dcN\u00dcM\u00dc RAPORU(EK\u0130M 2024) YAYIMLANDI: Geni\u015f tan\u0131ml\u0131 i\u015fsiz say\u0131s\u0131 11 milyon! A\u011fustos 2024\u2019te geni\u015f tan\u0131ml\u0131 i\u015fsizlik oran\u0131 y\u00fczde 27,2, geni\u015f tan\u0131ml\u0131 i\u015fsiz&#8230;<\/p>\n","protected":false},"author":3,"featured_media":12072,"comment_status":"closed","ping_status":"closed","sticky":false,"template":"","format":"standard","meta":{"footnotes":""},"categories":[3,6,278],"tags":[],"class_list":["post-12060","post","type-post","status-publish","format-standard","has-post-thumbnail","hentry","category-arastirma","category-guncel","category-manset","wpcat-3-id","wpcat-6-id","wpcat-278-id"],"_links":{"self":[{"href":"https:\/\/arastirma.disk.org.tr\/index.php?rest_route=\/wp\/v2\/posts\/12060","targetHints":{"allow":["GET"]}}],"collection":[{"href":"https:\/\/arastirma.disk.org.tr\/index.php?rest_route=\/wp\/v2\/posts"}],"about":[{"href":"https:\/\/arastirma.disk.org.tr\/index.php?rest_route=\/wp\/v2\/types\/post"}],"author":[{"embeddable":true,"href":"https:\/\/arastirma.disk.org.tr\/index.php?rest_route=\/wp\/v2\/users\/3"}],"replies":[{"embeddable":true,"href":"https:\/\/arastirma.disk.org.tr\/index.php?rest_route=%2Fwp%2Fv2%2Fcomments&post=12060"}],"version-history":[{"count":6,"href":"https:\/\/arastirma.disk.org.tr\/index.php?rest_route=\/wp\/v2\/posts\/12060\/revisions"}],"predecessor-version":[{"id":12070,"href":"https:\/\/arastirma.disk.org.tr\/index.php?rest_route=\/wp\/v2\/posts\/12060\/revisions\/12070"}],"wp:featuredmedia":[{"embeddable":true,"href":"https:\/\/arastirma.disk.org.tr\/index.php?rest_route=\/wp\/v2\/media\/12072"}],"wp:attachment":[{"href":"https:\/\/arastirma.disk.org.tr\/index.php?rest_route=%2Fwp%2Fv2%2Fmedia&parent=12060"}],"wp:term":[{"taxonomy":"category","embeddable":true,"href":"https:\/\/arastirma.disk.org.tr\/index.php?rest_route=%2Fwp%2Fv2%2Fcategories&post=12060"},{"taxonomy":"post_tag","embeddable":true,"href":"https:\/\/arastirma.disk.org.tr\/index.php?rest_route=%2Fwp%2Fv2%2Ftags&post=12060"}],"curies":[{"name":"wp","href":"https:\/\/api.w.org\/{rel}","templated":true}]}}