{"id":12261,"date":"2024-12-11T15:20:00","date_gmt":"2024-12-11T12:20:00","guid":{"rendered":"https:\/\/arastirma.disk.org.tr\/?p=12261"},"modified":"2024-12-12T13:48:36","modified_gmt":"2024-12-12T10:48:36","slug":"disk-ardan-yeni-kitap-dijitallesme-emek-gelecek-ve-turkiye-kitabi-cikti","status":"publish","type":"post","link":"https:\/\/arastirma.disk.org.tr\/?p=12261","title":{"rendered":"D\u0130SK-AR&#8217;dan yeni kitap: &#8220;Dijitalle\u015fme, Emek, Gelecek ve T\u00fcrkiye&#8221; kitab\u0131 yay\u0131mland\u0131!"},"content":{"rendered":"<p>D\u0130SK-AR taraf\u0131ndan haz\u0131rlanan &#8220;Dijitalle\u015fme, Emek, Gelecek ve T\u00fcrkiye isimli&#8221; e- kitap yay\u0131mland\u0131. Kitap, D\u0130SK taraf\u0131ndan haz\u0131rlanan ve 30 Eyl\u00fcl 2023 tarihinde M\u00fcze Gazhane&#8217;de ger\u00e7ekle\u015fen <a href=\"http:\/\/arastirma.disk.org.tr\/wp-content\/uploads\/2024\/12\/dijitallesme-emek-gelecek-turkiye.pdf\">Dijitalle\u015fme, Emek, Gelecek ve T\u00fcrkiye<\/a> isimli sempozyum tebli\u011flerinden olu\u015fuyor.<\/p>\n<p>D\u0130SK taraf\u0131ndan haz\u0131rlanan &#8220;Dijitalle\u015fme, Emek, Gelecek ve T\u00fcrkiye&#8221; sempozyumu bir dizi \u00e7al\u0131\u015fman\u0131n sonucu olarak ortaya \u00e7\u0131kt\u0131. Eyl\u00fcl 2021\u2019de D\u0130SK eski Genel Sekreter Yard\u0131mc\u0131s\u0131 Ahmet Asena\u2019n\u0131n koordinat\u00f6rl\u00fc\u011f\u00fcnde ba\u015flayan \u00e7al\u0131\u015fmalar kapsam\u0131nda akademisyenlerden ve uzmanlardan olu\u015fan \u00e7al\u0131\u015fma gruplar\u0131 \u00e7e\u015fitli toplant\u0131lar yapt\u0131. \u00c7al\u0131\u015fma grubu \u00e7al\u0131\u015fmalar\u0131n\u0131 \u201cTeknoloji ve \u0130stihdam\u201d ve \u201cTeknoloji ve Sendikal \u00d6rg\u00fctlenme\u201d olarak iki ba\u015fl\u0131kta y\u00fcr\u00fctt\u00fc. \u0130ki grup Mart 2022 tarihinden May\u0131s 2022 tarihinde kadar bir dizi toplant\u0131 ger\u00e7ekle\u015ftirdi. \u00c7al\u0131\u015fmalar sonunda bir sempozyumla \u00e7al\u0131\u015fmalar\u0131n kimi sonu\u00e7lar\u0131n\u0131n kamuoyuna sunulmas\u0131 kararla\u015ft\u0131r\u0131ld\u0131. Sempozyumda dijitalle\u015fmenin ve teknolojik d\u00f6n\u00fc\u015f\u00fcm\u00fcn meslek gruplar\u0131na etkileri ve ortaya \u00e7\u0131kan yeni \u00e7al\u0131\u015fma bi\u00e7imleri, emek s\u00fcre\u00e7leri ve alternatif \u00f6rg\u00fctlenme aray\u0131\u015flar\u0131 ele al\u0131nd\u0131.<span class=\"Apple-converted-space\"> Sempozyum sonunda ise konferansta sunulan tebli\u011fler bir yay\u0131n haline getirildi.<\/span><\/p>\n<p>Kitab\u0131n ara\u015ft\u0131rma koordinat\u00f6rl\u00fc\u011f\u00fc Ahmet Asena taraf\u0131ndan, yay\u0131ma haz\u0131rl\u0131k \u00e7al\u0131\u015fmalar\u0131 ise D\u0130SK-AR uzmanlar\u0131 Deniz Beyazbulut ve Zeynep Kandaz taraf\u0131ndan ger\u00e7ekle\u015ftirildi. Kitab\u0131n tasar\u0131m\u0131 D\u0130SK \u0130leti\u015fim Daire M\u00fcd\u00fcr\u00fc \u0130nan Da\u011fdelen taraf\u0131ndan yap\u0131ld\u0131. Konferanstaki sunumlar\u0131n ses \u00e7\u00f6z\u00fcm\u00fcn\u00fc ise Nesrin Yorulmaz yapt\u0131.<\/p>\n<p>Kitapta konferans\u0131n birinci oturumunda sunumlar\u0131n\u0131 ger\u00e7ekle\u015ftiren Prof. Dr. Erin\u00e7 Yeldan, Dr. \u00d6zg\u00fcr Narin, Do\u00e7. Dr. Serkan \u00d6ngel, Do\u00e7. Dr. H\u00fcseyin Sevgi\u2019nin tebli\u011fleri, ikinci b\u00f6l\u00fcmde ise Do\u00e7. Dr. Bet\u00fcl Urhan, Av. Dr. Murat \u00d6zveri, Dr. Arif Ko\u015far ve Ey\u00fcp \u00d6zer\u2019in tebli\u011fleri yer al\u0131yor. Kitapta konferans s\u0131ras\u0131nda ger\u00e7ekle\u015fen soru cevap b\u00f6l\u00fcmleri de yer al\u0131yor.<span class=\"Apple-converted-space\">\u00a0<\/span><\/p>\n<p><span lang=\"TR\"><em>Dijitalle\u015fme, Emek, Gelecek ve T\u00fcrkiye<\/em>\u00a0e-kitap olarak yay\u0131mland\u0131. Kitab\u0131n da\u011f\u0131t\u0131m\u0131na ise yak\u0131nda ba\u015flanacak.<\/span><\/p>\n<p>&nbsp;<\/p>\n<p style=\"text-align: center;\"><span lang=\"TR\">Kitaba eri\u015fmek i\u00e7in g\u00f6rsele t\u0131klay\u0131n\u0131z.<\/span><\/p>\n<p><a href=\"http:\/\/arastirma.disk.org.tr\/wp-content\/uploads\/2024\/12\/dijitallesme-emek-gelecek-turkiye.pdf\"><img fetchpriority=\"high\" decoding=\"async\" class=\"aligncenter size-large wp-image-12303\" src=\"http:\/\/arastirma.disk.org.tr\/wp-content\/uploads\/2024\/12\/WhatsApp-Image-2024-12-11-at-15.12.51-1-1024x768.jpeg\" alt=\"\" width=\"1024\" height=\"768\" srcset=\"https:\/\/arastirma.disk.org.tr\/wp-content\/uploads\/2024\/12\/WhatsApp-Image-2024-12-11-at-15.12.51-1-1024x768.jpeg 1024w, https:\/\/arastirma.disk.org.tr\/wp-content\/uploads\/2024\/12\/WhatsApp-Image-2024-12-11-at-15.12.51-1-300x225.jpeg 300w, https:\/\/arastirma.disk.org.tr\/wp-content\/uploads\/2024\/12\/WhatsApp-Image-2024-12-11-at-15.12.51-1-768x576.jpeg 768w, https:\/\/arastirma.disk.org.tr\/wp-content\/uploads\/2024\/12\/WhatsApp-Image-2024-12-11-at-15.12.51-1-1536x1152.jpeg 1536w, https:\/\/arastirma.disk.org.tr\/wp-content\/uploads\/2024\/12\/WhatsApp-Image-2024-12-11-at-15.12.51-1-480x360.jpeg 480w, https:\/\/arastirma.disk.org.tr\/wp-content\/uploads\/2024\/12\/WhatsApp-Image-2024-12-11-at-15.12.51-1.jpeg 1600w\" sizes=\"(max-width: 1024px) 100vw, 1024px\" \/><\/a><\/p>\n<p>&nbsp;<\/p>\n","protected":false},"excerpt":{"rendered":"<p>D\u0130SK-AR taraf\u0131ndan haz\u0131rlanan &#8220;Dijitalle\u015fme, Emek, Gelecek ve T\u00fcrkiye isimli&#8221; e- kitap yay\u0131mland\u0131. Kitap, D\u0130SK taraf\u0131ndan haz\u0131rlanan ve 30 Eyl\u00fcl 2023 tarihinde M\u00fcze Gazhane&#8217;de ger\u00e7ekle\u015fen Dijitalle\u015fme,&#8230;<\/p>\n","protected":false},"author":3,"featured_media":12302,"comment_status":"closed","ping_status":"closed","sticky":false,"template":"template-c-s2-post.php","format":"standard","meta":{"footnotes":""},"categories":[4],"tags":[529,279,76,530,531],"class_list":["post-12261","post","type-post","status-publish","format-standard","has-post-thumbnail","hentry","category-yayinlar","tag-dijitallesme","tag-disk-ar-yayinlari","tag-emek","tag-gelecek-ve-turkiye","tag-konferans-kitabi","wpcat-4-id"],"_links":{"self":[{"href":"https:\/\/arastirma.disk.org.tr\/index.php?rest_route=\/wp\/v2\/posts\/12261","targetHints":{"allow":["GET"]}}],"collection":[{"href":"https:\/\/arastirma.disk.org.tr\/index.php?rest_route=\/wp\/v2\/posts"}],"about":[{"href":"https:\/\/arastirma.disk.org.tr\/index.php?rest_route=\/wp\/v2\/types\/post"}],"author":[{"embeddable":true,"href":"https:\/\/arastirma.disk.org.tr\/index.php?rest_route=\/wp\/v2\/users\/3"}],"replies":[{"embeddable":true,"href":"https:\/\/arastirma.disk.org.tr\/index.php?rest_route=%2Fwp%2Fv2%2Fcomments&post=12261"}],"version-history":[{"count":16,"href":"https:\/\/arastirma.disk.org.tr\/index.php?rest_route=\/wp\/v2\/posts\/12261\/revisions"}],"predecessor-version":[{"id":12315,"href":"https:\/\/arastirma.disk.org.tr\/index.php?rest_route=\/wp\/v2\/posts\/12261\/revisions\/12315"}],"wp:featuredmedia":[{"embeddable":true,"href":"https:\/\/arastirma.disk.org.tr\/index.php?rest_route=\/wp\/v2\/media\/12302"}],"wp:attachment":[{"href":"https:\/\/arastirma.disk.org.tr\/index.php?rest_route=%2Fwp%2Fv2%2Fmedia&parent=12261"}],"wp:term":[{"taxonomy":"category","embeddable":true,"href":"https:\/\/arastirma.disk.org.tr\/index.php?rest_route=%2Fwp%2Fv2%2Fcategories&post=12261"},{"taxonomy":"post_tag","embeddable":true,"href":"https:\/\/arastirma.disk.org.tr\/index.php?rest_route=%2Fwp%2Fv2%2Ftags&post=12261"}],"curies":[{"name":"wp","href":"https:\/\/api.w.org\/{rel}","templated":true}]}}