{"id":12539,"date":"2025-02-05T10:03:52","date_gmt":"2025-02-05T07:03:52","guid":{"rendered":"https:\/\/arastirma.disk.org.tr\/?p=12539"},"modified":"2025-08-05T00:06:52","modified_gmt":"2025-08-04T21:06:52","slug":"enflasyonun-ocak-2025-faturasi-70-milyar-tl","status":"publish","type":"post","link":"https:\/\/arastirma.disk.org.tr\/?p=12539","title":{"rendered":"Enflasyonun \u00fccretlere Ocak 2025 faturas\u0131: 70 milyar TL!"},"content":{"rendered":"<ul>\n<li><strong>Y\u00fcksek enflasyon ile adaletsiz vergi ve kesintiler emek gelirlerini eritmeye devam ediyor!<\/strong><\/li>\n<li><strong>Ocak 2025&#8217;te enflasyonun emek gelirleri \u00fczerindeki ayl\u0131k faturas\u0131 en az 70 milyar TL!<\/strong><\/li>\n<li><strong>Asgari \u00fccret daha cebe girmeden enflasyon kar\u015f\u0131s\u0131nda 1.112 TL eridi.<\/strong><\/li>\n<li><strong>Asgari \u00fccretin 1,5 kat\u0131 d\u00fczeyinde \u00fccretin 4&#8217;te 1&#8217;i daha i\u015f\u00e7inin cebine girmeden veri, kesinti ve enflasyona gitti.<\/strong><\/li>\n<li><strong>Asgari \u00fccretin \u00fc\u00e7 kat\u0131 \u00fccreti olan bir \u00e7al\u0131\u015fan\u0131n Ocak 2025 enflasyon kayb\u0131 3.000 TL&#8217;ye yak\u0131n.<\/strong><\/li>\n<li><strong>Asgari \u00fccretin Ocak 2025&#8217;teki kesinti ve enflasyon kayb\u0131 5.000 TL&#8217;yi ge\u00e7iyor.<\/strong><\/li>\n<\/ul>\n<p style=\"font-weight: 400;\">D\u0130SK-AR yeni bir ayl\u0131k ara\u015ft\u0131rma yay\u0131mlamaya ba\u015flad\u0131. <strong>\u00dccret Kay\u0131plar\u0131 \u0130zleme Raporu<\/strong> adl\u0131 bu ara\u015ft\u0131rma emek gelirlerinde (\u00fccret, maa\u015f ve emekli ayl\u0131klar\u0131) enflasyon ile vergi ve kesintiler sebepleriyle ya\u015fanan erimeyi ayl\u0131k olarak izlemeyi ve kamuoyuna yans\u0131tmay\u0131 hedefliyor.<\/p>\n<p style=\"font-weight: 400;\">Bilindi\u011fi gibi enflasyon ve kesintiler emek gelirleri \u00fczerinde b\u00fcy\u00fck bir bask\u0131 olu\u015fturuyor. Vergi ve kesintiler nedeniyle harcanabilir parasal gelir azal\u0131rken, enflasyon harcanabilir gelirin al\u0131m g\u00fcc\u00fcn\u00fc eritiyor. Dolay\u0131s\u0131yla hem vergi ve kesintiler hem de enflasyon b\u00f6l\u00fc\u015f\u00fcm ili\u015fkilerini do\u011frudan etkiliyor.<\/p>\n<p style=\"font-weight: 400;\">D\u0130SK-AR taraf\u0131ndan yeni haz\u0131rlanan ve <a href=\"http:\/\/arastirma.disk.org.tr\/wp-content\/uploads\/2025\/02\/Ucret-Kayiplari-Izleme-Raporu-Subat-2025-Rev.pdf\"><strong>\u00dccret Kay\u0131plar\u0131 \u0130zleme Raporu<\/strong> <\/a>isimli ayl\u0131k raporda i\u015f\u00e7ilerin, memurlar\u0131n ve emeklilerin gelirlerindeki kay\u0131p ortaya konmaya \u00e7al\u0131\u015f\u0131lacakt\u0131r. \u00a0Enflasyon kaynakl\u0131 kay\u0131plarda b\u00fct\u00fcn k\u0131s\u0131tlar\u0131 ve sorunlar\u0131na ra\u011fmen daha kapsaml\u0131 veri olmad\u0131\u011f\u0131 i\u00e7in T\u00dc\u0130K verileri esas al\u0131nacakt\u0131r. Bu nedenle enflasyon kay\u0131plar\u0131n\u0131n an az olarak de\u011ferlendirilmesinde yarar vard\u0131r.<\/p>\n<p style=\"font-weight: 400;\">Bu raporda (\u015eubat 2025) Ocak 2025\u2019te ya\u015fanan kay\u0131plar ayl\u0131k olarak ele al\u0131nm\u0131\u015ft\u0131r. Sonraki aylarda da kay\u0131plar \u00a0hesaplanacakt\u0131r. Raporun ekinde ara\u015ft\u0131rman\u0131n metaverisi yer almaktad\u0131r. Hesaplamalar\u0131n nas\u0131l yap\u0131ld\u0131\u011f\u0131 metaveride detayl\u0131 olarak anlat\u0131lm\u0131\u015ft\u0131r.<\/p>\n<p style=\"font-weight: 400;\">Enflasyonun i\u015f\u00e7i \u00fccretleri, memur maa\u015flar\u0131 ve emekli ayl\u0131klar\u0131nda yaratt\u0131\u011f\u0131 toplam kay\u0131p devasa boyutlara ula\u015f\u0131yor. Sadece Ocak 2025\u2019te T\u00dc\u0130K taraf\u0131ndan ayl\u0131k y\u00fczde 5,03 olarak \u00f6l\u00e7\u00fclen enflasyonun bir ayda emek gelirlerinde yaratt\u0131\u011f\u0131 toplam kay\u0131p 69,8 milyar TL oldu. Bu kay\u0131p sonraki aylarda katlanarak devam edecek.<\/p>\n<p style=\"font-weight: 400;\">Ocak 2025\u2019te y\u00fczde 5,03 olarak a\u00e7\u0131klanan enflasyonun i\u015f\u00e7i \u00fccretlerinde yaratt\u0131\u011f\u0131 kay\u0131p 37,7 Milyar TL olarak hesaplan\u0131rken memur maa\u015flar\u0131ndaki kay\u0131p 17,7 milyar TL, emekli ayl\u0131klar\u0131ndaki kay\u0131p ise 14,3 milyar TL olarak ger\u00e7ekle\u015fti. Emek gelirlerindeki ayl\u0131k toplam kay\u0131p ise 69 milyar 814 milyar TL olarak hesapland\u0131.<\/p>\n<p><em>Rapora ula\u015fmak i\u00e7in g\u00f6rsele t\u0131klay\u0131n\u0131z<\/em><\/p>\n<p><a href=\"http:\/\/arastirma.disk.org.tr\/wp-content\/uploads\/2025\/02\/Ucret-Kayiplari-Izleme-Raporu-Subat-2025.pdf\"><img fetchpriority=\"high\" decoding=\"async\" class=\"aligncenter size-full wp-image-12547\" src=\"http:\/\/arastirma.disk.org.tr\/wp-content\/uploads\/2025\/02\/Ekran-Resmi-2025-02-05-09.48.05.png\" alt=\"\" width=\"583\" height=\"824\" srcset=\"https:\/\/arastirma.disk.org.tr\/wp-content\/uploads\/2025\/02\/Ekran-Resmi-2025-02-05-09.48.05.png 583w, https:\/\/arastirma.disk.org.tr\/wp-content\/uploads\/2025\/02\/Ekran-Resmi-2025-02-05-09.48.05-212x300.png 212w\" sizes=\"(max-width: 583px) 100vw, 583px\" \/><\/a><\/p>\n<p>&nbsp;<\/p>\n","protected":false},"excerpt":{"rendered":"<p>Y\u00fcksek enflasyon ile adaletsiz vergi ve kesintiler emek gelirlerini eritmeye devam ediyor! Ocak 2025&#8217;te enflasyonun emek gelirleri \u00fczerindeki ayl\u0131k faturas\u0131 en az 70 milyar TL!&#8230;<\/p>\n","protected":false},"author":3,"featured_media":2762,"comment_status":"closed","ping_status":"closed","sticky":false,"template":"template-c-s1-post.php","format":"standard","meta":{"footnotes":""},"categories":[3,6,278],"tags":[34,104,539,540,537,538],"class_list":["post-12539","post","type-post","status-publish","format-standard","has-post-thumbnail","hentry","category-arastirma","category-guncel","category-manset","tag-emekli","tag-enflasyon","tag-isci","tag-memur","tag-ucret-kayiplari","tag-vergi-ve-kesintiler","wpcat-3-id","wpcat-6-id","wpcat-278-id"],"_links":{"self":[{"href":"https:\/\/arastirma.disk.org.tr\/index.php?rest_route=\/wp\/v2\/posts\/12539","targetHints":{"allow":["GET"]}}],"collection":[{"href":"https:\/\/arastirma.disk.org.tr\/index.php?rest_route=\/wp\/v2\/posts"}],"about":[{"href":"https:\/\/arastirma.disk.org.tr\/index.php?rest_route=\/wp\/v2\/types\/post"}],"author":[{"embeddable":true,"href":"https:\/\/arastirma.disk.org.tr\/index.php?rest_route=\/wp\/v2\/users\/3"}],"replies":[{"embeddable":true,"href":"https:\/\/arastirma.disk.org.tr\/index.php?rest_route=%2Fwp%2Fv2%2Fcomments&post=12539"}],"version-history":[{"count":12,"href":"https:\/\/arastirma.disk.org.tr\/index.php?rest_route=\/wp\/v2\/posts\/12539\/revisions"}],"predecessor-version":[{"id":13072,"href":"https:\/\/arastirma.disk.org.tr\/index.php?rest_route=\/wp\/v2\/posts\/12539\/revisions\/13072"}],"wp:featuredmedia":[{"embeddable":true,"href":"https:\/\/arastirma.disk.org.tr\/index.php?rest_route=\/wp\/v2\/media\/2762"}],"wp:attachment":[{"href":"https:\/\/arastirma.disk.org.tr\/index.php?rest_route=%2Fwp%2Fv2%2Fmedia&parent=12539"}],"wp:term":[{"taxonomy":"category","embeddable":true,"href":"https:\/\/arastirma.disk.org.tr\/index.php?rest_route=%2Fwp%2Fv2%2Fcategories&post=12539"},{"taxonomy":"post_tag","embeddable":true,"href":"https:\/\/arastirma.disk.org.tr\/index.php?rest_route=%2Fwp%2Fv2%2Ftags&post=12539"}],"curies":[{"name":"wp","href":"https:\/\/api.w.org\/{rel}","templated":true}]}}