{"id":12613,"date":"2025-02-13T01:24:28","date_gmt":"2025-02-12T22:24:28","guid":{"rendered":"https:\/\/arastirma.disk.org.tr\/?p=12613"},"modified":"2025-02-13T01:35:16","modified_gmt":"2025-02-12T22:35:16","slug":"diskin-58-yilinda-disk-tarihi-kitaplarinin-2-baskilari-yayimlandi","status":"publish","type":"post","link":"https:\/\/arastirma.disk.org.tr\/?p=12613","title":{"rendered":"D\u0130SK&#8217;in 58. Y\u0131l\u0131nda D\u0130SK Tarihi kitaplar\u0131n\u0131n 2. bask\u0131lar\u0131 yay\u0131mland\u0131!"},"content":{"rendered":"<div>\n<p>D\u0130SK&#8217;in kurulu\u015funun 58. y\u0131l\u0131nda<em> D\u0130SK Tarih<\/em>i kitab\u0131n\u0131n 1. ve 2. cildinin 2. bask\u0131lar\u0131 yap\u0131ld\u0131. Kitaplar hem ka\u011f\u0131t olarak bas\u0131ld\u0131 \u00a0hem de elektronik olarak yeniden yay\u0131mlad\u0131.<\/p>\n<p>Ka\u011f\u0131t bask\u0131 kitaplar D\u0130SK Genel Merkezinden bizzat veya eposta yoluyla edinilebilir.<a href=\"https:\/\/arastirma.disk.org.tr\/?page_id=1091\"> 2. bask\u0131lar\u0131n elektronik versiyonuna bu linkten veya a\u015fa\u011f\u0131daki g\u00f6rselden ula\u015f\u0131labilir.<\/a><\/p>\n<p><em>D\u0130SK Tarihi<\/em><span class=\"apple-converted-space\">\u00a0<\/span>kitab\u0131n\u0131n 1. cildi \u015eubat 2020\u2019de yay\u0131mlanm\u0131\u015f ve k\u0131sa s\u00fcrede t\u00fclenmi\u015fti.. 1. Cilt<span class=\"apple-converted-space\">\u00a0<\/span><em>D\u0130SK Tarihi Kurulu\u015f-Direni\u015f-Varolu\u015f 1967-1975<\/em><span class=\"apple-converted-space\"><i> ad\u0131n\u0131<\/i><\/span>ta\u015f\u0131yor.<span class=\"apple-converted-space\">\u00a0<\/span><em>D\u0130SK Tarihi<\/em><span class=\"apple-converted-space\">\u00a0<\/span>kitab\u0131 D\u0130SK\u2019in m\u00fccadele ve deneyim haf\u0131zas\u0131n\u0131 bug\u00fcnlere ve yar\u0131nlara ta\u015f\u0131ma amac\u0131yla haz\u0131rland\u0131. Kitap, D\u0130SK\u2019in yar\u0131m y\u00fczy\u0131l\u0131 a\u015fk\u0131n m\u00fccadelesin ve deneyimini birincil kaynaklara dayal\u0131 olarak kapsaml\u0131 ve nesnel bi\u00e7imde ele almay\u0131 hedefliyor. D\u0130SK-AR taraf\u0131ndan haz\u0131rlanan <strong>kitab\u0131n edit\u00f6rl\u00fc\u011f\u00fcn\u00fc Aziz \u00c7elik, yay\u0131n dan\u0131\u015fmanl\u0131\u011f\u0131n\u0131 ise Can \u015eafak ve Erg\u00fcn \u0130\u015feri yapt\u0131.<\/strong> D\u0130SK \u00f6ncesi i\u015f\u00e7i s\u0131n\u0131f\u0131 hareketine ili\u015fkin geli\u015fmelerin de yer ald\u0131\u011f\u0131 1. Cilt 1967-1975 d\u00f6nemini kaps\u0131yor.<\/p>\n<\/div>\n<div>\n<p>\u00c7al\u0131\u015fmalar\u0131na 2016 Eyl\u00fcl ay\u0131nda ba\u015flanan ve \u00f6zg\u00fcn ar\u015fiv kaynaklar\u0131ndan, belge, yay\u0131n ve foto\u011fraftan yararlan\u0131larak haz\u0131rlan kitap b\u00fcy\u00fck boy ve 704 sayfadan olu\u015fuyor. Kitab\u0131n ara\u015ft\u0131rma ve ar\u015fiv \u00e7al\u0131\u015fmalar\u0131 <strong>Deniz Beyazbulut, Zeynep Kandaz ve Meliha Kaplan taraf\u0131ndan y\u00fcr\u00fct\u00fcld\u00fc. S\u00fcreyya Alg\u00fcl, Zafer Ayd\u0131n, Aziz \u00c7elik, M. Hakan Ko\u00e7ak, Can \u015eafak, Melih Bi\u00e7er, K\u0131van\u00e7 Elia\u00e7\u0131k, Ece G\u00f6kt\u00fcrk, Tevfik G\u00fcne\u015f, Erg\u00fcn \u0130\u015feri ve Necdet Okcan<\/strong> kitaba yazar olarak katk\u0131da bulundular. Kitab\u0131n tasar\u0131m\u0131 ise D\u0130SK \u0130leti\u015fim Dairesi uzman\u0131 Can Kaya taraf\u0131ndan yap\u0131ld\u0131.<\/p>\n<\/div>\n<div>\n<p>D\u0130SK Ara\u015ft\u0131rma Merkezi (D\u0130SKAR) taraf\u0131ndan haz\u0131rlanan<span class=\"apple-converted-space\">\u00a0<\/span><strong>D\u0130SK Tarihi<\/strong><span class=\"apple-converted-space\">\u00a0<\/span>2. cildinin de edit\u00f6rl\u00fc\u011f\u00fcn\u00fc\u00a0<strong>Aziz \u00c7elik<\/strong>, yay\u0131n dan\u0131\u015fmanl\u0131\u011f\u0131n\u0131 ise<span class=\"apple-converted-space\">\u00a0<\/span><strong>Can \u015eafak<\/strong><span class=\"apple-converted-space\">\u00a0<\/span>ve<span class=\"apple-converted-space\">\u00a0<\/span><strong>Erg\u00fcn \u0130\u015feri<\/strong><span class=\"apple-converted-space\">\u00a0<\/span>yapt\u0131.<span class=\"apple-converted-space\">\u00a0<\/span><em>D\u0130SK Tarihi<\/em>\u2019nin ara\u015ft\u0131rma ve ar\u015fiv \u00e7al\u0131\u015fmalar\u0131 D\u0130SK-AR uzmanlar\u0131<span class=\"apple-converted-space\">\u00a0<\/span><strong>Deniz Beyazbulut<\/strong><span class=\"apple-converted-space\">\u00a0<\/span>ve<span class=\"apple-converted-space\">\u00a0<\/span><strong>Zeynep Kandaz<\/strong><span class=\"apple-converted-space\">\u00a0<\/span>taraf\u0131ndan ger\u00e7ekle\u015ftirildi. Kitap tasar\u0131m\u0131n\u0131 ise<span class=\"apple-converted-space\">\u00a0<\/span><strong>Can Kaya<\/strong><span class=\"apple-converted-space\">\u00a0<\/span>yapt\u0131. 2. Cilt \u015eubat 2022&#8217;de yay\u0131mlad\u0131 ve bask\u0131s\u0131 t\u00fckendi.<\/p>\n<\/div>\n<div>\n<p>\u00d6zg\u00fcn ar\u015fiv kaynaklar\u0131ndan, binlerce belge, yay\u0131n ve foto\u011fraftan yararlan\u0131larak haz\u0131rlanan kitab\u0131n 2. cildi<span class=\"apple-converted-space\">\u00a0<\/span><strong>920 sayfadan<\/strong>olu\u015fuyor. Kitaba editoryal ekibin yan\u0131nda katk\u0131da bulunan \u00e7ok say\u0131da yazar, uzman ve \u00e7izer de bulunuyor.<\/p>\n<\/div>\n<div>\n<p><em><b>D\u0130SK Tarihi<\/b><\/em><span class=\"apple-converted-space\">\u00a0<\/span>2. cildine yazar olarak katk\u0131da bulunanlar:\u00a0<strong>Aziz \u00c7elik, Can Kaya, Can \u015eafak, Deniz Beyazbulut, Erg\u00fcn \u0130\u015feri, Fahrettin Engin Erdo\u011fan, Faruk Pekin, Feza K\u00fcrk\u00e7\u00fco\u011flu, K\u0131van\u00e7 Elia\u00e7\u0131k, Meltem Azdemir, Nuran G\u00fclen\u00e7, Necdet Okcan, Selim Mahmuto\u011flu, Tevfik G\u00fcne\u015f ve Zeynep Kandaz<\/strong>.<\/p>\n<\/div>\n<div>\n<p>\u0130lk iki cildi yay\u0131mlanan ve 2. bask\u0131lar\u0131n\u0131 yapan<span class=\"apple-converted-space\"><i>\u00a0<\/i><\/span><em>D\u0130SK Tarihi<\/em><span class=\"apple-converted-space\"><i>\u00a0<\/i><\/span>kitab\u0131 D\u0130SK\u2019in m\u00fccadele ve deneyim haf\u0131zas\u0131n\u0131 bug\u00fcnlere ve yar\u0131nlara ta\u015f\u0131ma amac\u0131yla haz\u0131rland\u0131. Kitap, D\u0130SK\u2019in yar\u0131m y\u00fczy\u0131l\u0131 a\u015fk\u0131n m\u00fccadelesini ve deneyimini birincil kaynaklara dayal\u0131 olarak kapsaml\u0131 ve nesnel bi\u00e7imde ele almay\u0131 hedefliyor.<\/p>\n<\/div>\n<div>\n<p>Kolektif bir eme\u011fin \u00fcr\u00fcn\u00fc olan<span class=\"apple-converted-space\">\u00a0<\/span><em>D\u0130SK Tarihi<\/em><span class=\"apple-converted-space\">\u00a0<\/span>kitab\u0131nda D\u0130SK tarihindeki geli\u015fmelere, m\u00fccadelelere, ba\u015far\u0131lara ve eksiklere ayr\u0131m g\u00f6zetmeksizin yer verilmeye \u00e7al\u0131\u015f\u0131ld\u0131. Kitap, binlerce kaynaktan yararlan\u0131larak nesnel bir dille kaleme al\u0131nm\u0131\u015f olmas\u0131 a\u00e7\u0131s\u0131ndan bir ba\u015fucu kayna\u011f\u0131 niteli\u011finde.<\/p>\n<\/div>\n<p>&nbsp;<\/p>\n<p><a href=\"https:\/\/arastirma.disk.org.tr\/?page_id=1091\"><img fetchpriority=\"high\" decoding=\"async\" class=\"aligncenter size-large wp-image-12612\" src=\"http:\/\/arastirma.disk.org.tr\/wp-content\/uploads\/2025\/02\/disk-tarihi-1-2-1024x667.png\" alt=\"\" width=\"1024\" height=\"667\" srcset=\"https:\/\/arastirma.disk.org.tr\/wp-content\/uploads\/2025\/02\/disk-tarihi-1-2-1024x667.png 1024w, https:\/\/arastirma.disk.org.tr\/wp-content\/uploads\/2025\/02\/disk-tarihi-1-2-300x195.png 300w, https:\/\/arastirma.disk.org.tr\/wp-content\/uploads\/2025\/02\/disk-tarihi-1-2-768x500.png 768w, https:\/\/arastirma.disk.org.tr\/wp-content\/uploads\/2025\/02\/disk-tarihi-1-2-1536x1000.png 1536w, https:\/\/arastirma.disk.org.tr\/wp-content\/uploads\/2025\/02\/disk-tarihi-1-2-2048x1333.png 2048w\" sizes=\"(max-width: 1024px) 100vw, 1024px\" \/><\/a><\/p>\n","protected":false},"excerpt":{"rendered":"<p>D\u0130SK&#8217;in kurulu\u015funun 58. y\u0131l\u0131nda D\u0130SK Tarihi kitab\u0131n\u0131n 1. ve 2. cildinin 2. bask\u0131lar\u0131 yap\u0131ld\u0131. Kitaplar hem ka\u011f\u0131t olarak bas\u0131ld\u0131 \u00a0hem de elektronik olarak yeniden yay\u0131mlad\u0131&#8230;.<\/p>\n","protected":false},"author":3,"featured_media":12612,"comment_status":"closed","ping_status":"closed","sticky":false,"template":"","format":"standard","meta":{"footnotes":""},"categories":[6,278,4],"tags":[174],"class_list":["post-12613","post","type-post","status-publish","format-standard","has-post-thumbnail","hentry","category-guncel","category-manset","category-yayinlar","tag-disk-tarihi","wpcat-6-id","wpcat-278-id","wpcat-4-id"],"_links":{"self":[{"href":"https:\/\/arastirma.disk.org.tr\/index.php?rest_route=\/wp\/v2\/posts\/12613","targetHints":{"allow":["GET"]}}],"collection":[{"href":"https:\/\/arastirma.disk.org.tr\/index.php?rest_route=\/wp\/v2\/posts"}],"about":[{"href":"https:\/\/arastirma.disk.org.tr\/index.php?rest_route=\/wp\/v2\/types\/post"}],"author":[{"embeddable":true,"href":"https:\/\/arastirma.disk.org.tr\/index.php?rest_route=\/wp\/v2\/users\/3"}],"replies":[{"embeddable":true,"href":"https:\/\/arastirma.disk.org.tr\/index.php?rest_route=%2Fwp%2Fv2%2Fcomments&post=12613"}],"version-history":[{"count":10,"href":"https:\/\/arastirma.disk.org.tr\/index.php?rest_route=\/wp\/v2\/posts\/12613\/revisions"}],"predecessor-version":[{"id":12623,"href":"https:\/\/arastirma.disk.org.tr\/index.php?rest_route=\/wp\/v2\/posts\/12613\/revisions\/12623"}],"wp:featuredmedia":[{"embeddable":true,"href":"https:\/\/arastirma.disk.org.tr\/index.php?rest_route=\/wp\/v2\/media\/12612"}],"wp:attachment":[{"href":"https:\/\/arastirma.disk.org.tr\/index.php?rest_route=%2Fwp%2Fv2%2Fmedia&parent=12613"}],"wp:term":[{"taxonomy":"category","embeddable":true,"href":"https:\/\/arastirma.disk.org.tr\/index.php?rest_route=%2Fwp%2Fv2%2Fcategories&post=12613"},{"taxonomy":"post_tag","embeddable":true,"href":"https:\/\/arastirma.disk.org.tr\/index.php?rest_route=%2Fwp%2Fv2%2Ftags&post=12613"}],"curies":[{"name":"wp","href":"https:\/\/api.w.org\/{rel}","templated":true}]}}