{"id":12625,"date":"2025-02-18T12:25:16","date_gmt":"2025-02-18T09:25:16","guid":{"rendered":"https:\/\/arastirma.disk.org.tr\/?p=12625"},"modified":"2025-02-18T12:29:10","modified_gmt":"2025-02-18T09:29:10","slug":"calisabilir-66-milyon-kisinin-sadece-224-milyonu-kayitli-ve-tam-zamanli-istihdamda","status":"publish","type":"post","link":"https:\/\/arastirma.disk.org.tr\/?p=12625","title":{"rendered":"\u00c7al\u0131\u015fabilir 66 milyon ki\u015finin sadece  22,4 milyonu kay\u0131tl\u0131 ve tam zamanl\u0131 istihdamda!"},"content":{"rendered":"<h2 style=\"text-align: center;\">\u00c7al\u0131\u015fabilir 66 milyon ki\u015finin sadece<br \/>\n22,4 milyonu kay\u0131tl\u0131 ve tam zamanl\u0131 istihdamda!<br \/>\n4. \u00e7eyrekte 11 milyon 382 bin geni\u015f tan\u0131ml\u0131 i\u015fsiz!<\/h2>\n<h4 style=\"text-align: center;\">D\u0130SK-AR \u0130\u015fsizlik ve \u0130stihdam\u0131n G\u00f6r\u00fcn\u00fcm\u00fc Raporu (2024 4. \u00e7eyrek) yay\u0131mland\u0131!<\/h4>\n<ul>\n<li>2024 4. \u00e7eyre\u011finde resmi istihdam oran\u0131 y\u00fczde 49,6 iken kay\u0131tl\u0131 ve tam zamanl\u0131 istihdam (KAT\u0130) oran\u0131 y\u00fczde 34,0.<\/li>\n<li>Geni\u015f tan\u0131ml\u0131 i\u015fsizlik ile dar tan\u0131ml\u0131 (resmi) i\u015fsizlik aras\u0131ndaki fark a\u00e7\u0131lmaya devam ediyor.<\/li>\n<li>2024 4. \u00e7eyre\u011finde geni\u015f tan\u0131ml\u0131 i\u015fsizlik oran\u0131 y\u00fczde 28!<\/li>\n<li>Her 5 kad\u0131ndan yaln\u0131zca 1\u2019i kay\u0131tl\u0131 ve tam zamanl\u0131 istihdamda!<\/li>\n<li>Geni\u015f tan\u0131ml\u0131 gen\u00e7 kad\u0131n i\u015fsizli\u011fi y\u00fczde 46,7!<\/li>\n<\/ul>\n<p><a href=\"http:\/\/arastirma.disk.org.tr\/wp-content\/uploads\/2025\/02\/Issizlik-ve-Istihdamin-Gorunumu-2024-4.-Ceyrek-.pdf\"><em>Rapora ula\u015fmak i\u00e7in t\u0131klay\u0131n\u0131z.<\/em><\/a><\/p>\n<p style=\"font-weight: 400;\">T\u00fcrkiye \u0130statistik Kurumu\u2019nun (T\u00dc\u0130K) <strong>2024 4. \u00e7eyrek (ekim kas\u0131m, aral\u0131k) d\u00f6nemine ait Hanehalk\u0131 \u0130\u015fg\u00fcc\u00fc Ara\u015ft\u0131rmas\u0131 (H\u0130A)<\/strong> sonu\u00e7lar\u0131 18 \u015eubat 2025\u2019te yay\u0131mland\u0131.<\/p>\n<p style=\"font-weight: 400;\">Bilindi\u011fi gibi T\u00dc\u0130K, Mart 2021\u2019den beri ayl\u0131k ve \u00fc\u00e7 ayl\u0131k verileri ayr\u0131 ayr\u0131 a\u00e7\u0131kl\u0131yor. Ayl\u0131k veriler daha s\u0131n\u0131rl\u0131 iken \u00fc\u00e7 ayl\u0131k veriler daha geni\u015f bir kapsama sahiptir. \u00d6te yandan, \u00e7eyreklik verilerin \u00fc\u00e7 ay\u0131 kaps\u0131yor olmas\u0131 sebebiyle, \u00e7eyreklik yay\u0131mlanan i\u015fsizlik ve istihdam verileri, ayl\u0131k verilerden farkl\u0131l\u0131klar g\u00f6stermektedir. \u00dc\u00e7 ayl\u0131k veriler ayl\u0131k verileri geriden takip etmektedir.\u00a0T\u00dc\u0130K, mevsim etkisinden ar\u0131nd\u0131r\u0131lm\u0131\u015f istihdam\u0131n 2023 y\u0131l\u0131 4. \u00e7eyrek ile 2024 y\u0131l\u0131 4. \u00e7eyrek aras\u0131ndaki bir y\u0131ll\u0131k d\u00f6nemde 141 bin ki\u015fi artarak 32 milyon 755 bin oldu\u011funu a\u00e7\u0131klad\u0131. 2023 y\u0131l\u0131 4. \u00e7eyre\u011finde 32 milyon 614 bin olarak a\u00e7\u0131klanan mevsim etkisinden ar\u0131nd\u0131r\u0131lm\u0131\u015f istihdam edilenlerin say\u0131s\u0131 2024 y\u0131l\u0131 4. \u00e7eyre\u011finde 32 milyon 755 bin olarak hesapland\u0131. 2024 4. \u00e7eyre\u011finde <strong>mevsim etkisinden ar\u0131nd\u0131r\u0131lm\u0131\u015f istihdam oran\u0131 ise y\u00fczde 49,6 olarak ger\u00e7ekle\u015fti.<\/strong> Ancak T\u00dc\u0130K\u2019in resmi istihdam verileri de t\u0131pk\u0131 dar tan\u0131ml\u0131 i\u015fsizlik verileri gibi i\u015fg\u00fcc\u00fc piyasas\u0131na ili\u015fkin ger\u00e7e\u011fin sadece s\u0131n\u0131rl\u0131 bir k\u0131sm\u0131n\u0131 g\u00f6steriyor. \u0130stihdam verileri tek ba\u015f\u0131na istihdam\u0131n niteli\u011fi konusunda bilgi vermiyor. Bu nedenle alternatif i\u015fsizlik hesaplamalar\u0131 yan\u0131nda <strong>alternatif istihdam hesaplamalar\u0131na<\/strong> da ihtiya\u00e7 vard\u0131r.<\/p>\n<p>TU\u0308I\u0307K\u2019in resmi istihdam oran\u0131 2024 4. \u00e7eyrekte y\u00fczde 49,6 olarak a\u00e7\u0131klan\u0131rken, DI\u0307SK-AR taraf\u0131ndan TU\u0308I\u0307K verilerinden hareketle hesaplanan\u00a0<b>Kay\u0131tl\u0131 Tam Zamanl\u0131 \u0130stihdam (KATI\u0307) oran\u0131 y\u00fczde 34,0 <\/b>olarak ger\u00e7ekle\u015fti. Kad\u0131nlarda resmi istihdam oran\u0131 y\u00fczde 32,5 iken KAT\u0130 oran\u0131 y\u00fczde 19,7 ve erkeklerde resmi istihdam oran\u0131 y\u00fczde 67,0 olarak a\u00e7\u0131klanm\u0131\u015fken KAT\u0130 oran\u0131 y\u00fczde 48,6 olarak hesapland\u0131.\u00a0<strong>B\u00f6ylece KAT\u0130 oran\u0131 resmi istihdam oran\u0131ndan genelde 15,6 puan, kad\u0131nlarda 12,8 ve erkeklerde ise 18,4 puan d\u00fc\u015f\u00fck olarak ger\u00e7ekle\u015fti.\u00a0<\/strong>D\u0130SK-AR taraf\u0131ndan yap\u0131lan KAT\u0130 hesaplamas\u0131yla \u00e7al\u0131\u015fma \u00e7a\u011f\u0131ndaki (15+ ya\u015f) 66 milyon ki\u015finin sadece 22,4 milyonu kay\u0131tl\u0131 ve tam zamanl\u0131 istihdam (KAT\u0130) kapsam\u0131nda \u00e7al\u0131\u015ft\u0131\u011f\u0131 ortaya \u00e7\u0131kt\u0131. \u00c7al\u0131\u015fma \u00e7a\u011f\u0131ndaki 33,3 milyon kad\u0131n\u0131n sadece 6,5 milyonu kay\u0131tl\u0131 ve tam zamanl\u0131 istidamda (KAT\u0130), \u00e7al\u0131\u015fma \u00e7a\u011f\u0131ndaki 32,7 milyon erke\u011fin ise 15,9 milyonu kay\u0131tl\u0131 ve tam zamanl\u0131 istihdamda yer al\u0131yor. <strong>Bu durum nispeten nitelikli istihdam\u0131n d\u00fc\u015f\u00fckl\u00fc\u011f\u00fcn\u00fc ortaya koyuyor.<\/strong><\/p>\n<p><em>Ayr\u0131nt\u0131l\u0131 rapora ula\u015fmak i\u00e7in g\u00f6rsele t\u0131klay\u0131n\u0131z.<\/em><\/p>\n<p><a href=\"http:\/\/arastirma.disk.org.tr\/wp-content\/uploads\/2025\/02\/Issizlik-ve-Istihdamin-Gorunumu-2024-4.-Ceyrek-.pdf\"><img fetchpriority=\"high\" decoding=\"async\" class=\"aligncenter size-full wp-image-12635\" src=\"http:\/\/arastirma.disk.org.tr\/wp-content\/uploads\/2025\/02\/Ekran-Resmi-2025-02-18-12.22.13.png\" alt=\"\" width=\"591\" height=\"821\" srcset=\"https:\/\/arastirma.disk.org.tr\/wp-content\/uploads\/2025\/02\/Ekran-Resmi-2025-02-18-12.22.13.png 591w, https:\/\/arastirma.disk.org.tr\/wp-content\/uploads\/2025\/02\/Ekran-Resmi-2025-02-18-12.22.13-216x300.png 216w\" sizes=\"(max-width: 591px) 100vw, 591px\" \/><\/a><\/p>\n<p>&nbsp;<\/p>\n<p>&nbsp;<\/p>\n<p>&nbsp;<\/p>\n<p>&nbsp;<\/p>\n<p>&nbsp;<\/p>\n<p>&nbsp;<\/p>\n","protected":false},"excerpt":{"rendered":"<p>\u00c7al\u0131\u015fabilir 66 milyon ki\u015finin sadece 22,4 milyonu kay\u0131tl\u0131 ve tam zamanl\u0131 istihdamda! 4. \u00e7eyrekte 11 milyon 382 bin geni\u015f tan\u0131ml\u0131 i\u015fsiz! D\u0130SK-AR \u0130\u015fsizlik ve \u0130stihdam\u0131n&#8230;<\/p>\n","protected":false},"author":3,"featured_media":1855,"comment_status":"closed","ping_status":"closed","sticky":false,"template":"template-c-s1-post.php","format":"standard","meta":{"footnotes":""},"categories":[3,6,278],"tags":[487,38,328,542,39],"class_list":["post-12625","post","type-post","status-publish","format-standard","has-post-thumbnail","hentry","category-arastirma","category-guncel","category-manset","tag-genis-tanimli-genc-kadin-issizligi","tag-istihdam","tag-kati","tag-kayitli-ve-tam-zamanli","tag-tuik","wpcat-3-id","wpcat-6-id","wpcat-278-id"],"_links":{"self":[{"href":"https:\/\/arastirma.disk.org.tr\/index.php?rest_route=\/wp\/v2\/posts\/12625","targetHints":{"allow":["GET"]}}],"collection":[{"href":"https:\/\/arastirma.disk.org.tr\/index.php?rest_route=\/wp\/v2\/posts"}],"about":[{"href":"https:\/\/arastirma.disk.org.tr\/index.php?rest_route=\/wp\/v2\/types\/post"}],"author":[{"embeddable":true,"href":"https:\/\/arastirma.disk.org.tr\/index.php?rest_route=\/wp\/v2\/users\/3"}],"replies":[{"embeddable":true,"href":"https:\/\/arastirma.disk.org.tr\/index.php?rest_route=%2Fwp%2Fv2%2Fcomments&post=12625"}],"version-history":[{"count":8,"href":"https:\/\/arastirma.disk.org.tr\/index.php?rest_route=\/wp\/v2\/posts\/12625\/revisions"}],"predecessor-version":[{"id":12638,"href":"https:\/\/arastirma.disk.org.tr\/index.php?rest_route=\/wp\/v2\/posts\/12625\/revisions\/12638"}],"wp:featuredmedia":[{"embeddable":true,"href":"https:\/\/arastirma.disk.org.tr\/index.php?rest_route=\/wp\/v2\/media\/1855"}],"wp:attachment":[{"href":"https:\/\/arastirma.disk.org.tr\/index.php?rest_route=%2Fwp%2Fv2%2Fmedia&parent=12625"}],"wp:term":[{"taxonomy":"category","embeddable":true,"href":"https:\/\/arastirma.disk.org.tr\/index.php?rest_route=%2Fwp%2Fv2%2Fcategories&post=12625"},{"taxonomy":"post_tag","embeddable":true,"href":"https:\/\/arastirma.disk.org.tr\/index.php?rest_route=%2Fwp%2Fv2%2Ftags&post=12625"}],"curies":[{"name":"wp","href":"https:\/\/api.w.org\/{rel}","templated":true}]}}