{"id":12644,"date":"2025-02-28T11:46:46","date_gmt":"2025-02-28T08:46:46","guid":{"rendered":"https:\/\/arastirma.disk.org.tr\/?p=12644"},"modified":"2025-02-28T22:07:15","modified_gmt":"2025-02-28T19:07:15","slug":"genis-tanimli-issizlik-vahim-duzeyde","status":"publish","type":"post","link":"https:\/\/arastirma.disk.org.tr\/?p=12644","title":{"rendered":"Geni\u015f tan\u0131ml\u0131 i\u015fsizlik vahim d\u00fczeyde!"},"content":{"rendered":"<h5 style=\"text-align: center;\">D\u0130SK-AR \u0130\u015fsizlik ve \u0130stihdam\u0131n G\u00f6r\u00fcn\u00fcm\u00fc Raporu (\u015eubat 2025)-2 yay\u0131mland\u0131!<\/h5>\n<ul style=\"font-weight: 400;\">\n<li><strong>Geni\u015f tan\u0131ml\u0131 i\u015fsiz say\u0131s\u0131 pandemi \u00f6ncesi d\u00f6neme g\u00f6re 3,9 milyon ki\u015fi artt\u0131: 11 milyon 260 bin<\/strong><\/li>\n<li><strong>2025 Ocak ay\u0131nda geni\u015f tan\u0131ml\u0131 i\u015fsizlik oran\u0131 y\u00fczde 28,1!<\/strong><\/li>\n<li><strong>\u00c7al\u0131\u015fmaya haz\u0131r ancak i\u015f aramayan \u00fcmitsizlerin say\u0131s\u0131 bir y\u0131lda 860 bin artt\u0131!<\/strong><\/li>\n<li><strong>Zamana ba\u011fl\u0131 eksik istihdam edilenlerin say\u0131s\u0131 3,7 milyon!<\/strong><\/li>\n<li><strong>Geni\u015f tan\u0131ml\u0131 kad\u0131n i\u015fsizli\u011fi y\u00fczde 37,5!<\/strong><\/li>\n<li><strong>Her 10 i\u015fsizden yakla\u015f\u0131k 2\u2019si i\u015fsizlik \u00f6dene\u011finden yararlanabiliyor!<\/strong><\/li>\n<\/ul>\n<p><a href=\"http:\/\/arastirma.disk.org.tr\/wp-content\/uploads\/2025\/02\/Issizligin-gorunumu-subat-2025-2-1.pdf\">Rapora ula\u015fmak i\u00e7in t\u0131klay\u0131n\u0131z.<\/a><\/p>\n<p style=\"font-weight: 400;\">T\u00dc\u0130K\u2019in Ocak 2025 Hanehalk\u0131 \u0130\u015fg\u00fcc\u00fc Ara\u015ft\u0131rmas\u0131 (H\u0130A) sonu\u00e7lar\u0131 28 \u015eubat 2025\u2019te yay\u0131mland\u0131. Mevsim etkisinden ar\u0131nd\u0131r\u0131lm\u0131\u015f dar tan\u0131ml\u0131 i\u015fsizlik oran\u0131 y\u00fczde 8,4 mevsim etkisinden ar\u0131nd\u0131r\u0131lm\u0131\u015f geni\u015f tan\u0131ml\u0131 i\u015fsizlik oran\u0131 (\u00e2t\u0131l i\u015fg\u00fcc\u00fc) ise y\u00fczde 28,1 olarak hesapland\u0131. T\u00dc\u0130K\u2019e g\u00f6re T\u00fcrkiye genelinde 15 ve daha yukar\u0131 ya\u015ftaki ki\u015filerde dar tan\u0131ml\u0131 i\u015fsiz say\u0131s\u0131 (mevsim etkisinden ar\u0131nd\u0131r\u0131lm\u0131\u015f) 2025 Ocak ay\u0131nda 3 milyon 2 bin oldu.<\/p>\n<p style=\"font-weight: 400;\">D\u0130SK-AR taraf\u0131ndan T\u00dc\u0130K verilerinden yararlanarak yap\u0131lan hesaplamaya g\u00f6re mevsim etkisinden ar\u0131nd\u0131r\u0131lm\u0131\u015f geni\u015f tan\u0131ml\u0131 i\u015fsiz say\u0131s\u0131 ise Ocak 2025\u2019te 11 milyon 260 bin ki\u015fi olarak ger\u00e7ekle\u015fti. 2020, 2024 ve 2025 Aral\u0131k d\u00f6nemlerinde dar ve geni\u015f tan\u0131ml\u0131 i\u015fsizlik aras\u0131ndaki makas geni\u015flemeye devam ediyor. Covid-19 pandemisi \u00f6ncesi, Ocak 2020\u2019de dar tan\u0131ml\u0131 i\u015fsizlik oran\u0131 y\u00fczde 13, dar tan\u0131ml\u0131 i\u015fsiz say\u0131s\u0131 4 milyon 150 bindi. Geni\u015f tan\u0131ml\u0131 i\u015fsizlik oran\u0131 y\u00fczde 21,4 ve say\u0131s\u0131 7 milyon 343\u2019t\u00fc. Bir y\u0131l \u00f6nce, Ocak 2024\u2019te ise dar tan\u0131ml\u0131 i\u015fsizlik oran\u0131 y\u00fczde 9,1, dar tan\u0131ml\u0131 i\u015fsiz say\u0131s\u0131 3 milyon 217, geni\u015f tan\u0131ml\u0131 i\u015fsizlik oran\u0131 y\u00fczde 26,1, geni\u015f tan\u0131ml\u0131 i\u015fsiz say\u0131s\u0131 ise 10 milyon 169 bindi.<\/p>\n<p style=\"font-weight: 400;\">Dar tan\u0131ml\u0131 i\u015fsizlik geriliyor gibi g\u00f6r\u00fclse de geni\u015f tan\u0131ml\u0131 i\u015fsizlikte art\u0131\u015f devam ediyor. Pandemi \u00f6ncesi d\u00f6neme g\u00f6re dar tan\u0131ml\u0131 i\u015fsizlik oran\u0131 4,6 puan gerilemi\u015fken geni\u015f tan\u0131ml\u0131 i\u015fsizlik oran\u0131 6,7 puan artm\u0131\u015ft\u0131r. Geni\u015f tan\u0131ml\u0131 i\u015fsiz say\u0131s\u0131ndaki art\u0131\u015f ise 3,9 milyon olmu\u015ftur. Son bir y\u0131lda ise geni\u015f tan\u0131ml\u0131 i\u015fsiz say\u0131s\u0131 1 milyon 91 bin ki\u015fi artm\u0131\u015ft\u0131r.<\/p>\n<p style=\"font-weight: 400;\">Geni\u015f tan\u0131ml\u0131 i\u015fsiz say\u0131s\u0131 Ocak 2020\u2019de 7 milyon 343 bin, Ocak 20204\u2019te 10 milyon 169 bin ve Ocak 2025\u2019te 11 milyon 260 bin olarak ger\u00e7ekle\u015fti. Geni\u015f tan\u0131ml\u0131 i\u015fsiz say\u0131s\u0131ndaki art\u0131\u015f\u0131n sebebi zamana ba\u011fl\u0131 eksik istihdam ve \u00fcmitsiz i\u015fsizler ile i\u015f aramay\u0131p \u00e7al\u0131\u015fmaya haz\u0131r olanlar\u0131, i\u015f arayan ancak hemen \u00e7al\u0131\u015fmaya ba\u015flayamayacak olanlar\u0131 kapsayan potansiyel i\u015fg\u00fcc\u00fc say\u0131s\u0131ndaki art\u0131\u015ft\u0131r. Haftal\u0131k 40 saatten daha az \u00e7al\u0131\u015fan ve imk\u00e2n\u0131 olmas\u0131 durumunda daha \u00e7ok \u00e7al\u0131\u015fmay\u0131 isteyenleri kapsayan zamana ba\u011fl\u0131 eksik istihdam edilenlerin say\u0131s\u0131 son bir y\u0131lda 445 bin artarak 3,7 milyon oldu. Zamana ba\u011fl\u0131 eksik istihdamdaki art\u0131\u015f ge\u00e7im s\u0131k\u0131nt\u0131s\u0131n\u0131n sonucu olarak ortaya \u00e7\u0131k\u0131yor. Potansiyel i\u015fg\u00fcc\u00fc say\u0131s\u0131 ise son bir y\u0131lda 860 bin ki\u015fi artarak 4,6 milyona y\u00fckseldi.<\/p>\n<p style=\"font-weight: 400;\">Rapordan di\u011fer bulgular \u015f\u00f6yle:<\/p>\n<ul>\n<li>T\u00dc\u0130K taraf\u0131ndan a\u00e7\u0131klanan d\u00f6rt ayr\u0131 i\u015fsizlik t\u00fcr\u00fcnde de kad\u0131n i\u015fsizli\u011fi erkek i\u015fsizli\u011finden olduk\u00e7a y\u00fcksek seyrediyor.<\/li>\n<li>Ocak 2025\u2019te mevsim etkisinden ar\u0131nd\u0131r\u0131lm\u0131\u015f H\u0130A verilerine g\u00f6re i\u015fsizlik t\u00fcrlerinin en y\u00fcksek oldu\u011fu kategori y\u00fczde 37,5 ile geni\u015f tan\u0131ml\u0131 kad\u0131n i\u015fsizli\u011fi oldu. \u0130\u015fsizlik t\u00fcrlerinde ikinci y\u00fcksek i\u015fsizlik kategorisi y\u00fczde 28,1 ile geni\u015f tan\u0131ml\u0131 i\u015fsizliktir. Ocak 2025\u2019te \u00fc\u00e7\u00fcnc\u00fc en y\u00fcksek i\u015fsizlik kategorisi ise y\u00fczde 22,7 gen\u00e7 kad\u0131n i\u015fsizli\u011fi oldu.<\/li>\n<li>Dar ve geni\u015f tan\u0131ml\u0131 i\u015fsizlik aras\u0131ndaki makas a\u00e7\u0131l\u0131yor: Ocak 2025\u2019te ise dar tan\u0131ml\u0131 i\u015fsizlik y\u00fczde 8,4 iken geni\u015f tan\u0131ml\u0131 i\u015fsizlik y\u00fczde 28,1 olarak ger\u00e7ekle\u015fti.<\/li>\n<\/ul>\n<p><a href=\"http:\/\/arastirma.disk.org.tr\/wp-content\/uploads\/2025\/02\/Issizligin-gorunumu-subat-2025-2-1.pdf\"><br \/>\n<img fetchpriority=\"high\" decoding=\"async\" class=\"aligncenter wp-image-12643\" src=\"http:\/\/arastirma.disk.org.tr\/wp-content\/uploads\/2025\/02\/subat-2-one-cikan-1024x650.png\" alt=\"\" width=\"749\" height=\"476\" srcset=\"https:\/\/arastirma.disk.org.tr\/wp-content\/uploads\/2025\/02\/subat-2-one-cikan-1024x650.png 1024w, https:\/\/arastirma.disk.org.tr\/wp-content\/uploads\/2025\/02\/subat-2-one-cikan-300x191.png 300w, https:\/\/arastirma.disk.org.tr\/wp-content\/uploads\/2025\/02\/subat-2-one-cikan-768x488.png 768w, https:\/\/arastirma.disk.org.tr\/wp-content\/uploads\/2025\/02\/subat-2-one-cikan-1536x975.png 1536w, https:\/\/arastirma.disk.org.tr\/wp-content\/uploads\/2025\/02\/subat-2-one-cikan.png 1748w\" sizes=\"(max-width: 749px) 100vw, 749px\" \/><\/a><\/p>\n<p style=\"font-weight: 400;\">\n","protected":false},"excerpt":{"rendered":"<p>D\u0130SK-AR \u0130\u015fsizlik ve \u0130stihdam\u0131n G\u00f6r\u00fcn\u00fcm\u00fc Raporu (\u015eubat 2025)-2 yay\u0131mland\u0131! Geni\u015f tan\u0131ml\u0131 i\u015fsiz say\u0131s\u0131 pandemi \u00f6ncesi d\u00f6neme g\u00f6re 3,9 milyon ki\u015fi artt\u0131: 11 milyon 260 bin&#8230;<\/p>\n","protected":false},"author":3,"featured_media":12643,"comment_status":"closed","ping_status":"closed","sticky":false,"template":"","format":"standard","meta":{"footnotes":""},"categories":[6],"tags":[],"class_list":["post-12644","post","type-post","status-publish","format-standard","has-post-thumbnail","hentry","category-guncel","wpcat-6-id"],"_links":{"self":[{"href":"https:\/\/arastirma.disk.org.tr\/index.php?rest_route=\/wp\/v2\/posts\/12644","targetHints":{"allow":["GET"]}}],"collection":[{"href":"https:\/\/arastirma.disk.org.tr\/index.php?rest_route=\/wp\/v2\/posts"}],"about":[{"href":"https:\/\/arastirma.disk.org.tr\/index.php?rest_route=\/wp\/v2\/types\/post"}],"author":[{"embeddable":true,"href":"https:\/\/arastirma.disk.org.tr\/index.php?rest_route=\/wp\/v2\/users\/3"}],"replies":[{"embeddable":true,"href":"https:\/\/arastirma.disk.org.tr\/index.php?rest_route=%2Fwp%2Fv2%2Fcomments&post=12644"}],"version-history":[{"count":5,"href":"https:\/\/arastirma.disk.org.tr\/index.php?rest_route=\/wp\/v2\/posts\/12644\/revisions"}],"predecessor-version":[{"id":12650,"href":"https:\/\/arastirma.disk.org.tr\/index.php?rest_route=\/wp\/v2\/posts\/12644\/revisions\/12650"}],"wp:featuredmedia":[{"embeddable":true,"href":"https:\/\/arastirma.disk.org.tr\/index.php?rest_route=\/wp\/v2\/media\/12643"}],"wp:attachment":[{"href":"https:\/\/arastirma.disk.org.tr\/index.php?rest_route=%2Fwp%2Fv2%2Fmedia&parent=12644"}],"wp:term":[{"taxonomy":"category","embeddable":true,"href":"https:\/\/arastirma.disk.org.tr\/index.php?rest_route=%2Fwp%2Fv2%2Fcategories&post=12644"},{"taxonomy":"post_tag","embeddable":true,"href":"https:\/\/arastirma.disk.org.tr\/index.php?rest_route=%2Fwp%2Fv2%2Ftags&post=12644"}],"curies":[{"name":"wp","href":"https:\/\/api.w.org\/{rel}","templated":true}]}}