{"id":12892,"date":"2025-06-30T12:24:22","date_gmt":"2025-06-30T09:24:22","guid":{"rendered":"https:\/\/arastirma.disk.org.tr\/?p=12892"},"modified":"2025-06-30T15:25:50","modified_gmt":"2025-06-30T12:25:50","slug":"genis-tanimli-issiz-sayisi-126-milyon","status":"publish","type":"post","link":"https:\/\/arastirma.disk.org.tr\/?p=12892","title":{"rendered":"Geni\u015f tan\u0131ml\u0131 i\u015fsiz say\u0131s\u0131 12,6 milyon!"},"content":{"rendered":"<h3 style=\"text-align: center;\">D\u0130SK-AR \u0130\u015fsizli\u011fin G\u00f6r\u00fcm\u00fc Raporu (Haziran 2025) yay\u0131mland\u0131!<\/h3>\n<ul>\n<li>Geni\u015f tan\u0131ml\u0131 i\u015fsiz say\u0131s\u0131 iki ayd\u0131r son 137 ay\u0131n zirvesinde!<\/li>\n<li>Geni\u015f tan\u0131ml\u0131 i\u015fsiz say\u0131s\u0131 pandemi d\u00f6neminin \u00fczerinde seyretmeye devam ediyor!<\/li>\n<li>Geni\u015f tan\u0131ml\u0131 i\u015fsizlik oran\u0131 y\u00fczde 31!<\/li>\n<li>Geni\u015f tan\u0131ml\u0131 i\u015fsiz say\u0131s\u0131 son bir y\u0131lda 2,5 milyon ki\u015fi artt\u0131!<\/li>\n<li>Geni\u015f tan\u0131ml\u0131 kad\u0131n i\u015fsizli\u011fi y\u00fczde 40,8!<\/li>\n<li>\u0130\u015fsizlerin y\u00fczde 85\u2019i i\u015fsizlik \u00f6dene\u011finden yararlanam\u0131yor!<\/li>\n<\/ul>\n<p><a href=\"http:\/\/arastirma.disk.org.tr\/wp-content\/uploads\/2025\/06\/Issizligin-gorunumu-Haziran-2025.pdf\">Rapora eri\u015fmek i\u00e7in t\u0131klay\u0131n\u0131z.<\/a><\/p>\n<p style=\"font-weight: 400;\">T\u00dc\u0130K\u2019in May\u0131s 2025 Hanehalk\u0131 \u0130\u015fg\u00fcc\u00fc Ara\u015ft\u0131rmas\u0131 (H\u0130A) sonu\u00e7lar\u0131 30 Haziran 2025\u2019te yay\u0131mland\u0131. Mevsim etkisinden ar\u0131nd\u0131r\u0131lm\u0131\u015f dar tan\u0131ml\u0131 i\u015fsizlik oran\u0131 y\u00fczde 8,4 mevsim etkisinden ar\u0131nd\u0131r\u0131lm\u0131\u015f geni\u015f tan\u0131ml\u0131 i\u015fsizlik oran\u0131 (\u00e2t\u0131l i\u015fg\u00fcc\u00fc) ise y\u00fczde 31 olarak a\u00e7\u0131kland\u0131. T\u00dc\u0130K\u2019e g\u00f6re T\u00fcrkiye genelinde 15 ve daha yukar\u0131 ya\u015ftaki ki\u015filerde dar tan\u0131ml\u0131 i\u015fsiz say\u0131s\u0131 (mevsim etkisinden ar\u0131nd\u0131r\u0131lm\u0131\u015f) 2025 May\u0131s ay\u0131nda 2 milyon 972 bin oldu. D\u0130SK-AR taraf\u0131ndan T\u00dc\u0130K verilerinden yararlanarak yap\u0131lan hesaplamaya g\u00f6re mevsim etkisinden ar\u0131nd\u0131r\u0131lm\u0131\u015f geni\u015f tan\u0131ml\u0131 i\u015fsiz say\u0131s\u0131 ise May\u0131s 2025\u2019te 12 milyon 606 bin ki\u015fi olarak ger\u00e7ekle\u015fti.<\/p>\n<p style=\"font-weight: 400;\">Pandemi d\u00f6neminde geni\u015f tan\u0131ml\u0131 i\u015fsiz say\u0131s\u0131n\u0131n en y\u00fcksek oldu\u011fu ay Ocak 2021\u2019di. Ocak 2021\u2019de dar tan\u0131ml\u0131 i\u015fsizlik oran\u0131 y\u00fczde 12,3 ve i\u015fsiz say\u0131s\u0131 3,9 milyondu. Bu d\u00f6nemde geni\u015f tan\u0131ml\u0131 i\u015fsizlik oran\u0131 y\u00fczde 29 ve geni\u015f tan\u0131ml\u0131 i\u015fsiz say\u0131s\u0131 ise 10,5 milyondu. May\u0131s 2025\u2019te geni\u015f tan\u0131ml\u0131 i\u015fsiz say\u0131s\u0131 pandeminin en y\u00fcksek oldu\u011fu d\u00f6nemden 2 milyon 137 bin ki\u015fi y\u00fcksek hesapland\u0131.<\/p>\n<p style=\"font-weight: 400;\">May\u0131s 2024 ve May\u0131s 2025 aras\u0131 bir y\u0131ll\u0131k d\u00f6nemde dar tan\u0131ml\u0131 i\u015fsizlik azalm\u0131\u015f olarak a\u00e7\u0131klansa da geni\u015f tan\u0131ml\u0131 i\u015fsizlikte ciddi art\u0131\u015f ya\u015fand\u0131. May\u0131s 2024\u2019te y\u00fczde 25,4 olan geni\u015f tan\u0131ml\u0131 i\u015fsizlik oran\u0131 son bir y\u0131lda 5,6 puan artt\u0131. May\u0131s 2024\u2019te 10,1 milyon olan geni\u015f tan\u0131ml\u0131 i\u015fsiz say\u0131s\u0131 May\u0131s 2025\u2019te 12,6 milyon oldu. B\u00f6ylece geni\u015f tan\u0131ml\u0131 i\u015fsiz say\u0131s\u0131nda bir y\u0131ll\u0131k art\u0131\u015f 2 milyon 472 bin oldu.<\/p>\n<p style=\"font-weight: 400;\">Geni\u015f tan\u0131ml\u0131 i\u015fsiz say\u0131s\u0131ndaki art\u0131\u015f\u0131n sebebi zamana ba\u011fl\u0131 eksik istihdam ve \u00fcmitsiz i\u015fsizler ile i\u015f aramay\u0131p \u00e7al\u0131\u015fmaya haz\u0131r olanlar\u0131, i\u015f arayan ancak hemen \u00e7al\u0131\u015fmaya ba\u015flayamayacak olanlar\u0131 kapsayan potansiyel i\u015fg\u00fcc\u00fc say\u0131s\u0131ndaki art\u0131\u015ft\u0131r.<\/p>\n<p style=\"font-weight: 400;\">Raporda di\u011fer bulgular \u00f6zetle \u015f\u00f6yle:<\/p>\n<ul style=\"font-weight: 400;\">\n<li>Zamana ba\u011fl\u0131 eksik istihdam ve \u00e7al\u0131\u015fmaya haz\u0131r olanlar\u0131n say\u0131s\u0131nda art\u0131\u015f devam ediyor<\/li>\n<li>T\u00dc\u0130K taraf\u0131ndan a\u00e7\u0131klanan d\u00f6rt ayr\u0131 i\u015fsizlik t\u00fcr\u00fcnde de kad\u0131n i\u015fsizli\u011fi erkek i\u015fsizli\u011finden olduk\u00e7a y\u00fcksek seyrediyor.<\/li>\n<\/ul>\n<figure id=\"attachment_12897\" aria-describedby=\"caption-attachment-12897\" style=\"width: 1024px\" class=\"wp-caption aligncenter\"><a href=\"http:\/\/arastirma.disk.org.tr\/wp-content\/uploads\/2025\/06\/Issizligin-gorunumu-Haziran-2025.pdf\"><img fetchpriority=\"high\" decoding=\"async\" class=\"wp-image-12897 size-large\" src=\"http:\/\/arastirma.disk.org.tr\/wp-content\/uploads\/2025\/06\/one-cikan-2-1024x768.jpeg\" alt=\"\" width=\"1024\" height=\"768\" srcset=\"https:\/\/arastirma.disk.org.tr\/wp-content\/uploads\/2025\/06\/one-cikan-2-1024x768.jpeg 1024w, https:\/\/arastirma.disk.org.tr\/wp-content\/uploads\/2025\/06\/one-cikan-2-300x225.jpeg 300w, https:\/\/arastirma.disk.org.tr\/wp-content\/uploads\/2025\/06\/one-cikan-2-768x576.jpeg 768w, https:\/\/arastirma.disk.org.tr\/wp-content\/uploads\/2025\/06\/one-cikan-2-1536x1152.jpeg 1536w, https:\/\/arastirma.disk.org.tr\/wp-content\/uploads\/2025\/06\/one-cikan-2-480x360.jpeg 480w, https:\/\/arastirma.disk.org.tr\/wp-content\/uploads\/2025\/06\/one-cikan-2.jpeg 1600w\" sizes=\"(max-width: 1024px) 100vw, 1024px\" \/><\/a><figcaption id=\"caption-attachment-12897\" class=\"wp-caption-text\">Rapora eri\u015fmek i\u00e7in t\u0131klay\u0131n\u0131z.<\/figcaption><\/figure>\n","protected":false},"excerpt":{"rendered":"<p>D\u0130SK-AR \u0130\u015fsizli\u011fin G\u00f6r\u00fcm\u00fc Raporu (Haziran 2025) yay\u0131mland\u0131! Geni\u015f tan\u0131ml\u0131 i\u015fsiz say\u0131s\u0131 iki ayd\u0131r son 137 ay\u0131n zirvesinde! Geni\u015f tan\u0131ml\u0131 i\u015fsiz say\u0131s\u0131 pandemi d\u00f6neminin \u00fczerinde seyretmeye&#8230;<\/p>\n","protected":false},"author":3,"featured_media":12895,"comment_status":"closed","ping_status":"closed","sticky":false,"template":"template-c-s2-post.php","format":"standard","meta":{"footnotes":""},"categories":[3,6,11,278],"tags":[556,555],"class_list":["post-12892","post","type-post","status-publish","format-standard","has-post-thumbnail","hentry","category-arastirma","category-guncel","category-issizlik","category-manset","tag-issizlik-raporlar","tag-issizlik-ve-istihdamin-gorunumu-haziran-2025","wpcat-3-id","wpcat-6-id","wpcat-11-id","wpcat-278-id"],"_links":{"self":[{"href":"https:\/\/arastirma.disk.org.tr\/index.php?rest_route=\/wp\/v2\/posts\/12892","targetHints":{"allow":["GET"]}}],"collection":[{"href":"https:\/\/arastirma.disk.org.tr\/index.php?rest_route=\/wp\/v2\/posts"}],"about":[{"href":"https:\/\/arastirma.disk.org.tr\/index.php?rest_route=\/wp\/v2\/types\/post"}],"author":[{"embeddable":true,"href":"https:\/\/arastirma.disk.org.tr\/index.php?rest_route=\/wp\/v2\/users\/3"}],"replies":[{"embeddable":true,"href":"https:\/\/arastirma.disk.org.tr\/index.php?rest_route=%2Fwp%2Fv2%2Fcomments&post=12892"}],"version-history":[{"count":3,"href":"https:\/\/arastirma.disk.org.tr\/index.php?rest_route=\/wp\/v2\/posts\/12892\/revisions"}],"predecessor-version":[{"id":12898,"href":"https:\/\/arastirma.disk.org.tr\/index.php?rest_route=\/wp\/v2\/posts\/12892\/revisions\/12898"}],"wp:featuredmedia":[{"embeddable":true,"href":"https:\/\/arastirma.disk.org.tr\/index.php?rest_route=\/wp\/v2\/media\/12895"}],"wp:attachment":[{"href":"https:\/\/arastirma.disk.org.tr\/index.php?rest_route=%2Fwp%2Fv2%2Fmedia&parent=12892"}],"wp:term":[{"taxonomy":"category","embeddable":true,"href":"https:\/\/arastirma.disk.org.tr\/index.php?rest_route=%2Fwp%2Fv2%2Fcategories&post=12892"},{"taxonomy":"post_tag","embeddable":true,"href":"https:\/\/arastirma.disk.org.tr\/index.php?rest_route=%2Fwp%2Fv2%2Ftags&post=12892"}],"curies":[{"name":"wp","href":"https:\/\/api.w.org\/{rel}","templated":true}]}}