{"id":13091,"date":"2025-08-07T11:51:07","date_gmt":"2025-08-07T08:51:07","guid":{"rendered":"https:\/\/arastirma.disk.org.tr\/?p=13091"},"modified":"2025-08-07T13:58:28","modified_gmt":"2025-08-07T10:58:28","slug":"1-trilyona-yakin-kayip","status":"publish","type":"post","link":"https:\/\/arastirma.disk.org.tr\/?p=13091","title":{"rendered":"Enflasyon ve verginin i\u015f\u00e7iye faturas\u0131: 1 trilyona yak\u0131n kay\u0131p!"},"content":{"rendered":"<h3 style=\"text-align: center;\"><b>Enflasyon ile Vergilerin \u0130\u015f\u00e7i \u00dccretlerine Yedi Ayl\u0131k Toplam Faturas\u0131 En Az 972 Milyar TL<\/b><\/h3>\n<h4 style=\"text-align: center;\">D\u0130SK-AR \u00dccret Kay\u0131plar\u0131 \u0130zleme Raporu (A\u011fustos 2025) Yay\u0131mland\u0131!<\/h4>\n<ul>\n<li>Y\u00fcksek enflasyon ile adaletsiz vergi ve kesintiler emek gelirlerini eritmeye devam ediyor!<\/li>\n<\/ul>\n<ul style=\"font-weight: 400;\">\n<li>2025\u2019in 7. ay\u0131nda br\u00fct i\u015f\u00e7i \u00fccretlerinin yakla\u015f\u0131k y\u00fczde 40\u2019\u0131 vergi, kesinti ve enflasyon nedeniyle eridi!<\/li>\n<li>2025\u2019in ilk 7 ay\u0131nda enflasyonun i\u015f\u00e7i \u00fccretlerine birikimli faturas\u0131 525,5 milyar TL! Vergilerin birikimli faturas\u0131 ise 446 milyar TL oldu!<\/li>\n<li>Vergi ve enflasyonun \u00fccretlerde yaratt\u0131\u011f\u0131 toplam kay\u0131p 972 milyara ula\u015ft\u0131.<\/li>\n<li>Asgari \u00fccrete ara zam yap\u0131lmamas\u0131 kay\u0131plar\u0131 b\u00fcy\u00fctt\u00fc. Temmuz 2025\u2019te asgari \u00fccretin enflasyon kar\u015f\u0131s\u0131ndaki kayb\u0131 4.218 TL!<\/li>\n<li>Y\u0131l\u0131n ilk yedi ay\u0131nda ortalama i\u015f\u00e7i \u00fccretinin birikimli kayb\u0131 58 bin 450 TL!<\/li>\n<\/ul>\n<p><a href=\"http:\/\/arastirma.disk.org.tr\/wp-content\/uploads\/2025\/08\/Ucret-Kayiplari-Izleme-Raporu-6-Agustos-2025-1.pdf\">Rapora eri\u015fmek i\u00e7in t\u0131klay\u0131n\u0131z.<\/a><\/p>\n<p style=\"font-weight: 400;\">Enflasyon ve vergi art\u0131\u015flar\u0131 i\u015f\u00e7ilerin net harcanabilir \u00fccretlerinde ciddi erimelere yol a\u00e7\u0131yor. \u0130\u015f\u00e7i \u00fccretlerindeki kay\u0131plar\u0131 tekil, bireysel bazda oldu\u011fu gibi toplam ve birikimli olarak da devasa boyutlara ula\u015ft\u0131.<\/p>\n<p style=\"font-weight: 400;\">\u00dccretlerdeki erimeyi ela alan ara\u015ft\u0131rmam\u0131z\u0131n 7. ay\u0131nda sadece ayl\u0131k de\u011fil birikimli toplam kay\u0131plar\u0131 da inceledik. \u00d6nceki raporlar\u0131m\u0131zda ayl\u0131k d\u00fczeyde de ciddi boyutlara ula\u015ft\u0131\u011f\u0131n\u0131 g\u00f6rd\u00fc\u011f\u00fcm\u00fcz kay\u0131plar birikimli olarak \u00e7ok daha b\u00fcy\u00fck boyutlarda.<\/p>\n<p style=\"font-weight: 400;\">Sadece SGK kapsam\u0131ndaki i\u015f\u00e7ileri (yakla\u015f\u0131k 17 milyon) kapsayan ara\u015ft\u0131rmam\u0131za g\u00f6re bir yandan enflasyon \u00f6te yandan artan vergi y\u00fck\u00fc nedeniyle harcanabilir ger\u00e7ek (reel) \u00fccretler b\u00fcy\u00fck bir erozyonla kar\u015f\u0131 kar\u015f\u0131ya.<\/p>\n<p style=\"font-weight: 400;\">Vergi y\u00fck\u00fc: \u00dccretlerin ya\u015fad\u0131\u011f\u0131 erimenin en b\u00fcy\u00fck sebeplerinden biri h\u0131zla artan vergi y\u00fck\u00fcd\u00fcr. \u00d6rne\u011fin 47.750 TL br\u00fct \u00fccreti oldu\u011funu kabul etti\u011fimiz bir i\u015f\u00e7i (sigortal\u0131lar i\u00e7in ortalama \u00fccret) Ocak 2025\u2019te 3 bin TL\u2019nin alt\u0131nda vergi \u00f6derken temmuz ay\u0131 itibar\u0131yla bu miktar 5 bin TL\u2019ye yakla\u015ft\u0131. Vergi ve kesinti toplam\u0131 Ocak 2025\u2019te 10.100 TL iken Temmuz 2025\u2019te kesinti toplam\u0131 12.129 TL\u2019ye y\u00fckseldi.<\/p>\n<p style=\"font-weight: 400;\">Ortalama i\u015f\u00e7i \u00fccretinde (47.750 TL) Ocak 2025 tarihinde enflasyon nedeniyle ya\u015fanan kay\u0131p 1.894 TL iken Temmuz 2025 d\u00f6neminde bu miktar 6.796 TL\u2019ye y\u00fckseldi. Vergi ve enflasyon nedeniyle (i\u015fsizlik sigortas\u0131 ve SGK primi kesintisi hari\u00e7) ocak ay\u0131ndaki erime 4.831 TL iken bu miktar temmuz ay\u0131nda 11.793 TL\u2019ye y\u00fckseldi. Ortalama i\u015f\u00e7i \u00fccretinin 7 ayl\u0131k birikimli erimesi ise 58.450 TL oldu.<\/p>\n<p style=\"font-weight: 400;\">Toplam kay\u0131plar ise \u00e7ok daha \u00fcrk\u00fct\u00fcc\u00fc boyutlarda. Sadece sigortal\u0131 i\u015f\u00e7ilerin ayl\u0131k enflasyon kayb\u0131 Temmuz 2025\u2019te toplam (t\u00fcm i\u015f\u00e7iler i\u00e7in) 114,3 milyar TL\u2019ye ula\u015f\u0131rken enflasyon ve vergi (kesintiler hari\u00e7) kaynakl\u0131 toplam erime 198 milyar TL oldu.<\/p>\n<p style=\"font-weight: 400;\">7 ayl\u0131k birikimli erime (7 ay\u0131n toplam\u0131) ise ak\u0131llara durgunluk verecek d\u00fczeye ula\u015fm\u0131\u015f durumda. \u00d6zellikle asgari \u00fccrete Temmuz 2025\u2019te ara zam yap\u0131lmamas\u0131 kay\u0131plar\u0131 b\u00fcy\u00fctt\u00fc. Artan vergi y\u00fck\u00fc nedeniyle t\u00fcm i\u015f\u00e7iler i\u00e7in ya\u015fanan 7 ayl\u0131k birikimli toplam kay\u0131p 446 milyar TL olurken enflasyonun yaratt\u0131\u011f\u0131 kay\u0131p ise 526 milyar TL\u2019ye ula\u015ft\u0131. B\u00f6ylece vergi ve enflasyonun yakla\u015f\u0131k 17 milyon i\u015f\u00e7inin \u00fccretlerinde yaratt\u0131\u011f\u0131 7 ayl\u0131k kay\u0131p en az 972 milyar TL\u2019ye ula\u015ft\u0131.<\/p>\n<p style=\"font-weight: 400;\">1 trilyon TL\u2019ye yakla\u015fan bu erime i\u015f\u00e7ilerden varl\u0131kl\u0131 kesimlere ciddi bir gelir transferidir.<\/p>\n<p style=\"font-weight: 400;\">Enflasyon ve gelir vergisi adaletsizli\u011fi nedeniyle i\u015f\u00e7i s\u0131n\u0131f\u0131n\u0131n yakla\u015f\u0131k 1 trilyonluk \u00fccreti erimi\u015ftir. Enflasyon i\u015f\u00e7i s\u0131n\u0131f\u0131n\u0131 yoksulla\u015ft\u0131ran bir emme basma tulumbad\u0131r. \u0130\u015f\u00e7ilerden al\u0131p zenginlere kaynak aktarmaktad\u0131r. \u00d6te yandan adaletsiz vergi sistemi gelir e\u015fitsizli\u011fini daha da derinle\u015ftirmekte ve \u00fccret gelirleri \u00fczerindeki y\u00fck\u00fc art\u0131rmaktad\u0131r. G\u00fcn\u00fcn sonunda i\u015f\u00e7ilerin harcanabilir net ger\u00e7ek \u00fccretleri h\u0131zla erimektedir.<\/p>\n<p><a href=\"http:\/\/arastirma.disk.org.tr\/wp-content\/uploads\/2025\/08\/Ucret-Kayiplari-Izleme-Raporu-6-Agustos-2025-1.pdf\"><img fetchpriority=\"high\" decoding=\"async\" class=\"aligncenter size-large wp-image-13094\" src=\"http:\/\/arastirma.disk.org.tr\/wp-content\/uploads\/2025\/08\/info-son-2-699x1024.png\" alt=\"\" width=\"699\" height=\"1024\" srcset=\"https:\/\/arastirma.disk.org.tr\/wp-content\/uploads\/2025\/08\/info-son-2-699x1024.png 699w, https:\/\/arastirma.disk.org.tr\/wp-content\/uploads\/2025\/08\/info-son-2-205x300.png 205w, https:\/\/arastirma.disk.org.tr\/wp-content\/uploads\/2025\/08\/info-son-2-768x1126.png 768w, https:\/\/arastirma.disk.org.tr\/wp-content\/uploads\/2025\/08\/info-son-2-1048x1536.png 1048w, https:\/\/arastirma.disk.org.tr\/wp-content\/uploads\/2025\/08\/info-son-2-1397x2048.png 1397w, https:\/\/arastirma.disk.org.tr\/wp-content\/uploads\/2025\/08\/info-son-2.png 1584w\" sizes=\"(max-width: 699px) 100vw, 699px\" \/><\/a><\/p>\n","protected":false},"excerpt":{"rendered":"<p>Enflasyon ile Vergilerin \u0130\u015f\u00e7i \u00dccretlerine Yedi Ayl\u0131k Toplam Faturas\u0131 En Az 972 Milyar TL D\u0130SK-AR \u00dccret Kay\u0131plar\u0131 \u0130zleme Raporu (A\u011fustos 2025) Yay\u0131mland\u0131! Y\u00fcksek enflasyon ile&#8230;<\/p>\n","protected":false},"author":3,"featured_media":13093,"comment_status":"closed","ping_status":"closed","sticky":false,"template":"template-c-s2-post.php","format":"standard","meta":{"footnotes":""},"categories":[3,6,278],"tags":[547,565],"class_list":["post-13091","post","type-post","status-publish","format-standard","has-post-thumbnail","hentry","category-arastirma","category-guncel","category-manset","tag-ucret-kayiplari-izleme-raporu","tag-ucret-kayiplari-izleme-raporu-agustos-2025","wpcat-3-id","wpcat-6-id","wpcat-278-id"],"_links":{"self":[{"href":"https:\/\/arastirma.disk.org.tr\/index.php?rest_route=\/wp\/v2\/posts\/13091","targetHints":{"allow":["GET"]}}],"collection":[{"href":"https:\/\/arastirma.disk.org.tr\/index.php?rest_route=\/wp\/v2\/posts"}],"about":[{"href":"https:\/\/arastirma.disk.org.tr\/index.php?rest_route=\/wp\/v2\/types\/post"}],"author":[{"embeddable":true,"href":"https:\/\/arastirma.disk.org.tr\/index.php?rest_route=\/wp\/v2\/users\/3"}],"replies":[{"embeddable":true,"href":"https:\/\/arastirma.disk.org.tr\/index.php?rest_route=%2Fwp%2Fv2%2Fcomments&post=13091"}],"version-history":[{"count":3,"href":"https:\/\/arastirma.disk.org.tr\/index.php?rest_route=\/wp\/v2\/posts\/13091\/revisions"}],"predecessor-version":[{"id":13097,"href":"https:\/\/arastirma.disk.org.tr\/index.php?rest_route=\/wp\/v2\/posts\/13091\/revisions\/13097"}],"wp:featuredmedia":[{"embeddable":true,"href":"https:\/\/arastirma.disk.org.tr\/index.php?rest_route=\/wp\/v2\/media\/13093"}],"wp:attachment":[{"href":"https:\/\/arastirma.disk.org.tr\/index.php?rest_route=%2Fwp%2Fv2%2Fmedia&parent=13091"}],"wp:term":[{"taxonomy":"category","embeddable":true,"href":"https:\/\/arastirma.disk.org.tr\/index.php?rest_route=%2Fwp%2Fv2%2Fcategories&post=13091"},{"taxonomy":"post_tag","embeddable":true,"href":"https:\/\/arastirma.disk.org.tr\/index.php?rest_route=%2Fwp%2Fv2%2Ftags&post=13091"}],"curies":[{"name":"wp","href":"https:\/\/api.w.org\/{rel}","templated":true}]}}