{"id":13396,"date":"2025-12-06T11:45:20","date_gmt":"2025-12-06T08:45:20","guid":{"rendered":"https:\/\/arastirma.disk.org.tr\/?p=13396"},"modified":"2025-12-29T10:51:51","modified_gmt":"2025-12-29T07:51:51","slug":"asgari-ucret-arastirmasi-2026-yayimlandi","status":"publish","type":"post","link":"https:\/\/arastirma.disk.org.tr\/?p=13396","title":{"rendered":"Asgari \u00dccret Ara\u015ft\u0131rmas\u0131 2026 yay\u0131mland\u0131!"},"content":{"rendered":"<h3 style=\"text-align: center;\">D\u0130SK-AR Asgari \u00dccret Ara\u015ft\u0131rmas\u0131 2026 yay\u0131mland\u0131!<\/h3>\n<p style=\"font-weight: 400;\">D\u0130SK Ara\u015ft\u0131rma Merkezi (D\u0130SK-AR) olarak 2026 asgari \u00fccret ara\u015ft\u0131rmas\u0131 ile kar\u015f\u0131n\u0131zday\u0131z. Bilindi\u011fi gibi asgari \u00fccret on milyonlarca yurtta\u015f\u0131n derdi, milyonlarca i\u015f\u00e7inin ve hanenin ya\u015fam ko\u015fullar\u0131n\u0131 ilgilendiren \u00e7al\u0131\u015fma hayat\u0131n\u0131n en temel konular\u0131ndan, s\u0131n\u0131f m\u00fccadelesinin temel alanlar\u0131ndan biridir. Bu nedenle i\u015f\u00e7i s\u0131n\u0131f\u0131n\u0131n ve emek d\u00fcnyas\u0131n\u0131n bu \u00f6nemli ba\u015fl\u0131\u011f\u0131n\u0131 biz de y\u0131llard\u0131r kapsaml\u0131 ara\u015ft\u0131rmalarla kamuoyunun g\u00fcndemine ta\u015f\u0131yoruz.<\/p>\n<p style=\"font-weight: 400;\">\u00d6nceki y\u0131llardaki ara\u015ft\u0131rmalar\u0131m\u0131zda oldu\u011fu gibi bu y\u0131l da asgari \u00fccretin kapsam\u0131na ili\u015fkin T\u00dc\u0130K Hanehalk\u0131 \u0130\u015fg\u00fcc\u00fc Ara\u015ft\u0131rmas\u0131\u2019na (H\u0130A) dayanarak asgari \u00fccretin kapsam\u0131n\u0131n olduk\u00e7a geni\u015f oldu\u011funu ortaya koyduk. Bu, ara\u015ft\u0131rmam\u0131z\u0131n \u00f6zg\u00fcn yanlar\u0131ndan biridir.<\/p>\n<p style=\"font-weight: 400;\">\u00d6te yandan bu y\u0131lki ara\u015ft\u0131rmam\u0131zda d\u00fcnyada asgari \u00fccret saptanmas\u0131na ili\u015fkin \u00fclke \u00f6rneklerine geni\u015f bi\u00e7imde yer verdik. Bu b\u00f6l\u00fcm\u00fcn T\u00fcrkiye\u2019de son zamanlarda giderek artan Komisyon bile\u015fimi tart\u0131\u015fmalar\u0131 i\u00e7in \u00f6nemli bir katk\u0131 olaca\u011f\u0131n\u0131 d\u00fc\u015f\u00fcn\u00fcyoruz.<\/p>\n<p style=\"font-weight: 400;\">Ara\u015ft\u0131rmam\u0131z\u0131n \u00f6zg\u00fcn yanlar\u0131ndan bir di\u011feri ise asgari \u00fccretin Ki\u015fi Ba\u015f\u0131na Gayri Safi Yurti\u00e7i Has\u0131la ile ili\u015fkisini ortaya koymas\u0131d\u0131r. Ara\u015ft\u0131rmada buna ili\u015fkin de\u011ferlendirmelere yer verdik. Asgari \u00fccretin ulusal d\u00fczeyde belirlendi\u011fi 1974\u2019ten bu yana asgari \u00fccretin b\u00f6l\u00fc\u015f\u00fcmdeki yerini ortaya koyduk.<\/p>\n<p style=\"font-weight: 400;\">Elinizdeki ara\u015ft\u0131rma bilimsel \u00f6l\u00e7\u00fctler dikkate al\u0131narak haz\u0131rlanmaya \u00e7al\u0131\u015f\u0131lm\u0131\u015ft\u0131r. Ara\u015ft\u0131rma bir sendika ara\u015ft\u0131rma merkezinin sendikal politikalar\u0131n olu\u015fturulmas\u0131na destek olmak amac\u0131yla haz\u0131rlad\u0131\u011f\u0131 bir \u00e7al\u0131\u015fmad\u0131r. Bu nedenle salt teknik bir yakla\u015f\u0131mdan uzak durulmu\u015f, bilimsel \u00f6l\u00e7\u00fctlere ba\u011fl\u0131 kal\u0131narak politika y\u00f6nelimli sosyal ve s\u0131n\u0131fsal bir yakla\u015f\u0131m\u0131 merkeze alan bir y\u00f6ntem tercih edilmi\u015ftir.<\/p>\n<p style=\"font-weight: 400;\">Bu ara\u015ft\u0131rma raporu teknik ve akademik \u00f6l\u00e7\u00fctlerle s\u0131n\u0131rl\u0131 de\u011fildir. Bilimsel ara\u015ft\u0131rma kurallar\u0131na, eti\u011fine ba\u011fl\u0131 ve g\u00fcncel politika y\u00f6nelimli bir \u00e7al\u0131\u015fmad\u0131r. Bu nedenle \u00e7e\u015fitli k\u0131s\u0131tlar\u0131 oldu\u011fu unutulmamal\u0131d\u0131r.<\/p>\n<p><a href=\"http:\/\/arastirma.disk.org.tr\/wp-content\/uploads\/2025\/12\/ASGARI-UCRET-2026-FINAL-rev.pdf\">Ara\u015ft\u0131rmaya eri\u015fmek i\u00e7in t\u0131klay\u0131n\u0131z.<\/a><\/p>\n<p><strong>Rapordan \u00f6zet bulgular \u015f\u00f6yle:<\/strong><\/p>\n<ul>\n<li><strong>Komisyon yap\u0131s\u0131ndan \u00f6nce kural gereklidir.<\/strong> Asgari \u00fccretin tespitinde bu iki kural temel olmal\u0131d\u0131r:<\/li>\n<\/ul>\n<ol>\n<li>Evrensel standartlara uygun olarak asgari \u00fccret sadece i\u015f\u00e7inin kendisi i\u00e7in de\u011fil, bakmakla y\u00fck\u00fcml\u00fc olduklar\u0131 da (hanehalk\u0131 veya ailesi) g\u00f6z \u00f6n\u00fcne al\u0131narak, asgari ihtiya\u00e7lar\u0131 dikkate al\u0131narak hesaplanmal\u0131d\u0131r. Bu h\u00fck\u00fcm mevzuata yaz\u0131lmal\u0131d\u0131r.<\/li>\n<li>Asgari \u00fccret; genel \u00fccret d\u00fczeyi, ve \u00fclke ekonomisindeki b\u00fcy\u00fcmeye ba\u011fl\u0131 olarak toplu pazarl\u0131kla saptanmal\u0131d\u0131r.<\/li>\n<\/ol>\n<ul>\n<li><strong>Asgari \u00fccret de\u011fil toplu s\u00f6zle\u015fme kapsam\u0131 geni\u015fletilmelidir.<\/strong><\/li>\n<li><strong>Asgari \u00fccret de\u011fil toplu pazarl\u0131k:<\/strong> T\u0130S kapsam\u0131ndaki i\u015f\u00e7ilerin ayl\u0131k br\u00fct ortalama \u00fccretleri T\u0130S kapsam\u0131nda olmayan i\u015f\u00e7ilerden y\u00fczde 40 daha fazlad\u0131r.<\/li>\n<li><strong>Asgari \u00fccret eriyor: Asgari \u00fccretin ki\u015fi ba\u015f\u0131na milli gelire oran\u0131 geriliyor.<\/strong> 1974\u2019te ki\u015fi ba\u015f\u0131na GSYH\u2019nin y\u00fczde 80,6\u2019s\u0131 d\u00fczeyinde olan br\u00fct asgari \u00fccret, 2025\u2019te ki\u015fi ba\u015f\u0131na gelirin y\u00fczde 43,6\u2019s\u0131na d\u00fc\u015ft\u00fc.<\/li>\n<li><strong>Asgari \u00fccret enflasyonun alt\u0131nda ezildi:<\/strong> 2025&#8217;te asgari \u00fccretin y\u0131ll\u0131k al\u0131m g\u00fcc\u00fc kayb\u0131 50 bin TL&#8217;yi a\u015ft\u0131.<\/li>\n<li><strong>Asgari \u00fccret a\u00e7l\u0131k ve yoksulluk s\u0131n\u0131r\u0131n\u0131n alt\u0131nda kald\u0131.<\/strong> 2024 Ocak ay\u0131ndan 2025 sonuna 24 ay boyunca asgari \u00fccret yaln\u0131zca 4 ay a\u00e7l\u0131k s\u0131n\u0131r\u0131n\u0131n \u00fczerinde oldu.<\/li>\n<li><strong>Asgari \u00fccret alt\u0131n kar\u015f\u0131s\u0131nda da eriyor:<\/strong> Asgari \u00fccretli 2005&#8217;ten bu yana 22 Cumhuriyet alt\u0131n\u0131 kaybetti!<\/li>\n<li><strong>T\u00fcrkiye&#8217;de i\u015f\u00e7ilerin yar\u0131s\u0131 asgari \u00fccretli!<\/strong><\/li>\n<li><strong>Kay\u0131td\u0131\u015f\u0131 i\u015f\u00e7ilerin yakla\u015f\u0131k yar\u0131s\u0131 asgari \u00fccretin alt\u0131nda \u00fccrete mahkum!<\/strong><\/li>\n<li><strong>Kad\u0131n i\u015f\u00e7ilerin \u00e7ok b\u00fcy\u00fck bir b\u00f6l\u00fcm\u00fc asgari \u00fccret civar\u0131nda \u00fccretlerle \u00e7al\u0131\u015f\u0131yor.<\/strong> Asgari \u00fccret ve alt\u0131nda \u00fccret alanlar\u0131n oran\u0131 genelde y\u00fczde 46,7 iken kad\u0131nlarda bu oran y\u00fczde 60,1\u2019dir.<\/li>\n<li><strong>Asgari \u00fccret ile di\u011fer emek gelirleri aras\u0131ndaki makas kapan\u0131yor.<\/strong> 2002 ve 2025 y\u0131llar\u0131 aras\u0131nda net asgari \u00fccrette parasal (nominal) art\u0131\u015f 119,9 kat olarak ger\u00e7ekle\u015fti. Ayn\u0131 d\u00f6nemde ortalama memur maa\u015f\u0131 98,2 kat, en d\u00fc\u015f\u00fck i\u015f\u00e7i emekli ayl\u0131\u011f\u0131 71,6 kat artt\u0131. B\u00f6ylece asgari \u00fccret d\u0131\u015f\u0131ndaki emek gelirlerinin asgari \u00fccrete oran\u0131 geriledi.<\/li>\n<li><strong>Asgari \u00fccret enflasyonun sebebi de\u011fil!<\/strong> T\u00fcrkiye\u2019de asgari \u00fccrete baz\u0131 y\u0131llarda resmi enflasyonun olduk\u00e7a \u00fczerinde reel art\u0131\u015flar yap\u0131ld\u0131 (2016, 2019 ve 2023 gibi). Ancak bu durum enflasyonu tetiklemedi.<\/li>\n<li><strong>Asgari \u00fccret art\u0131\u015f\u0131 istihdam\u0131 d\u00fc\u015f\u00fcrmedi!<\/strong> Asgari \u00fccretin y\u0131ll\u0131k ortalama art\u0131\u015f\u0131 ile y\u0131ll\u0131k i\u015fsizlik ve istihdam oranlar\u0131 aras\u0131nda iddia edilen bir ili\u015fki bulunmuyor.<\/li>\n<li><strong>B\u00f6lgesel asgari \u00fccret \u00e7\u00f6z\u00fcm de\u011fil!<\/strong> T\u00fcrkiye\u2019de b\u00f6lgesel asgari \u00fccret 1951-1974 aras\u0131nda uyguland\u0131 ve 1974\u2019te terk edildi. B\u00f6lgesel asgari \u00fccret konusu 50 y\u0131l \u00f6nce vazge\u00e7ilen bir uygulamad\u0131r.<\/li>\n<li><strong>Verimlilik art\u0131\u015f\u0131 asgari \u00fccrete yans\u0131m\u0131yor!<\/strong> Asgari \u00fccretin -ulusal d\u00fczeyde verimlilik art\u0131\u015f\u0131n\u0131n bir \u00f6l\u00e7\u00fcs\u00fc olarak kabul edilebilecek olan- Ki\u015fi Ba\u015f\u0131na Gayri Safi Yurt \u0130\u00e7i Has\u0131la\u2019ya oran\u0131 d\u00fc\u015fmektedir.<\/li>\n<li><strong>T\u00fcrkiye, Avrupa&#8217;n\u0131n en d\u00fc\u015f\u00fck asgari \u00fccretli \u00fclkelerinden!<\/strong> 2015\u2019te Avrupa\u2019da T\u00fcrkiye\u2019den avro cinsinden d\u00fc\u015f\u00fck asgari \u00fccreti olan\u00a014 \u00fclke\u00a0varken, 2025 y\u0131l\u0131nda sadece\u00a02 \u00fclke\u00a0vard\u0131r.<\/li>\n<li><strong>AB \u00fclkeleri: T\u0130S kapsam\u0131 y\u00fckseldik\u00e7e asgari \u00fccretli oran\u0131 geriliyor.<\/strong> AB \u00fclkelerinde asgari \u00fccret kapsam\u0131n\u0131n d\u00fc\u015f\u00fck, T\u00fcrkiye\u2019de ise \u00e7ok y\u00fcksek olmas\u0131n\u0131n as\u0131l nedeni AB \u00fclkelerinde sendikala\u015fma ve te\u015fmil uygulamalar\u0131 nedeniyle toplu i\u015f s\u00f6zle\u015fmesi kapsam\u0131n\u0131n y\u00fcksek olmas\u0131d\u0131r.<\/li>\n<li><strong>Asgari \u00fccrette vergi istisnas\u0131 \u00e7al\u0131\u015fanlar aleyhine uygulan\u0131yor.<\/strong> Asgari \u00fccret vergi istisnas\u0131n\u0131n matrahtan indirim \u015feklinde de\u011fil de vergiden indirim yoluyla uygulanmas\u0131 \u00e7al\u0131\u015fanlar\u0131 ma\u011fdur etmekte ve daha \u00e7ok vergi \u00f6demelerine yol a\u00e7maktad\u0131r.<\/li>\n<li><strong>2000&#8217;de gelir vergisi ilk dilimi asgari \u00fccretin 22 kat\u0131yken 2025&#8217;te 6,1 kat\u0131na geriledi.<\/strong><\/li>\n<li><strong>\u0130\u015fverenlere sa\u011flanan SGK prim deste\u011fi i\u015f\u00e7ilere de sa\u011flanmal\u0131d\u0131r!<\/strong> 2008\u2019den itibaren SGK i\u015fveren prim pay\u0131n\u0131n bir k\u0131sm\u0131 b\u00fct\u00e7eden kar\u015f\u0131lanmaktad\u0131r. 2010\u2019da 3,8 milyar TL olan destek, 2024\u2019te 267,8 milyar TL\u2019ye, 2025&#8217;in ilk on ay\u0131nda ise 207,6 milyar TL&#8217;ye ula\u015fm\u0131\u015ft\u0131r.<\/li>\n<\/ul>\n<figure id=\"attachment_13397\" aria-describedby=\"caption-attachment-13397\" style=\"width: 722px\" class=\"wp-caption aligncenter\"><a href=\"http:\/\/arastirma.disk.org.tr\/wp-content\/uploads\/2025\/12\/ASGARI-UCRET-2026-FINAL-rev.pdf\"><img fetchpriority=\"high\" decoding=\"async\" class=\"wp-image-13397 size-large\" src=\"http:\/\/arastirma.disk.org.tr\/wp-content\/uploads\/2025\/11\/Ekran-Resmi-2025-11-30-16.06.07-722x1024.png\" alt=\"\" width=\"722\" height=\"1024\" srcset=\"https:\/\/arastirma.disk.org.tr\/wp-content\/uploads\/2025\/11\/Ekran-Resmi-2025-11-30-16.06.07-722x1024.png 722w, https:\/\/arastirma.disk.org.tr\/wp-content\/uploads\/2025\/11\/Ekran-Resmi-2025-11-30-16.06.07-212x300.png 212w, https:\/\/arastirma.disk.org.tr\/wp-content\/uploads\/2025\/11\/Ekran-Resmi-2025-11-30-16.06.07-768x1089.png 768w, https:\/\/arastirma.disk.org.tr\/wp-content\/uploads\/2025\/11\/Ekran-Resmi-2025-11-30-16.06.07.png 910w\" sizes=\"(max-width: 722px) 100vw, 722px\" \/><\/a><figcaption id=\"caption-attachment-13397\" class=\"wp-caption-text\">Ara\u015ft\u0131rmaya eri\u015fmek i\u00e7in t\u0131klay\u0131n\u0131z.<\/figcaption><\/figure>\n","protected":false},"excerpt":{"rendered":"<p>D\u0130SK-AR Asgari \u00dccret Ara\u015ft\u0131rmas\u0131 2026 yay\u0131mland\u0131! D\u0130SK Ara\u015ft\u0131rma Merkezi (D\u0130SK-AR) olarak 2026 asgari \u00fccret ara\u015ft\u0131rmas\u0131 ile kar\u015f\u0131n\u0131zday\u0131z. Bilindi\u011fi gibi asgari \u00fccret on milyonlarca yurtta\u015f\u0131n derdi,&#8230;<\/p>\n","protected":false},"author":3,"featured_media":13402,"comment_status":"closed","ping_status":"closed","sticky":false,"template":"template-c-s1-post.php","format":"standard","meta":{"footnotes":""},"categories":[3,17,6,278],"tags":[30,577],"class_list":["post-13396","post","type-post","status-publish","format-standard","has-post-thumbnail","hentry","category-arastirma","category-asgari-ucret-raporu","category-guncel","category-manset","tag-asgari-ucret","tag-asgari-ucret-arastirmasi-2026","wpcat-3-id","wpcat-17-id","wpcat-6-id","wpcat-278-id"],"_links":{"self":[{"href":"https:\/\/arastirma.disk.org.tr\/index.php?rest_route=\/wp\/v2\/posts\/13396","targetHints":{"allow":["GET"]}}],"collection":[{"href":"https:\/\/arastirma.disk.org.tr\/index.php?rest_route=\/wp\/v2\/posts"}],"about":[{"href":"https:\/\/arastirma.disk.org.tr\/index.php?rest_route=\/wp\/v2\/types\/post"}],"author":[{"embeddable":true,"href":"https:\/\/arastirma.disk.org.tr\/index.php?rest_route=\/wp\/v2\/users\/3"}],"replies":[{"embeddable":true,"href":"https:\/\/arastirma.disk.org.tr\/index.php?rest_route=%2Fwp%2Fv2%2Fcomments&post=13396"}],"version-history":[{"count":7,"href":"https:\/\/arastirma.disk.org.tr\/index.php?rest_route=\/wp\/v2\/posts\/13396\/revisions"}],"predecessor-version":[{"id":13436,"href":"https:\/\/arastirma.disk.org.tr\/index.php?rest_route=\/wp\/v2\/posts\/13396\/revisions\/13436"}],"wp:featuredmedia":[{"embeddable":true,"href":"https:\/\/arastirma.disk.org.tr\/index.php?rest_route=\/wp\/v2\/media\/13402"}],"wp:attachment":[{"href":"https:\/\/arastirma.disk.org.tr\/index.php?rest_route=%2Fwp%2Fv2%2Fmedia&parent=13396"}],"wp:term":[{"taxonomy":"category","embeddable":true,"href":"https:\/\/arastirma.disk.org.tr\/index.php?rest_route=%2Fwp%2Fv2%2Fcategories&post=13396"},{"taxonomy":"post_tag","embeddable":true,"href":"https:\/\/arastirma.disk.org.tr\/index.php?rest_route=%2Fwp%2Fv2%2Ftags&post=13396"}],"curies":[{"name":"wp","href":"https:\/\/api.w.org\/{rel}","templated":true}]}}