{"id":13558,"date":"2026-01-29T12:18:51","date_gmt":"2026-01-29T09:18:51","guid":{"rendered":"https:\/\/arastirma.disk.org.tr\/?p=13558"},"modified":"2026-01-29T16:12:52","modified_gmt":"2026-01-29T13:12:52","slug":"issizlik-gerilemiyor-genis-tanimli-issiz-sayisi-11-milyon-593-bin","status":"publish","type":"post","link":"https:\/\/arastirma.disk.org.tr\/?p=13558","title":{"rendered":"\u0130\u015fsizlik gerilemiyor: Geni\u015f tan\u0131ml\u0131 i\u015fsiz say\u0131s\u0131 11 milyon 593 bin!"},"content":{"rendered":"<h3 style=\"text-align: center;\">D\u0130SK-AR \u0130\u015fsizlik ve \u0130stihdam\u0131n G\u00f6r\u00fcn\u00fcm\u00fc Raporu (Ocak 2026) Yay\u0131mland\u0131!<\/h3>\n<ul style=\"font-weight: 400;\">\n<li>Geni\u015f tan\u0131ml\u0131 i\u015fsizlik oran\u0131 y\u00fczde 28,6!<\/li>\n<li>Dar ve geni\u015f tan\u0131ml\u0131 i\u015fsizlik oran\u0131 aras\u0131ndaki puan fark\u0131 20,9!<\/li>\n<li>Geni\u015f tan\u0131ml\u0131 kad\u0131n i\u015fsizli\u011fi y\u00fczde 38,3!<\/li>\n<li>3,7 milyon ki\u015fi haftal\u0131k 40 saatten az \u00e7al\u0131\u015f\u0131yor ve daha fazla \u00e7al\u0131\u015fmak istiyor!<\/li>\n<li>5,2 milyon ki\u015fi, \u00e7al\u0131\u015fmak istemesine ra\u011fmen i\u015f bulam\u0131yor!<\/li>\n<li>Her 10 i\u015fsizden 8\u2019i i\u015fsizlik \u00f6dene\u011finden yararlanam\u0131yor!<\/li>\n<\/ul>\n<p><a href=\"http:\/\/arastirma.disk.org.tr\/wp-content\/uploads\/2026\/01\/Issizligin-gorunumu-Ocak-2026-rev.pdf\">Rapora eri\u015fmek i\u00e7in t\u0131klay\u0131n\u0131z.<\/a><\/p>\n<p style=\"font-weight: 400;\">T\u00dc\u0130K\u2019in Aral\u0131k 2025 Hanehalk\u0131 \u0130\u015fg\u00fcc\u00fc Ara\u015ft\u0131rmas\u0131 (H\u0130A) sonu\u00e7lar\u0131 29 Ocak 2026\u2019da yay\u0131mland\u0131. Mevsim etkisinden ar\u0131nd\u0131r\u0131lm\u0131\u015f dar tan\u0131ml\u0131 i\u015fsizlik oran\u0131 y\u00fczde 7,7 mevsim etkisinden ar\u0131nd\u0131r\u0131lm\u0131\u015f geni\u015f tan\u0131ml\u0131 i\u015fsizlik oran\u0131 (\u00e2t\u0131l i\u015fg\u00fcc\u00fc) ise y\u00fczde 28,6 olarak a\u00e7\u0131kland\u0131. T\u00dc\u0130K\u2019e g\u00f6re T\u00fcrkiye genelinde 15 ve daha yukar\u0131 ya\u015ftaki ki\u015filerde dar tan\u0131ml\u0131 i\u015fsiz say\u0131s\u0131 (mevsim etkisinden ar\u0131nd\u0131r\u0131lm\u0131\u015f) 2025 Aral\u0131k ay\u0131nda 2 milyon 736 bin oldu. D\u0130SK-AR taraf\u0131ndan hesaplanan geni\u015f tan\u0131ml\u0131 i\u015fsiz say\u0131s\u0131 ise 11 milyon 593 bin olarak ger\u00e7ekle\u015fti. Geni\u015f tan\u0131ml\u0131 i\u015fsizlik ile dar tan\u0131ml\u0131 i\u015fsizlik aras\u0131nda u\u00e7urum art\u0131yor.<\/p>\n<p style=\"font-weight: 400;\">Aral\u0131k 2023\u2019te 3 milyon 156 bin olan dar tan\u0131ml\u0131 i\u015fsiz say\u0131s\u0131 Aral\u0131k 2024\u2019te 3 milyon 75 bin ve Aral\u0131k 2025\u2019te 2 milyon 736 bin oldu. Dar tan\u0131ml\u0131 (standart) i\u015fsizlik her ne kadar gerilese de geni\u015f tan\u0131ml\u0131 i\u015fsizlik bu d\u00f6nemde de t\u0131rmand\u0131. Aral\u0131k 2023\u2019te 9 milyon 668 bin olan geni\u015f tan\u0131ml\u0131 i\u015fsiz say\u0131s\u0131 Aral\u0131k 2024\u2019te 11 milyon 404 bine ve Aral\u0131k 2025\u2019te 11 milyon 593 bine y\u00fckseldi. B\u00f6ylece dar tan\u0131ml\u0131 ve geni\u015f tan\u0131ml\u0131 i\u015fsizlik aras\u0131ndaki makas h\u0131zla a\u00e7\u0131ld\u0131.<\/p>\n<p style=\"font-weight: 400;\">Aral\u0131k 2023\u2019te y\u00fczde 8,9 olan dar tan\u0131ml\u0131 i\u015fsizlik oran\u0131 Aral\u0131k 2024\u2019te y\u00fczde 8,6 ve Aral\u0131k 2025\u2019te y\u00fczde 7,7 olarak a\u00e7\u0131klansa da geni\u015f tan\u0131ml\u0131 i\u015fsizlikte art\u0131\u015f h\u0131zlan\u0131yor. Aral\u0131k 2023\u2019te y\u00fczde 24,5 olan geni\u015f tan\u0131ml\u0131 i\u015fsizlik oran\u0131 Aral\u0131k 2025\u2019te y\u00fczde 28,6\u2019ya y\u00fckseldi. Geni\u015f tan\u0131ml\u0131 i\u015fsiz say\u0131s\u0131nda iki y\u0131ll\u0131k art\u0131\u015f 1,9 milyon ve bir y\u0131ll\u0131k art\u0131\u015f ise 188 bin oldu.<\/p>\n<p style=\"font-weight: 400;\">Geni\u015f tan\u0131ml\u0131 i\u015fsiz say\u0131s\u0131ndaki art\u0131\u015f\u0131n sebebi zamana ba\u011fl\u0131 eksik istihdam ve \u00fcmitsiz i\u015fsizler ile i\u015f aramay\u0131p \u00e7al\u0131\u015fmaya haz\u0131r olanlar\u0131, i\u015f arayan ancak hemen \u00e7al\u0131\u015fmaya ba\u015flayamayacak olanlar\u0131 kapsayan potansiyel i\u015fg\u00fcc\u00fc say\u0131s\u0131ndaki art\u0131\u015ft\u0131r. Haftal\u0131k 40 saatten daha az \u00e7al\u0131\u015fan ve imk\u00e2n\u0131 olmas\u0131 durumunda daha \u00e7ok \u00e7al\u0131\u015fmay\u0131 isteyenlerin zamana ba\u011fl\u0131 eksik istihdam edilenlerin say\u0131s\u0131 son bir y\u0131lda 3 milyon 519 binden 3 milyon 675 bine y\u00fckselerek 156 bin ki\u015fi artt\u0131. Potansiyel i\u015fg\u00fcc\u00fc say\u0131s\u0131 son 1 y\u0131lda 371 bin ki\u015fi artarak 4 milyon 810 binden 5 milyon 181 bine y\u00fckseldi. G\u00f6r\u00fcld\u00fc\u011f\u00fc gibi dar tan\u0131ml\u0131 i\u015fsizlik d\u0131\u015f\u0131ndaki b\u00fct\u00fcn i\u015fsizlik t\u00fcrleri y\u00fckseliyor. Bu sebeple dar tan\u0131ml\u0131 i\u015fsizlik s\u0131n\u0131rl\u0131 bir \u00e7er\u00e7eveye sahip ve i\u015fg\u00fcc\u00fc piyasalar\u0131n\u0131 anlamak i\u00e7in yetersizdir.<\/p>\n<p style=\"font-weight: 400;\">Raporda di\u011fer bulgular \u00f6zetle \u015f\u00f6yle:<\/p>\n<ul style=\"font-weight: 400;\">\n<li>Kad\u0131nlarda i\u015fsizlik t\u00fcm t\u00fcrlerde erkeklerden daha y\u00fcksek seyretmeye devam ediyor.<\/li>\n<li>Gen\u00e7lerde dar tan\u0131ml\u0131 i\u015fsizlik oran\u0131 14,1 iken gen\u00e7 kad\u0131nlarda y\u00fczde 18,2\u2019dir.<\/li>\n<li>Aral\u0131k 2025\u2019te 2,2 milyon i\u015fsiz, i\u015fsizlik \u00f6dene\u011finden yoksun kald\u0131.<\/li>\n<\/ul>\n","protected":false},"excerpt":{"rendered":"<p>D\u0130SK-AR \u0130\u015fsizlik ve \u0130stihdam\u0131n G\u00f6r\u00fcn\u00fcm\u00fc Raporu (Ocak 2026) Yay\u0131mland\u0131! Geni\u015f tan\u0131ml\u0131 i\u015fsizlik oran\u0131 y\u00fczde 28,6! Dar ve geni\u015f tan\u0131ml\u0131 i\u015fsizlik oran\u0131 aras\u0131ndaki puan fark\u0131 20,9!&#8230;<\/p>\n","protected":false},"author":3,"featured_media":1854,"comment_status":"closed","ping_status":"closed","sticky":false,"template":"","format":"standard","meta":{"footnotes":""},"categories":[11],"tags":[364,586],"class_list":["post-13558","post","type-post","status-publish","format-standard","has-post-thumbnail","hentry","category-issizlik","tag-issizlik-raporlari","tag-issizlik-ve-istihdamin-gorunumu-ocak-2026","wpcat-11-id"],"_links":{"self":[{"href":"https:\/\/arastirma.disk.org.tr\/index.php?rest_route=\/wp\/v2\/posts\/13558","targetHints":{"allow":["GET"]}}],"collection":[{"href":"https:\/\/arastirma.disk.org.tr\/index.php?rest_route=\/wp\/v2\/posts"}],"about":[{"href":"https:\/\/arastirma.disk.org.tr\/index.php?rest_route=\/wp\/v2\/types\/post"}],"author":[{"embeddable":true,"href":"https:\/\/arastirma.disk.org.tr\/index.php?rest_route=\/wp\/v2\/users\/3"}],"replies":[{"embeddable":true,"href":"https:\/\/arastirma.disk.org.tr\/index.php?rest_route=%2Fwp%2Fv2%2Fcomments&post=13558"}],"version-history":[{"count":6,"href":"https:\/\/arastirma.disk.org.tr\/index.php?rest_route=\/wp\/v2\/posts\/13558\/revisions"}],"predecessor-version":[{"id":13569,"href":"https:\/\/arastirma.disk.org.tr\/index.php?rest_route=\/wp\/v2\/posts\/13558\/revisions\/13569"}],"wp:featuredmedia":[{"embeddable":true,"href":"https:\/\/arastirma.disk.org.tr\/index.php?rest_route=\/wp\/v2\/media\/1854"}],"wp:attachment":[{"href":"https:\/\/arastirma.disk.org.tr\/index.php?rest_route=%2Fwp%2Fv2%2Fmedia&parent=13558"}],"wp:term":[{"taxonomy":"category","embeddable":true,"href":"https:\/\/arastirma.disk.org.tr\/index.php?rest_route=%2Fwp%2Fv2%2Fcategories&post=13558"},{"taxonomy":"post_tag","embeddable":true,"href":"https:\/\/arastirma.disk.org.tr\/index.php?rest_route=%2Fwp%2Fv2%2Ftags&post=13558"}],"curies":[{"name":"wp","href":"https:\/\/api.w.org\/{rel}","templated":true}]}}