{"id":13657,"date":"2026-04-29T14:25:33","date_gmt":"2026-04-29T11:25:33","guid":{"rendered":"https:\/\/arastirma.disk.org.tr\/?p=13657"},"modified":"2026-04-29T14:25:33","modified_gmt":"2026-04-29T11:25:33","slug":"genis-tanimli-issizlik-yeniden-rekor-duzeyde","status":"publish","type":"post","link":"https:\/\/arastirma.disk.org.tr\/?p=13657","title":{"rendered":"Geni\u015f tan\u0131ml\u0131 i\u015fsizlik yeniden rekor d\u00fczeyde!"},"content":{"rendered":"<h3 style=\"text-align: center;\">D\u0130SK-AR \u0130\u015fsizli\u011fin G\u00f6r\u00fcn\u00fcm\u00fc Raporu (Nisan 2026) Yay\u0131mland\u0131!<\/h3>\n<ul>\n<li>Geni\u015f tan\u0131ml\u0131 i\u015fsizlik oran\u0131 y\u00fczde 31,5!<\/li>\n<li>Geni\u015f tan\u0131ml\u0131 i\u015fsiz say\u0131s\u0131 12 milyon 850 bin!<\/li>\n<li>Dar ve geni\u015f tan\u0131ml\u0131 i\u015fsizlik oran\u0131 aras\u0131ndaki puan fark\u0131 23,4!<\/li>\n<li>Geni\u015f tan\u0131ml\u0131 kad\u0131n i\u015fsizli\u011fi y\u00fczde 40,3!<\/li>\n<li>4,5 milyon ki\u015fi haftal\u0131k 40 saatten az \u00e7al\u0131\u015f\u0131yor ve daha fazla \u00e7al\u0131\u015fmak istiyor!<\/li>\n<li>5,4 milyon ki\u015fi, \u00e7al\u0131\u015fmak istemesine ra\u011fmen i\u015f bulam\u0131yor!<\/li>\n<li>Her 10 i\u015fsizden 8\u2019i i\u015fsizlik \u00f6dene\u011finden yararlanam\u0131yor!<\/li>\n<\/ul>\n<p><a href=\"http:\/\/arastirma.disk.org.tr\/wp-content\/uploads\/2026\/04\/Issizligin-gorunumu-Nisan-2026.pdf\">Rapora eri\u015fmek i\u00e7in t\u0131klay\u0131n\u0131z.<\/a><\/p>\n<p style=\"font-weight: 400;\">T\u00dc\u0130K\u2019in Mart 2026 Hanehalk\u0131 \u0130\u015fg\u00fcc\u00fc Ara\u015ft\u0131rmas\u0131 (H\u0130A) sonu\u00e7lar\u0131 29 Nisan 2026\u2019da yay\u0131mland\u0131. <strong>Mevsim etkisinden ar\u0131nd\u0131r\u0131lm\u0131\u015f dar tan\u0131ml\u0131 i\u015fsizlik oran\u0131 y\u00fczde 8,1 mevsim etkisinden ar\u0131nd\u0131r\u0131lm\u0131\u015f geni\u015f tan\u0131ml\u0131 i\u015fsizlik oran\u0131 (\u00e2t\u0131l i\u015fg\u00fcc\u00fc) ise y\u00fczde 31,5 olarak a\u00e7\u0131kland\u0131<\/strong>. <strong>B\u00f6ylece geni\u015f tan\u0131ml\u0131 i\u015fsizlik Haziran 2025 ile ayn\u0131 d\u00fczeye, rekora y\u00fckseldi. <\/strong>T\u00dc\u0130K\u2019e g\u00f6re T\u00fcrkiye genelinde 15 ve daha yukar\u0131 ya\u015ftaki ki\u015filerde <strong>dar tan\u0131ml\u0131<\/strong> <strong>i\u015fsiz say\u0131s\u0131 (mevsim etkisinden ar\u0131nd\u0131r\u0131lm\u0131\u015f) 2026 Mart <\/strong>ay\u0131nda <strong>2 milyon 873 bin <\/strong>oldu. D\u0130SK-AR taraf\u0131ndan hesaplanan <strong>geni\u015f tan\u0131ml\u0131 i\u015fsiz say\u0131s\u0131<\/strong> ise <strong>12 milyon 850 bin <\/strong>olarak ger\u00e7ekle\u015fti. Geni\u015f tan\u0131ml\u0131 i\u015fsizlik ile dar tan\u0131ml\u0131 i\u015fsizlik aras\u0131nda u\u00e7urum art\u0131yor.<\/p>\n<p style=\"font-weight: 400;\">Mart 2024\u2019te 3 milyon 149 bin olan dar tan\u0131ml\u0131 i\u015fsiz say\u0131s\u0131 Mart 2025\u2019te 2 milyon 848 bin ve Mart 2026\u2019da 2 milyon 873 bin oldu. Dar tan\u0131ml\u0131 (standart) i\u015fsizlik her ne kadar gerileme e\u011filiminde olsa da geni\u015f tan\u0131ml\u0131 i\u015fsizlik bu d\u00f6nemde de t\u0131rmand\u0131. Mart 2024\u2019te 9 milyon 573 bin olan geni\u015f tan\u0131ml\u0131 i\u015fsiz say\u0131s\u0131 Mart 2025\u2019te 11 milyon 665 bine ve Mart 2026\u2019da 12 milyon 850 bine y\u00fckseldi. B\u00f6ylece dar tan\u0131ml\u0131 ve geni\u015f tan\u0131ml\u0131 i\u015fsizlik aras\u0131ndaki makas h\u0131zla a\u00e7\u0131ld\u0131.<\/p>\n<p style=\"font-weight: 400;\"><strong>Mart 2024\u2019te y\u00fczde 8,8 olan dar tan\u0131ml\u0131 i\u015fsizlik oran\u0131 Mart 2025\u2019te y\u00fczde 8 ve Mart 2026\u2019da y\u00fczde 8,1 olarak a\u00e7\u0131kland\u0131. <\/strong>Mart 2024\u2019te y\u00fczde 24,2 olan geni\u015f tan\u0131ml\u0131 i\u015fsizlik oran\u0131 ise Mart 2026\u2019da y\u00fczde 31,5\u2019e y\u00fckseldi. <strong>Geni\u015f tan\u0131ml\u0131 i\u015fsiz say\u0131s\u0131nda iki y\u0131ll\u0131k art\u0131\u015f 3,3 milyon ve bir y\u0131ll\u0131k art\u0131\u015f ise 1 milyon 185 bin oldu.<\/strong><\/p>\n<figure id=\"attachment_13659\" aria-describedby=\"caption-attachment-13659\" style=\"width: 219px\" class=\"wp-caption aligncenter\"><a href=\"http:\/\/arastirma.disk.org.tr\/wp-content\/uploads\/2026\/04\/Issizligin-gorunumu-Nisan-2026.pdf\"><img fetchpriority=\"high\" decoding=\"async\" class=\"wp-image-13659 size-medium\" src=\"http:\/\/arastirma.disk.org.tr\/wp-content\/uploads\/2026\/04\/Ekran-Resmi-2026-04-29-14.24.36-219x300.png\" alt=\"\" width=\"219\" height=\"300\" srcset=\"https:\/\/arastirma.disk.org.tr\/wp-content\/uploads\/2026\/04\/Ekran-Resmi-2026-04-29-14.24.36-219x300.png 219w, https:\/\/arastirma.disk.org.tr\/wp-content\/uploads\/2026\/04\/Ekran-Resmi-2026-04-29-14.24.36-748x1024.png 748w, https:\/\/arastirma.disk.org.tr\/wp-content\/uploads\/2026\/04\/Ekran-Resmi-2026-04-29-14.24.36-768x1052.png 768w, https:\/\/arastirma.disk.org.tr\/wp-content\/uploads\/2026\/04\/Ekran-Resmi-2026-04-29-14.24.36.png 850w\" sizes=\"(max-width: 219px) 100vw, 219px\" \/><\/a><figcaption id=\"caption-attachment-13659\" class=\"wp-caption-text\">Rapora eri\u015fmek i\u00e7in t\u0131klay\u0131n\u0131z<\/figcaption><\/figure>\n","protected":false},"excerpt":{"rendered":"<p>D\u0130SK-AR \u0130\u015fsizli\u011fin G\u00f6r\u00fcn\u00fcm\u00fc Raporu (Nisan 2026) Yay\u0131mland\u0131! Geni\u015f tan\u0131ml\u0131 i\u015fsizlik oran\u0131 y\u00fczde 31,5! Geni\u015f tan\u0131ml\u0131 i\u015fsiz say\u0131s\u0131 12 milyon 850 bin! Dar ve geni\u015f tan\u0131ml\u0131&#8230;<\/p>\n","protected":false},"author":3,"featured_media":2033,"comment_status":"closed","ping_status":"closed","sticky":false,"template":"","format":"standard","meta":{"footnotes":""},"categories":[6],"tags":[597],"class_list":["post-13657","post","type-post","status-publish","format-standard","has-post-thumbnail","hentry","category-guncel","tag-issizlik-ve-istihdamin-gorunumu-nisan-2026","wpcat-6-id"],"_links":{"self":[{"href":"https:\/\/arastirma.disk.org.tr\/index.php?rest_route=\/wp\/v2\/posts\/13657","targetHints":{"allow":["GET"]}}],"collection":[{"href":"https:\/\/arastirma.disk.org.tr\/index.php?rest_route=\/wp\/v2\/posts"}],"about":[{"href":"https:\/\/arastirma.disk.org.tr\/index.php?rest_route=\/wp\/v2\/types\/post"}],"author":[{"embeddable":true,"href":"https:\/\/arastirma.disk.org.tr\/index.php?rest_route=\/wp\/v2\/users\/3"}],"replies":[{"embeddable":true,"href":"https:\/\/arastirma.disk.org.tr\/index.php?rest_route=%2Fwp%2Fv2%2Fcomments&post=13657"}],"version-history":[{"count":1,"href":"https:\/\/arastirma.disk.org.tr\/index.php?rest_route=\/wp\/v2\/posts\/13657\/revisions"}],"predecessor-version":[{"id":13660,"href":"https:\/\/arastirma.disk.org.tr\/index.php?rest_route=\/wp\/v2\/posts\/13657\/revisions\/13660"}],"wp:featuredmedia":[{"embeddable":true,"href":"https:\/\/arastirma.disk.org.tr\/index.php?rest_route=\/wp\/v2\/media\/2033"}],"wp:attachment":[{"href":"https:\/\/arastirma.disk.org.tr\/index.php?rest_route=%2Fwp%2Fv2%2Fmedia&parent=13657"}],"wp:term":[{"taxonomy":"category","embeddable":true,"href":"https:\/\/arastirma.disk.org.tr\/index.php?rest_route=%2Fwp%2Fv2%2Fcategories&post=13657"},{"taxonomy":"post_tag","embeddable":true,"href":"https:\/\/arastirma.disk.org.tr\/index.php?rest_route=%2Fwp%2Fv2%2Ftags&post=13657"}],"curies":[{"name":"wp","href":"https:\/\/api.w.org\/{rel}","templated":true}]}}