{"id":2291,"date":"2019-05-11T12:00:20","date_gmt":"2019-05-11T09:00:20","guid":{"rendered":"http:\/\/arastirma.disk.org.tr\/?p=2291"},"modified":"2024-04-19T11:42:24","modified_gmt":"2024-04-19T08:42:24","slug":"ilo-100-yil-uluslararasi-konferansi","status":"publish","type":"post","link":"https:\/\/arastirma.disk.org.tr\/?p=2291","title":{"rendered":"ILO 100. Y\u0131l Uluslararas\u0131 Konferans\u0131"},"content":{"rendered":"<p><a href=\"http:\/\/arastirma.disk.org.tr\/wp-content\/uploads\/2019\/05\/ilo-100.jpg\"><img decoding=\"async\" class=\"size-medium wp-image-2293 alignnone\" src=\"http:\/\/arastirma.disk.org.tr\/wp-content\/uploads\/2019\/05\/ilo-100-300x150.jpg\" alt=\"\" width=\"300\" height=\"150\" srcset=\"https:\/\/arastirma.disk.org.tr\/wp-content\/uploads\/2019\/05\/ilo-100-300x150.jpg 300w, https:\/\/arastirma.disk.org.tr\/wp-content\/uploads\/2019\/05\/ilo-100-768x384.jpg 768w, https:\/\/arastirma.disk.org.tr\/wp-content\/uploads\/2019\/05\/ilo-100-680x340.jpg 680w, https:\/\/arastirma.disk.org.tr\/wp-content\/uploads\/2019\/05\/ilo-100.jpg 920w\" sizes=\"(max-width: 300px) 100vw, 300px\" \/><\/a><\/p>\n<p><strong>ILO\u2019nun kurulu\u015funun 100. y\u0131l\u0131 dolay\u0131s\u0131yla D\u0130SK\u2019in d\u00fczenledi\u011fi \u00c7al\u0131\u015fma Haklar\u0131 ve \u00c7al\u0131\u015fman\u0131n Gelece\u011fi ba\u015fl\u0131kl\u0131 konferans 11 May\u0131s 2019 Cumartesi g\u00fcn\u00fc ger\u00e7ekle\u015ftirildi.<\/strong><\/p>\n<p><a href=\"http:\/\/disk.org.tr\/2019\/05\/ilo-100-yasinda-calisma-haklari-ve-calismanin-gelecegi-konferansi-duzenlendi\/\">Konferans haberi i\u00e7in t\u0131klay\u0131n\u0131z<\/a><\/p>\n<p><a href=\"http:\/\/disk.org.tr\/2019\/05\/calisma-haklari-ve-calismanin-gelecegi-konferansi\/\">Program i\u00e7in t\u0131klay\u0131n\u0131z<\/a><\/p>\n","protected":false},"excerpt":{"rendered":"<p>ILO\u2019nun kurulu\u015funun 100. y\u0131l\u0131 dolay\u0131s\u0131yla D\u0130SK\u2019in d\u00fczenledi\u011fi \u00c7al\u0131\u015fma Haklar\u0131 ve \u00c7al\u0131\u015fman\u0131n Gelece\u011fi ba\u015fl\u0131kl\u0131 konferans 11 May\u0131s 2019 Cumartesi g\u00fcn\u00fc ger\u00e7ekle\u015ftirildi. Konferans haberi i\u00e7in t\u0131klay\u0131n\u0131z Program&#8230;<\/p>\n","protected":false},"author":3,"featured_media":2293,"comment_status":"closed","ping_status":"closed","sticky":false,"template":"template-c-s2-post.php","format":"standard","meta":{"footnotes":""},"categories":[57,6],"tags":[61,62],"class_list":["post-2291","post","type-post","status-publish","format-standard","has-post-thumbnail","hentry","category-etkinlikler","category-guncel","tag-ilo","tag-ilo-100","wpcat-57-id","wpcat-6-id"],"_links":{"self":[{"href":"https:\/\/arastirma.disk.org.tr\/index.php?rest_route=\/wp\/v2\/posts\/2291","targetHints":{"allow":["GET"]}}],"collection":[{"href":"https:\/\/arastirma.disk.org.tr\/index.php?rest_route=\/wp\/v2\/posts"}],"about":[{"href":"https:\/\/arastirma.disk.org.tr\/index.php?rest_route=\/wp\/v2\/types\/post"}],"author":[{"embeddable":true,"href":"https:\/\/arastirma.disk.org.tr\/index.php?rest_route=\/wp\/v2\/users\/3"}],"replies":[{"embeddable":true,"href":"https:\/\/arastirma.disk.org.tr\/index.php?rest_route=%2Fwp%2Fv2%2Fcomments&post=2291"}],"version-history":[{"count":2,"href":"https:\/\/arastirma.disk.org.tr\/index.php?rest_route=\/wp\/v2\/posts\/2291\/revisions"}],"predecessor-version":[{"id":2294,"href":"https:\/\/arastirma.disk.org.tr\/index.php?rest_route=\/wp\/v2\/posts\/2291\/revisions\/2294"}],"wp:featuredmedia":[{"embeddable":true,"href":"https:\/\/arastirma.disk.org.tr\/index.php?rest_route=\/wp\/v2\/media\/2293"}],"wp:attachment":[{"href":"https:\/\/arastirma.disk.org.tr\/index.php?rest_route=%2Fwp%2Fv2%2Fmedia&parent=2291"}],"wp:term":[{"taxonomy":"category","embeddable":true,"href":"https:\/\/arastirma.disk.org.tr\/index.php?rest_route=%2Fwp%2Fv2%2Fcategories&post=2291"},{"taxonomy":"post_tag","embeddable":true,"href":"https:\/\/arastirma.disk.org.tr\/index.php?rest_route=%2Fwp%2Fv2%2Ftags&post=2291"}],"curies":[{"name":"wp","href":"https:\/\/api.w.org\/{rel}","templated":true}]}}