{"id":3261,"date":"2013-10-01T15:22:08","date_gmt":"2013-10-01T12:22:08","guid":{"rendered":"http:\/\/arastirma.disk.org.tr\/?p=3261"},"modified":"2024-04-19T11:43:21","modified_gmt":"2024-04-19T08:43:21","slug":"disk-ar-dergisi-1-sayisi-yayimlandi","status":"publish","type":"post","link":"https:\/\/arastirma.disk.org.tr\/?p=3261","title":{"rendered":"D\u0130SK-AR Dergisi 1. Say\u0131s\u0131 Yay\u0131mland\u0131!"},"content":{"rendered":"<p style=\"text-align: center;\"><strong>D\u0130SK-AR Dergisi 1. Say\u0131s\u0131 Yay\u0131mland\u0131!<\/strong><\/p>\n<p>T\u00fcrkiye Devrimci \u0130\u015f\u00e7i Sendikalar\u0131 Konfederasyonu (D\u0130SK) b\u00fcnyesinde faaliyetlerini s\u00fcrd\u00fcren D\u0130SK Ara\u015ft\u0131rma Enstit\u00fcs\u00fc\u2019n\u00fcn (D\u0130SK-AR) yay\u0131n organ\u0131 olan D\u0130SK-AR dergisi uzun bir s\u00fcre sonra yeniden yay\u0131n hayat\u0131na ba\u015flad\u0131.<\/p>\n<figure id=\"attachment_3263\" aria-describedby=\"caption-attachment-3263\" style=\"width: 226px\" class=\"wp-caption aligncenter\"><a href=\"http:\/\/arastirma.disk.org.tr\/wp-content\/uploads\/2020\/08\/DiSK-AR-SAYI-1-web.pdf\"><img fetchpriority=\"high\" decoding=\"async\" class=\"wp-image-3263\" src=\"http:\/\/arastirma.disk.org.tr\/wp-content\/uploads\/2020\/08\/DiSK-AR_01-KAPAK-1-204x300.jpg\" alt=\"\" width=\"226\" height=\"332\" srcset=\"https:\/\/arastirma.disk.org.tr\/wp-content\/uploads\/2020\/08\/DiSK-AR_01-KAPAK-1-204x300.jpg 204w, https:\/\/arastirma.disk.org.tr\/wp-content\/uploads\/2020\/08\/DiSK-AR_01-KAPAK-1-697x1024.jpg 697w, https:\/\/arastirma.disk.org.tr\/wp-content\/uploads\/2020\/08\/DiSK-AR_01-KAPAK-1-768x1128.jpg 768w, https:\/\/arastirma.disk.org.tr\/wp-content\/uploads\/2020\/08\/DiSK-AR_01-KAPAK-1-1046x1536.jpg 1046w, https:\/\/arastirma.disk.org.tr\/wp-content\/uploads\/2020\/08\/DiSK-AR_01-KAPAK-1-1395x2048.jpg 1395w, https:\/\/arastirma.disk.org.tr\/wp-content\/uploads\/2020\/08\/DiSK-AR_01-KAPAK-1-scaled.jpg 1743w\" sizes=\"(max-width: 226px) 100vw, 226px\" \/><\/a><figcaption id=\"caption-attachment-3263\" class=\"wp-caption-text\">D\u0130SK-AR dergisinin 1. say\u0131s\u0131na ula\u015fmak i\u00e7in g\u00f6rsele t\u0131klay\u0131n\u0131z.<\/figcaption><\/figure>\n<p>D\u0130SK-AR, 12 Eyl\u00fcl askeri darbesi \u00f6ncesinde ve D\u0130SK\u2019in yeniden faaliyete ge\u00e7ti\u011fi 90\u2019l\u0131 y\u0131llarda T\u00fcrkiye \u0130\u015f\u00e7i S\u0131n\u0131f\u0131 ve sendikal hareketi a\u00e7\u0131s\u0131ndan \u00f6nemli bir yol g\u00f6sterici, adeta bir t\u00fcr pusula i\u015flevi g\u00f6rm\u00fc\u015ft\u00fc. Tarihi g\u00fcnlerden ge\u00e7ti\u011fimiz \u015fu d\u00f6nemde yeni D\u0130SK-AR dergisi de bir yandan bu gelene\u011fi s\u00fcrd\u00fcren, \u00f6te yandan g\u00fcn\u00fcm\u00fcze \u00f6zg\u00fc geli\u015fmeleri ve dinamikleri de g\u00f6zeten bir program \u00e7er\u00e7evesinde yay\u0131n hayat\u0131na yeniden ba\u015flayarak, bu bayra\u011f\u0131 daha ileriye ta\u015f\u0131may\u0131 hedefliyor. Mavi yakal\u0131s\u0131ndan beyaz yakal\u0131s\u0131na, i\u015f bulabilmi\u015f olan\u0131ndan i\u015fsizine, g\u00fcvencelisinden g\u00fcvencesizine i\u015f\u00e7i s\u0131n\u0131f\u0131 i\u00e7indeki b\u00fct\u00fcn kesimleri kapsayan bir \u00f6rg\u00fctlenme \u00e7abas\u0131na, i\u015f\u00e7i s\u0131n\u0131f\u0131n\u0131n uluslararas\u0131 dayan\u0131\u015fmas\u0131na, sermayeden ba\u011f\u0131ms\u0131z bir politika izlemesine kuramsal ve olgusal bir cephanelik olu\u015fturmak D\u0130SK-AR dergisinin temel g\u00f6revleri aras\u0131nda belirlendi.<\/p>\n<p>Bu do\u011frultuda \u00e7al\u0131\u015fma ya\u015fam\u0131na dair sermayenin ideolojik hegemonya kurmak \u00fczere geli\u015ftirdi\u011fi kavram ve yakla\u015f\u0131mlar\u0131 te\u015fhir eden, sermayenin toplumdaki ideolojik ve d\u00fc\u015f\u00fcnsel hegemonyas\u0131 kar\u015f\u0131s\u0131nda i\u015f\u00e7i hareketinin g\u00fcncel sorunlar\u0131n\u0131 g\u00fcndeme ta\u015f\u0131yan, \u00f6ng\u00f6r\u00fclerde bulunan, \u00e7\u00f6z\u00fcmler \u00f6neren bir dergi \u00e7\u0131kartmak, k\u0131saca i\u015f\u00e7i s\u0131n\u0131f\u0131 ve emek\u00e7ilerin <b>kolektif beyni ve belle\u011fi<\/b> olmak temel ama\u00e7 olarak tan\u0131mlan\u0131yor.<\/p>\n<p>\u00dc\u00e7 ayda bir yay\u0131nlanacak olan D\u0130SK-AR dergisinin ilk say\u0131s\u0131n\u0131n dosya konusu olarak \u201c\u00fccret\u201d belirlenmi\u015f durumda. Haziran Ayaklanmas\u0131\u2019n\u0131n s\u0131n\u0131fsal analizi de Edit\u00f6r\u2019den yaz\u0131s\u0131 ile dergide yer al\u0131yor. Dergiye Arif Halio\u011flu, \u201cD\u00fcnyada Ve T\u00fcrkiye\u2019de Konjonk\u00adt\u00fcrel Durum: Depresyon, S\u0131n\u0131f M\u00fccadelesi Ve Sa\u00adva\u015f\u201d,\u00a0 Gencer \u00c7ak\u0131r, \u201c\u00dccret Nedir? Nas\u0131l Belirlenir?\u201d, F. Serkan \u00d6ngel \u2013 Kurtar Tany\u0131l\u00admaz, \u201cT\u00fcrkiye Ekonomisinde K\u00fcresel Kriz Kar\u015f\u0131s\u0131nda Sermayenin Tepki\u00adsi: \u0130\u015f\u00e7ilerin Artan S\u00f6m\u00fcr\u00fcs\u00fc!\u201d, Yasemin \u00c7elik, \u201cB\u00f6lgesel Asgari \u00dccret Hangi \u201cYe\u00adrelin\u201d Talebidir Sorusuna Ele\u015fti\u00adrel Bir Yakla\u015f\u0131m\u201d, M. Meryem Kurtulmu\u015f, \u201cKapitalizm, Ataerki Ve Kad\u0131n-Erkek \u00dccret E\u015fitsizli\u011fi\u201d, \u0130rfan Kayg\u0131s\u0131z \u201c2013 Ocak-Nisan D\u00f6nemi \u0130\u015f\u00e7i S\u0131n\u0131f\u0131 Eylemleri \u00dczerine De\u011ferlendirme\u201d yaz\u0131lar\u0131 ile katk\u0131 verirken, D\u0130SK-AR\u2019\u0131n \u201cAKP \u0130\u015f\u00e7inin \u00d6rg\u00fctlenme \u0130radesine Kelep\u00e7e Vurdu!\u201d, \u201cAsgari \u00dccretle Ge\u00e7im M\u00fccadelesi\u201d\u00a0 \u00a0raporlar\u0131 da dergide yer al\u0131yor. Vincent De Gaule\u00adjac\u2019un kaleme ald\u0131\u011f\u0131 \u201c\u0130\u015fletme Hastal\u0131\u011f\u0131na Tutul\u00admu\u015f Toplum\u201d kitab\u0131n\u0131n tan\u0131t\u0131m\u0131na Mutlucan \u015eahan imzas\u0131 ile ula\u015fmak m\u00fcmk\u00fcn. Ayr\u0131ca dergide \u201cAlpaslan I\u015f\u0131kl\u0131 An\u0131s\u0131na\u201d ba\u015fl\u0131kl\u0131 bir yaz\u0131 da bulunuyor.<\/p>\n<p>D\u0130SK-AR dergisinin yay\u0131n kurulu \u015fu isimlerden olu\u015fuyor: Arif Halilo\u011flu, Bar\u0131\u015f Alp \u00d6zden, Denizcan Kutlu, Gencer \u00c7ak\u0131r, M. Hakan Ko\u00e7ak, Hande G\u00fclen, \u0130dris Akkuzu, \u0130rfan Kayg\u0131s\u0131z, Kurtar Tany\u0131lmaz,\u00a0 M. Meryem Kurtulmu\u015f, Mutlucan \u015eahan, \u00d6zg\u00fcn Akduran, Yasemin \u00c7elik, I\u015f\u0131l Erdin\u00e7, F.Serkan \u00d6ngel.<\/p>\n","protected":false},"excerpt":{"rendered":"<p>D\u0130SK-AR Dergisi 1. Say\u0131s\u0131 Yay\u0131mland\u0131! T\u00fcrkiye Devrimci \u0130\u015f\u00e7i Sendikalar\u0131 Konfederasyonu (D\u0130SK) b\u00fcnyesinde faaliyetlerini s\u00fcrd\u00fcren D\u0130SK Ara\u015ft\u0131rma Enstit\u00fcs\u00fc\u2019n\u00fcn (D\u0130SK-AR) yay\u0131n organ\u0131 olan D\u0130SK-AR dergisi uzun bir&#8230;<\/p>\n","protected":false},"author":3,"featured_media":3263,"comment_status":"closed","ping_status":"closed","sticky":false,"template":"template-c-s2-post.php","format":"standard","meta":{"footnotes":""},"categories":[4],"tags":[117,116,118],"class_list":["post-3261","post","type-post","status-publish","format-standard","has-post-thumbnail","hentry","category-yayinlar","tag-1-sayi","tag-disk-ar-dergisi","tag-ucret","wpcat-4-id"],"_links":{"self":[{"href":"https:\/\/arastirma.disk.org.tr\/index.php?rest_route=\/wp\/v2\/posts\/3261","targetHints":{"allow":["GET"]}}],"collection":[{"href":"https:\/\/arastirma.disk.org.tr\/index.php?rest_route=\/wp\/v2\/posts"}],"about":[{"href":"https:\/\/arastirma.disk.org.tr\/index.php?rest_route=\/wp\/v2\/types\/post"}],"author":[{"embeddable":true,"href":"https:\/\/arastirma.disk.org.tr\/index.php?rest_route=\/wp\/v2\/users\/3"}],"replies":[{"embeddable":true,"href":"https:\/\/arastirma.disk.org.tr\/index.php?rest_route=%2Fwp%2Fv2%2Fcomments&post=3261"}],"version-history":[{"count":2,"href":"https:\/\/arastirma.disk.org.tr\/index.php?rest_route=\/wp\/v2\/posts\/3261\/revisions"}],"predecessor-version":[{"id":3264,"href":"https:\/\/arastirma.disk.org.tr\/index.php?rest_route=\/wp\/v2\/posts\/3261\/revisions\/3264"}],"wp:featuredmedia":[{"embeddable":true,"href":"https:\/\/arastirma.disk.org.tr\/index.php?rest_route=\/wp\/v2\/media\/3263"}],"wp:attachment":[{"href":"https:\/\/arastirma.disk.org.tr\/index.php?rest_route=%2Fwp%2Fv2%2Fmedia&parent=3261"}],"wp:term":[{"taxonomy":"category","embeddable":true,"href":"https:\/\/arastirma.disk.org.tr\/index.php?rest_route=%2Fwp%2Fv2%2Fcategories&post=3261"},{"taxonomy":"post_tag","embeddable":true,"href":"https:\/\/arastirma.disk.org.tr\/index.php?rest_route=%2Fwp%2Fv2%2Ftags&post=3261"}],"curies":[{"name":"wp","href":"https:\/\/api.w.org\/{rel}","templated":true}]}}