{"id":3527,"date":"2016-10-17T10:48:36","date_gmt":"2016-10-17T07:48:36","guid":{"rendered":"http:\/\/arastirma.disk.org.tr\/?p=3527"},"modified":"2024-04-19T11:42:53","modified_gmt":"2024-04-19T08:42:53","slug":"issizlikte-tirmanis-suruyor","status":"publish","type":"post","link":"https:\/\/arastirma.disk.org.tr\/?p=3527","title":{"rendered":"\u0130\u015fsizlikte T\u0131rman\u0131\u015f S\u00fcr\u00fcyor!"},"content":{"rendered":"<p style=\"text-align: center;\">\u0130ki Y\u0131lda 457 Bin Yeni \u0130\u015fsiz!<\/p>\n<p style=\"text-align: center;\">Geni\u015f Tan\u0131ml\u0131 \u0130\u015fsiz Say\u0131s\u0131 6,3 Milyonu A\u015ft\u0131!<\/p>\n<blockquote><p>T\u00fcrkiye Devrimci \u0130\u015f\u00e7i Sendikalar\u0131 Konfederasyonu Ara\u015ft\u0131rma Enstit\u00fcs\u00fc (D\u0130SK-AR) T\u00fcrkiye \u0130statistik Kurumu T\u00dc\u0130K\u2019in 17 Ekim 2016 g\u00fcn\u00fc a\u00e7\u0131klad\u0131\u011f\u0131 Temmuz 2016 d\u00f6nemi Hanehalk\u0131 \u0130\u015fg\u00fcc\u00fc Ara\u015ft\u0131rmas\u0131 sonu\u00e7lar\u0131n\u0131 de\u011ferlendirdi:<\/p><\/blockquote>\n<hr \/>\n<figure id=\"attachment_3589\" aria-describedby=\"caption-attachment-3589\" style=\"width: 300px\" class=\"wp-caption aligncenter\"><a href=\"http:\/\/arastirma.disk.org.tr\/wp-content\/uploads\/2020\/08\/DISKAR_Istihdam_Issizlik_Raporu_Ekim_2016.pdf\"><img fetchpriority=\"high\" decoding=\"async\" class=\"wp-image-3589 size-medium\" src=\"http:\/\/arastirma.disk.org.tr\/wp-content\/uploads\/2016\/10\/kalip-6-300x225.jpg\" alt=\"\" width=\"300\" height=\"225\" srcset=\"https:\/\/arastirma.disk.org.tr\/wp-content\/uploads\/2016\/10\/kalip-6-300x225.jpg 300w, https:\/\/arastirma.disk.org.tr\/wp-content\/uploads\/2016\/10\/kalip-6-1024x768.jpg 1024w, https:\/\/arastirma.disk.org.tr\/wp-content\/uploads\/2016\/10\/kalip-6-768x576.jpg 768w, https:\/\/arastirma.disk.org.tr\/wp-content\/uploads\/2016\/10\/kalip-6-480x360.jpg 480w, https:\/\/arastirma.disk.org.tr\/wp-content\/uploads\/2016\/10\/kalip-6.jpg 1200w\" sizes=\"(max-width: 300px) 100vw, 300px\" \/><\/a><figcaption id=\"caption-attachment-3589\" class=\"wp-caption-text\">\u0130\u015fsizlik ve \u0130stihdam\u0131n G\u00f6r\u00fcn\u00fcm\u00fc raporuna ula\u015fmak i\u00e7in g\u00f6rsele t\u0131klay\u0131n\u0131z<\/figcaption><\/figure>\n<hr \/>\n<ul>\n<li>\u0130\u015fsizlikte t\u0131rman\u0131\u015f s\u00fcr\u00fcyor. T\u00dc\u0130K taraf\u0131ndan a\u00e7\u0131klanan dar tan\u0131ml\u0131 (standart) i\u015fsizlik oran\u0131 bir \u00f6nceki y\u0131l\u0131n Temmuz ay\u0131na g\u00f6re 0,9 puan artarak y\u00fczde 10,7\u2019ye y\u00fckseldi.<\/li>\n<li>Dar tan\u0131ml\u0131 toplam i\u015fsiz say\u0131s\u0131 bir \u00f6nceki y\u0131l\u0131n Temmuz ay\u0131na g\u00f6re 354 bin ki\u015fi artarak 3 milyon 324 bine y\u00fckseldi. \u0130\u015fsiz say\u0131s\u0131 2014 y\u0131l\u0131n\u0131n Temmuz ay\u0131na g\u00f6re ise 457 bin artt\u0131.<\/li>\n<li>Temmuz 2015\u2019te 5 milyon 949 bin olan geni\u015f tan\u0131ml\u0131 i\u015fsiz say\u0131s\u0131 Temmuz 2016\u2019da 6 milyon 342 oldu.\u00a0 Geni\u015f tan\u0131ml\u0131 i\u015fsizlik oran\u0131 y\u00fczde 18,9\u2019a y\u00fckseldi. Geni\u015f tan\u0131ml\u0131 i\u015fsiz say\u0131s\u0131 20 Avrupa \u00fclkesinin n\u00fcfuslar\u0131ndan daha b\u00fcy\u00fck.<\/li>\n<li>Temmuz 2016 d\u00f6neminde gen\u00e7 (15-24 ya\u015f aras\u0131) i\u015fsizli\u011fi 1,5 puan artarak y\u00fczde 19,8\u2019e y\u00fckseldi. Kad\u0131n i\u015fsizli\u011fi ise y\u00fczde 14\u2019e y\u00fckseldi. Temmuz 2016\u2019da en y\u00fcksek i\u015fsizlik oran\u0131 y\u00fczde 31,6 ile tar\u0131m d\u0131\u015f\u0131 gen\u00e7 kad\u0131n i\u015fsizli\u011finde g\u00f6r\u00fcld\u00fc.<\/li>\n<li>Tar\u0131msal istihdamda 291 bin, imalat sanayiinde 95 bin ki\u015filik bir azalma ya\u015fand\u0131.<\/li>\n<\/ul>\n","protected":false},"excerpt":{"rendered":"<p>\u0130ki Y\u0131lda 457 Bin Yeni \u0130\u015fsiz! Geni\u015f Tan\u0131ml\u0131 \u0130\u015fsiz Say\u0131s\u0131 6,3 Milyonu A\u015ft\u0131! T\u00fcrkiye Devrimci \u0130\u015f\u00e7i Sendikalar\u0131 Konfederasyonu Ara\u015ft\u0131rma Enstit\u00fcs\u00fc (D\u0130SK-AR) T\u00fcrkiye \u0130statistik Kurumu T\u00dc\u0130K\u2019in&#8230;<\/p>\n","protected":false},"author":3,"featured_media":3589,"comment_status":"closed","ping_status":"closed","sticky":false,"template":"template-c-s2-post.php","format":"standard","meta":{"footnotes":""},"categories":[3,11],"tags":[151,10,38,39],"class_list":["post-3527","post","type-post","status-publish","format-standard","has-post-thumbnail","hentry","category-arastirma","category-issizlik","tag-genis-tanimli-issiz","tag-issizlik","tag-istihdam","tag-tuik","wpcat-3-id","wpcat-11-id"],"_links":{"self":[{"href":"https:\/\/arastirma.disk.org.tr\/index.php?rest_route=\/wp\/v2\/posts\/3527","targetHints":{"allow":["GET"]}}],"collection":[{"href":"https:\/\/arastirma.disk.org.tr\/index.php?rest_route=\/wp\/v2\/posts"}],"about":[{"href":"https:\/\/arastirma.disk.org.tr\/index.php?rest_route=\/wp\/v2\/types\/post"}],"author":[{"embeddable":true,"href":"https:\/\/arastirma.disk.org.tr\/index.php?rest_route=\/wp\/v2\/users\/3"}],"replies":[{"embeddable":true,"href":"https:\/\/arastirma.disk.org.tr\/index.php?rest_route=%2Fwp%2Fv2%2Fcomments&post=3527"}],"version-history":[{"count":5,"href":"https:\/\/arastirma.disk.org.tr\/index.php?rest_route=\/wp\/v2\/posts\/3527\/revisions"}],"predecessor-version":[{"id":3592,"href":"https:\/\/arastirma.disk.org.tr\/index.php?rest_route=\/wp\/v2\/posts\/3527\/revisions\/3592"}],"wp:featuredmedia":[{"embeddable":true,"href":"https:\/\/arastirma.disk.org.tr\/index.php?rest_route=\/wp\/v2\/media\/3589"}],"wp:attachment":[{"href":"https:\/\/arastirma.disk.org.tr\/index.php?rest_route=%2Fwp%2Fv2%2Fmedia&parent=3527"}],"wp:term":[{"taxonomy":"category","embeddable":true,"href":"https:\/\/arastirma.disk.org.tr\/index.php?rest_route=%2Fwp%2Fv2%2Fcategories&post=3527"},{"taxonomy":"post_tag","embeddable":true,"href":"https:\/\/arastirma.disk.org.tr\/index.php?rest_route=%2Fwp%2Fv2%2Ftags&post=3527"}],"curies":[{"name":"wp","href":"https:\/\/api.w.org\/{rel}","templated":true}]}}