{"id":4212,"date":"2020-09-23T13:34:42","date_gmt":"2020-09-23T10:34:42","guid":{"rendered":"http:\/\/arastirma.disk.org.tr\/?p=4212"},"modified":"2024-04-19T11:41:36","modified_gmt":"2024-04-19T08:41:36","slug":"tuikin-tuketici-guven-endeksinde-yaptigi-revizyon-ne-anlama-geliyor","status":"publish","type":"post","link":"https:\/\/arastirma.disk.org.tr\/?p=4212","title":{"rendered":"T\u00dc\u0130K\u2019in T\u00fcketici G\u00fcven Endeksi\u2019nde yapt\u0131\u011f\u0131 revizyon ne anlama geliyor?"},"content":{"rendered":"<blockquote><p>T\u00dc\u0130K T\u00fcketici G\u00fcven Endeksi&#8217;nde y\u00f6ntem de\u011fi\u015fikli\u011fi yapt\u0131<em>.<\/em><\/p>\n<p>T\u00fcketici g\u00fcvensizli\u011finin y\u00fcksek oldu\u011fu iki soru endeksten \u00e7\u0131kar\u0131ld\u0131<em>.<\/em><\/p>\n<p>T\u00fcketici g\u00fcveni ortalaman\u0131n \u00fcst\u00fcnde oldu\u011fu iki soru endekse eklendi.<\/p>\n<p>K\u00f6t\u00fcmser sonu\u00e7lar\u0131 olan sorular \u00e7\u0131kar\u0131l\u0131rken iyimser sonu\u00e7lar\u0131 olan sorular endekse eklendi<em>.<\/em><\/p>\n<p>Revizyon sonras\u0131 t\u00fcketici g\u00fcven endeksi 82 olarak a\u00e7\u0131kland\u0131.<\/p>\n<p>Revizyon olmasayd\u0131 t\u00fcketici g\u00fcven endeksi 61,8 olacakt\u0131.<\/p><\/blockquote>\n<figure id=\"attachment_4215\" aria-describedby=\"caption-attachment-4215\" style=\"width: 300px\" class=\"wp-caption aligncenter\"><a href=\"http:\/\/arastirma.disk.org.tr\/wp-content\/uploads\/2020\/09\/T\u00fcketici-g\u00fcven-endeksi-raporu-son.pdf\"><img fetchpriority=\"high\" decoding=\"async\" class=\"wp-image-4215 size-medium\" src=\"http:\/\/arastirma.disk.org.tr\/wp-content\/uploads\/2020\/09\/T\u00dc\u0130K_Logo-300x200.png\" alt=\"\" width=\"300\" height=\"200\" srcset=\"https:\/\/arastirma.disk.org.tr\/wp-content\/uploads\/2020\/09\/T\u00dc\u0130K_Logo-300x200.png 300w, https:\/\/arastirma.disk.org.tr\/wp-content\/uploads\/2020\/09\/T\u00dc\u0130K_Logo-1024x682.png 1024w, https:\/\/arastirma.disk.org.tr\/wp-content\/uploads\/2020\/09\/T\u00dc\u0130K_Logo-768x512.png 768w, https:\/\/arastirma.disk.org.tr\/wp-content\/uploads\/2020\/09\/T\u00dc\u0130K_Logo.png 1366w\" sizes=\"(max-width: 300px) 100vw, 300px\" \/><\/a><figcaption id=\"caption-attachment-4215\" class=\"wp-caption-text\">Raporun tam halini g\u00f6r\u00fcnt\u00fclemek i\u00e7in g\u00f6rseli t\u0131klay\u0131n\u0131z.<\/figcaption><\/figure>\n<p>T\u00fcketicilerin ekonomiye ili\u015fkin kanaatlerini yans\u0131tan t\u00fcketici g\u00fcven endeksi ekonomideki gidi\u015fat hakk\u0131nda \u00f6nemli g\u00f6stergeler biri. T\u00fcketicinin bug\u00fcne ve gelece dair e\u011filimlerini yans\u0131tan anket bir barometre niteli\u011finde.<\/p>\n<p>T\u00dc\u0130K 2004 y\u0131l\u0131ndan bu yana hesaplad\u0131\u011f\u0131 t\u00fcketici g\u00fcven endeksi metodolojisinde 21 Eyl\u00fcl 2020\u2019de de\u011fi\u015fiklik yapt\u0131. Hesaplamada yer alan baz\u0131 alt endekslerin (sorular\u0131n) \u00e7\u0131kar\u0131l\u0131p yenilerinin eklenmesiyle olu\u015fturulan yeni <em>endeks <\/em>22\u00a0Eyl\u00fcl 2020 tarihinde yay\u0131mlad\u0131.<\/p>\n<p>Revize edilmi\u015f endeks, bir \u00f6nceki y\u0131l\u0131n ayn\u0131 ay\u0131na g\u00f6re y\u00fczde 5,5 oran\u0131nda artarak 82 seviyesine y\u00fckselmi\u015f olarak a\u00e7\u0131kland\u0131. De\u011fi\u015fiklik \u00f6ncesi metodolojiye g\u00f6re hesaplanan t\u00fcketici g\u00fcven endeksi ise bir \u00f6nceki y\u0131l\u0131n ayn\u0131 d\u00f6nemine g\u00f6re y\u00fczde 10,8 art\u0131\u015fla 61,8 olarak a\u00e7\u0131kland\u0131. \u0130ki endeks aras\u0131ndaki yakla\u015f\u0131k 20 puanl\u0131k fark T\u00dc\u0130K\u2019in yapt\u0131\u011f\u0131 revizyona y\u00f6nelik tart\u0131\u015fmalara yol a\u00e7t\u0131. Bu raporda D\u0130SK-AR\u2019\u0131n t\u00fcketici g\u00fcven endeksinde yap\u0131lan revizyona ili\u015fkin de\u011ferlendirmesi yer almaktad\u0131r.<\/p>\n<p><a href=\"http:\/\/arastirma.disk.org.tr\/wp-content\/uploads\/2020\/09\/T\u00fcketici-g\u00fcven-endeksi-raporu-son.pdf\">Raporun tam metni i\u00e7in buraya t\u0131klay\u0131n\u0131z.<\/a><\/p>\n<p><a href=\"applewebdata:\/\/4AB7E344-E023-47BD-A972-1C14B3725475#_ftnref1\" name=\"_ftn1\"><\/a><\/p>\n","protected":false},"excerpt":{"rendered":"<p>T\u00dc\u0130K T\u00fcketici G\u00fcven Endeksi&#8217;nde y\u00f6ntem de\u011fi\u015fikli\u011fi yapt\u0131. T\u00fcketici g\u00fcvensizli\u011finin y\u00fcksek oldu\u011fu iki soru endeksten \u00e7\u0131kar\u0131ld\u0131. T\u00fcketici g\u00fcveni ortalaman\u0131n \u00fcst\u00fcnde oldu\u011fu iki soru endekse eklendi. K\u00f6t\u00fcmser&#8230;<\/p>\n","protected":false},"author":3,"featured_media":4215,"comment_status":"closed","ping_status":"closed","sticky":false,"template":"template-c-s2-post.php","format":"standard","meta":{"footnotes":""},"categories":[3,6],"tags":[50,10,39,200],"class_list":["post-4212","post","type-post","status-publish","format-standard","has-post-thumbnail","hentry","category-arastirma","category-guncel","tag-ekonomik-kriz","tag-issizlik","tag-tuik","tag-tuketici-guven-endeksi","wpcat-3-id","wpcat-6-id"],"_links":{"self":[{"href":"https:\/\/arastirma.disk.org.tr\/index.php?rest_route=\/wp\/v2\/posts\/4212","targetHints":{"allow":["GET"]}}],"collection":[{"href":"https:\/\/arastirma.disk.org.tr\/index.php?rest_route=\/wp\/v2\/posts"}],"about":[{"href":"https:\/\/arastirma.disk.org.tr\/index.php?rest_route=\/wp\/v2\/types\/post"}],"author":[{"embeddable":true,"href":"https:\/\/arastirma.disk.org.tr\/index.php?rest_route=\/wp\/v2\/users\/3"}],"replies":[{"embeddable":true,"href":"https:\/\/arastirma.disk.org.tr\/index.php?rest_route=%2Fwp%2Fv2%2Fcomments&post=4212"}],"version-history":[{"count":10,"href":"https:\/\/arastirma.disk.org.tr\/index.php?rest_route=\/wp\/v2\/posts\/4212\/revisions"}],"predecessor-version":[{"id":10515,"href":"https:\/\/arastirma.disk.org.tr\/index.php?rest_route=\/wp\/v2\/posts\/4212\/revisions\/10515"}],"wp:featuredmedia":[{"embeddable":true,"href":"https:\/\/arastirma.disk.org.tr\/index.php?rest_route=\/wp\/v2\/media\/4215"}],"wp:attachment":[{"href":"https:\/\/arastirma.disk.org.tr\/index.php?rest_route=%2Fwp%2Fv2%2Fmedia&parent=4212"}],"wp:term":[{"taxonomy":"category","embeddable":true,"href":"https:\/\/arastirma.disk.org.tr\/index.php?rest_route=%2Fwp%2Fv2%2Fcategories&post=4212"},{"taxonomy":"post_tag","embeddable":true,"href":"https:\/\/arastirma.disk.org.tr\/index.php?rest_route=%2Fwp%2Fv2%2Ftags&post=4212"}],"curies":[{"name":"wp","href":"https:\/\/api.w.org\/{rel}","templated":true}]}}