{"id":4267,"date":"2020-10-07T10:47:19","date_gmt":"2020-10-07T07:47:19","guid":{"rendered":"http:\/\/arastirma.disk.org.tr\/?p=4267"},"modified":"2024-04-19T11:41:36","modified_gmt":"2024-04-19T08:41:36","slug":"isciler-daha-cok-uretiyor-uretim-artisindan-pay-alamiyor","status":"publish","type":"post","link":"https:\/\/arastirma.disk.org.tr\/?p=4267","title":{"rendered":"\u0130\u015f\u00e7iler daha \u00e7ok \u00fcretiyor-\u00fcretim art\u0131\u015f\u0131ndan pay alam\u0131yor"},"content":{"rendered":"<blockquote>\n<p style=\"text-align: center;\"><strong>\u0130\u015f\u00e7iler daha \u00e7ok \u00dcretiyor ancak \u00fcretim art\u0131\u015f\u0131ndan pay alam\u0131yor<\/strong><\/p>\n<p>Verimlilik art\u0131\u015f\u0131 \u00fccretlere yans\u0131m\u0131yor.<\/p>\n<p>2012&#8217;den bu yana i\u015f\u00e7i ba\u015f\u0131na i\u015fg\u00fcc\u00fc verimi y\u00fczde 51,1 artarken, birim \u00fccret sadece y\u00fczde 14,8 artt\u0131<\/p><\/blockquote>\n<p>&nbsp;<\/p>\n<figure id=\"attachment_4272\" aria-describedby=\"caption-attachment-4272\" style=\"width: 692px\" class=\"wp-caption aligncenter\"><a href=\"http:\/\/arastirma.disk.org.tr\/wp-content\/uploads\/2020\/10\/verimlilik-ve-reel-\u00fccret.png\"><img fetchpriority=\"high\" decoding=\"async\" class=\"wp-image-4272\" src=\"http:\/\/arastirma.disk.org.tr\/wp-content\/uploads\/2020\/10\/verimlilik-ve-reel-\u00fccret.png\" alt=\"\" width=\"692\" height=\"472\" srcset=\"https:\/\/arastirma.disk.org.tr\/wp-content\/uploads\/2020\/10\/verimlilik-ve-reel-\u00fccret.png 858w, https:\/\/arastirma.disk.org.tr\/wp-content\/uploads\/2020\/10\/verimlilik-ve-reel-\u00fccret-300x205.png 300w, https:\/\/arastirma.disk.org.tr\/wp-content\/uploads\/2020\/10\/verimlilik-ve-reel-\u00fccret-768x524.png 768w\" sizes=\"(max-width: 692px) 100vw, 692px\" \/><\/a><figcaption id=\"caption-attachment-4272\" class=\"wp-caption-text\">B\u00fcltenin tamam\u0131na ula\u015fmak i\u00e7in g\u00f6rsele t\u0131klay\u0131n\u0131z.<\/figcaption><\/figure>\n<p>Cumhurba\u015fkanl\u0131\u011f\u0131 Strateji ve B\u00fct\u00e7e Ba\u015fkanl\u0131\u011f\u0131 (SBB)<span style=\"text-align: left;\"> taraf\u0131ndan Eyl\u00fcl 2020\u2019de yay\u0131mlanan verilere g\u00f6re \u00fccretler ve verimlilik aras\u0131ndaki makas h\u0131zla a\u00e7\u0131l\u0131yor. <\/span>\u0130\u015f\u00e7iler daha fazla \u00fcretirken bu verimlilik art\u0131\u015f\u0131 \u00fccretlerine yans\u0131m\u0131yor. <span style=\"text-align: left;\">\u00a02012 y\u0131l\u0131 1. \u00e7eyre\u011fi ile 2020 2. \u00e7eyre\u011fi aras\u0131nda sanayide i\u015fg\u00fcc\u00fc verimi y\u00fczde 51,1 oran\u0131nda artarken reel \u00fccretlerdeki art\u0131\u015f y\u00fczde 14,8 d\u00fczeyinde kald\u0131.<\/span><\/p>\n<p style=\"text-align: left;\">Bilindi\u011fi gibi toplam sanayide birim \u00fccret ve birim verimlilik endeksi y\u0131ll\u0131k ve \u00e7eyrek d\u00f6nemlik olarak Cumhurba\u015fkanl\u0131\u011f\u0131 Strateji ve B\u00fct\u00e7e Ba\u015fkanl\u0131\u011f\u0131 (SBB) taraf\u0131ndan \u201cT\u00fcrkiye Ekonomisinde Haftal\u0131k Geli\u015fmeler ve Genel G\u00f6r\u00fcn\u00fcm\u201d raporlar\u0131yla a\u00e7\u0131klanmakta ve g\u00fcncellenmektedir. Toplam sanayide birim \u00fccret endeksi \u00e7al\u0131\u015f\u0131lan saat endeksi, \u00fcretim endeksi, saatlik i\u015fg\u00fcc\u00fc maliyeti ve T\u00dcFE endeksi kullan\u0131larak hesaplan\u0131yor.<\/p>\n<p style=\"text-align: left;\">Toplam sanayide birim \u00fccret endeksi, verimlilik art\u0131\u015f\u0131n\u0131n i\u015f\u00e7ilerin \u00fccretlerine yans\u0131t\u0131lmad\u0131\u011f\u0131n\u0131 g\u00f6steriyor. 2012 y\u0131l\u0131ndan bu yana verimlilik ve \u00fccretler aras\u0131ndaki a\u00e7\u0131lma e\u011filiminde olan makas, 2020 2. \u00e7eyre\u011finde de a\u00e7\u0131lmaya devam etti. 2012\u2019den bu yana saatlik i\u015fg\u00fcc\u00fc verimi y\u00fczde 51,1 artarken, i\u015f\u00e7ilerin reel \u00fccretinde sadece y\u00fczde 14,8 art\u0131\u015f ya\u015fand\u0131.<\/p>\n<p><a href=\"http:\/\/arastirma.disk.org.tr\/wp-content\/uploads\/2020\/10\/verimlilik-reel-\u00fccret-raporu.pdf\">Rapora ula\u015fmak i\u00e7in buraya t\u0131klay\u0131n\u0131z.<\/a><\/p>\n<p>&nbsp;<\/p>\n","protected":false},"excerpt":{"rendered":"<p>\u0130\u015f\u00e7iler daha \u00e7ok \u00dcretiyor ancak \u00fcretim art\u0131\u015f\u0131ndan pay alam\u0131yor Verimlilik art\u0131\u015f\u0131 \u00fccretlere yans\u0131m\u0131yor. 2012&#8217;den bu yana i\u015f\u00e7i ba\u015f\u0131na i\u015fg\u00fcc\u00fc verimi y\u00fczde 51,1 artarken, birim \u00fccret&#8230;<\/p>\n","protected":false},"author":3,"featured_media":2763,"comment_status":"closed","ping_status":"closed","sticky":false,"template":"template-c-s2-post.php","format":"standard","meta":{"footnotes":""},"categories":[3,6],"tags":[206,118,207,205],"class_list":["post-4267","post","type-post","status-publish","format-standard","has-post-thumbnail","hentry","category-arastirma","category-guncel","tag-reel-ucret","tag-ucret","tag-ucretler","tag-verimlilik","wpcat-3-id","wpcat-6-id"],"_links":{"self":[{"href":"https:\/\/arastirma.disk.org.tr\/index.php?rest_route=\/wp\/v2\/posts\/4267","targetHints":{"allow":["GET"]}}],"collection":[{"href":"https:\/\/arastirma.disk.org.tr\/index.php?rest_route=\/wp\/v2\/posts"}],"about":[{"href":"https:\/\/arastirma.disk.org.tr\/index.php?rest_route=\/wp\/v2\/types\/post"}],"author":[{"embeddable":true,"href":"https:\/\/arastirma.disk.org.tr\/index.php?rest_route=\/wp\/v2\/users\/3"}],"replies":[{"embeddable":true,"href":"https:\/\/arastirma.disk.org.tr\/index.php?rest_route=%2Fwp%2Fv2%2Fcomments&post=4267"}],"version-history":[{"count":6,"href":"https:\/\/arastirma.disk.org.tr\/index.php?rest_route=\/wp\/v2\/posts\/4267\/revisions"}],"predecessor-version":[{"id":10579,"href":"https:\/\/arastirma.disk.org.tr\/index.php?rest_route=\/wp\/v2\/posts\/4267\/revisions\/10579"}],"wp:featuredmedia":[{"embeddable":true,"href":"https:\/\/arastirma.disk.org.tr\/index.php?rest_route=\/wp\/v2\/media\/2763"}],"wp:attachment":[{"href":"https:\/\/arastirma.disk.org.tr\/index.php?rest_route=%2Fwp%2Fv2%2Fmedia&parent=4267"}],"wp:term":[{"taxonomy":"category","embeddable":true,"href":"https:\/\/arastirma.disk.org.tr\/index.php?rest_route=%2Fwp%2Fv2%2Fcategories&post=4267"},{"taxonomy":"post_tag","embeddable":true,"href":"https:\/\/arastirma.disk.org.tr\/index.php?rest_route=%2Fwp%2Fv2%2Ftags&post=4267"}],"curies":[{"name":"wp","href":"https:\/\/api.w.org\/{rel}","templated":true}]}}