{"id":4996,"date":"2021-02-22T10:20:08","date_gmt":"2021-02-22T07:20:08","guid":{"rendered":"http:\/\/arastirma.disk.org.tr\/?p=4996"},"modified":"2024-04-19T11:40:53","modified_gmt":"2024-04-19T08:40:53","slug":"dunyada-ve-turkiyede-covid-19-un-sosyal-ve-ekonomik-etkileriyle-mucadeleye-ayrilan-kaynaklar-arastirmasinin-basina-yansimalari","status":"publish","type":"post","link":"https:\/\/arastirma.disk.org.tr\/?p=4996","title":{"rendered":"D\u00fcnya&#8217;da ve T\u00fcrkiye&#8217;de Covid-19-un sosyal ve ekonomik etkileri ile m\u00fccadeleye ayr\u0131lan kaynaklar ara\u015ft\u0131rmas\u0131n\u0131n bas\u0131na yans\u0131malar\u0131"},"content":{"rendered":"<p>22 \u015eubat 2021 tarihli <em>Karar<\/em> gazetesinde D\u0130SK-AR&#8217;\u0131n &#8220;<a href=\"http:\/\/arastirma.disk.org.tr\/?p=4837\">D\u00fcnya&#8217;da ve T\u00fcrkiye&#8217;de Covid-19&#8217;un Sosyal ve Ekonomik Etkileriyle M\u00fccadeleye Ayr\u0131lan M\u00fccadeleye Ayr\u0131lan Kaynaklar<\/a>&#8221; isimli ara\u015ft\u0131rmas\u0131na geni\u015f yer verildi.<\/p>\n<figure id=\"attachment_4997\" aria-describedby=\"caption-attachment-4997\" style=\"width: 845px\" class=\"wp-caption aligncenter\"><img fetchpriority=\"high\" decoding=\"async\" class=\"wp-image-4997 size-large\" src=\"http:\/\/arastirma.disk.org.tr\/wp-content\/uploads\/2021\/02\/karar-1-845x1024.jpg\" alt=\"\" width=\"845\" height=\"1024\" srcset=\"https:\/\/arastirma.disk.org.tr\/wp-content\/uploads\/2021\/02\/karar-1-845x1024.jpg 845w, https:\/\/arastirma.disk.org.tr\/wp-content\/uploads\/2021\/02\/karar-1-248x300.jpg 248w, https:\/\/arastirma.disk.org.tr\/wp-content\/uploads\/2021\/02\/karar-1-768x931.jpg 768w, https:\/\/arastirma.disk.org.tr\/wp-content\/uploads\/2021\/02\/karar-1-1267x1536.jpg 1267w, https:\/\/arastirma.disk.org.tr\/wp-content\/uploads\/2021\/02\/karar-1.jpg 1386w\" sizes=\"(max-width: 845px) 100vw, 845px\" \/><figcaption id=\"caption-attachment-4997\" class=\"wp-caption-text\"><em>Karar<\/em>, 22 \u015eubat 2021.<\/figcaption><\/figure>\n<div class=\"mceTemp\">\n<p><img decoding=\"async\" class=\"wp-image-4998 size-large aligncenter\" src=\"http:\/\/arastirma.disk.org.tr\/wp-content\/uploads\/2021\/02\/karar-2-599x1024.jpg\" alt=\"\" width=\"599\" height=\"1024\" srcset=\"https:\/\/arastirma.disk.org.tr\/wp-content\/uploads\/2021\/02\/karar-2-599x1024.jpg 599w, https:\/\/arastirma.disk.org.tr\/wp-content\/uploads\/2021\/02\/karar-2-175x300.jpg 175w, https:\/\/arastirma.disk.org.tr\/wp-content\/uploads\/2021\/02\/karar-2-768x1313.jpg 768w, https:\/\/arastirma.disk.org.tr\/wp-content\/uploads\/2021\/02\/karar-2-898x1536.jpg 898w, https:\/\/arastirma.disk.org.tr\/wp-content\/uploads\/2021\/02\/karar-2-1198x2048.jpg 1198w, https:\/\/arastirma.disk.org.tr\/wp-content\/uploads\/2021\/02\/karar-2-scaled.jpg 1497w\" sizes=\"(max-width: 599px) 100vw, 599px\" \/><\/p>\n<p><em>Karar<\/em>, 22 \u015eubat 2021.<\/p>\n<\/div>\n<p>&nbsp;<\/p>\n","protected":false},"excerpt":{"rendered":"<p>22 \u015eubat 2021 tarihli Karar gazetesinde D\u0130SK-AR&#8217;\u0131n &#8220;D\u00fcnya&#8217;da ve T\u00fcrkiye&#8217;de Covid-19&#8217;un Sosyal ve Ekonomik Etkileriyle M\u00fccadeleye Ayr\u0131lan M\u00fccadeleye Ayr\u0131lan Kaynaklar&#8221; isimli ara\u015ft\u0131rmas\u0131na geni\u015f yer verildi&#8230;.<\/p>\n","protected":false},"author":3,"featured_media":4204,"comment_status":"closed","ping_status":"closed","sticky":false,"template":"template-c-s2-post.php","format":"standard","meta":{"footnotes":""},"categories":[5],"tags":[32,253],"class_list":["post-4996","post","type-post","status-publish","format-standard","has-post-thumbnail","hentry","category-basinda","tag-basinda-disk-ar","tag-dunyada-ve-turkiyede-covid-19un-sosyal-ve-ekonomik-etkileri-ile-mucadeleye-ayrilan-kaynaklar","wpcat-5-id"],"_links":{"self":[{"href":"https:\/\/arastirma.disk.org.tr\/index.php?rest_route=\/wp\/v2\/posts\/4996","targetHints":{"allow":["GET"]}}],"collection":[{"href":"https:\/\/arastirma.disk.org.tr\/index.php?rest_route=\/wp\/v2\/posts"}],"about":[{"href":"https:\/\/arastirma.disk.org.tr\/index.php?rest_route=\/wp\/v2\/types\/post"}],"author":[{"embeddable":true,"href":"https:\/\/arastirma.disk.org.tr\/index.php?rest_route=\/wp\/v2\/users\/3"}],"replies":[{"embeddable":true,"href":"https:\/\/arastirma.disk.org.tr\/index.php?rest_route=%2Fwp%2Fv2%2Fcomments&post=4996"}],"version-history":[{"count":2,"href":"https:\/\/arastirma.disk.org.tr\/index.php?rest_route=\/wp\/v2\/posts\/4996\/revisions"}],"predecessor-version":[{"id":5000,"href":"https:\/\/arastirma.disk.org.tr\/index.php?rest_route=\/wp\/v2\/posts\/4996\/revisions\/5000"}],"wp:featuredmedia":[{"embeddable":true,"href":"https:\/\/arastirma.disk.org.tr\/index.php?rest_route=\/wp\/v2\/media\/4204"}],"wp:attachment":[{"href":"https:\/\/arastirma.disk.org.tr\/index.php?rest_route=%2Fwp%2Fv2%2Fmedia&parent=4996"}],"wp:term":[{"taxonomy":"category","embeddable":true,"href":"https:\/\/arastirma.disk.org.tr\/index.php?rest_route=%2Fwp%2Fv2%2Fcategories&post=4996"},{"taxonomy":"post_tag","embeddable":true,"href":"https:\/\/arastirma.disk.org.tr\/index.php?rest_route=%2Fwp%2Fv2%2Ftags&post=4996"}],"curies":[{"name":"wp","href":"https:\/\/api.w.org\/{rel}","templated":true}]}}