{"id":5015,"date":"2021-03-05T09:53:06","date_gmt":"2021-03-05T06:53:06","guid":{"rendered":"http:\/\/arastirma.disk.org.tr\/?p=5015"},"modified":"2024-04-19T11:40:53","modified_gmt":"2024-04-19T08:40:53","slug":"emin-koramaz-kozludan-pandemiye-isci-cinayetler","status":"publish","type":"post","link":"https:\/\/arastirma.disk.org.tr\/?p=5015","title":{"rendered":"Emin Koramaz- Kozlu&#8217;dan pandemiye i\u015f\u00e7i cinayetleri"},"content":{"rendered":"<p>Emin Koramaz, 5 Mart 2021 tarihli <em>BirG\u00fcn<\/em> gazetesinde yer alan k\u00f6\u015fe yaz\u0131s\u0131nda D\u0130SK-AR <a href=\"http:\/\/arastirma.disk.org.tr\/wp-content\/uploads\/2020\/09\/DISK-COVID-19-Alan-Arast\u0131rmas\u0131-2020.pdf\"><strong>&#8220;Covid-19 \u0130\u015f\u00e7ileri Nas\u0131l Etkiledi&#8221;<\/strong>\u00a0<\/a>raporu verilerine yer verdi.<\/p>\n<p>A\u015fa\u011f\u0131da foto\u011fraf\u0131 yer alan k\u00f6\u015fe yaz\u0131s\u0131n\u0131 <em>BirG\u00fcn<\/em> gazetesi sitesinde g\u00f6r\u00fcnt\u00fclemek i\u00e7in foto\u011frafa t\u0131klay\u0131n\u0131z.<\/p>\n<p>&nbsp;<\/p>\n<p><a href=\"https:\/\/www.birgun.net\/haber\/kozlu-dan-pandemiye-isci-cinayetleri-336389\"><img fetchpriority=\"high\" decoding=\"async\" class=\"wp-image-5017 size-full aligncenter\" src=\"http:\/\/arastirma.disk.org.tr\/wp-content\/uploads\/2021\/03\/101565245-scaled.jpg\" alt=\"\" width=\"562\" height=\"2560\" srcset=\"https:\/\/arastirma.disk.org.tr\/wp-content\/uploads\/2021\/03\/101565245-scaled.jpg 562w, https:\/\/arastirma.disk.org.tr\/wp-content\/uploads\/2021\/03\/101565245-66x300.jpg 66w, https:\/\/arastirma.disk.org.tr\/wp-content\/uploads\/2021\/03\/101565245-225x1024.jpg 225w, https:\/\/arastirma.disk.org.tr\/wp-content\/uploads\/2021\/03\/101565245-337x1536.jpg 337w\" sizes=\"(max-width: 562px) 100vw, 562px\" \/><\/a><\/p>\n<p>&nbsp;<\/p>\n","protected":false},"excerpt":{"rendered":"<p>Emin Koramaz, 5 Mart 2021 tarihli BirG\u00fcn gazetesinde yer alan k\u00f6\u015fe yaz\u0131s\u0131nda D\u0130SK-AR &#8220;Covid-19 \u0130\u015f\u00e7ileri Nas\u0131l Etkiledi&#8221;\u00a0raporu verilerine yer verdi. A\u015fa\u011f\u0131da foto\u011fraf\u0131 yer alan k\u00f6\u015fe&#8230;<\/p>\n","protected":false},"author":3,"featured_media":1006,"comment_status":"closed","ping_status":"closed","sticky":false,"template":"template-c-s2-post.php","format":"standard","meta":{"footnotes":""},"categories":[5],"tags":[],"class_list":["post-5015","post","type-post","status-publish","format-standard","has-post-thumbnail","hentry","category-basinda","wpcat-5-id"],"_links":{"self":[{"href":"https:\/\/arastirma.disk.org.tr\/index.php?rest_route=\/wp\/v2\/posts\/5015","targetHints":{"allow":["GET"]}}],"collection":[{"href":"https:\/\/arastirma.disk.org.tr\/index.php?rest_route=\/wp\/v2\/posts"}],"about":[{"href":"https:\/\/arastirma.disk.org.tr\/index.php?rest_route=\/wp\/v2\/types\/post"}],"author":[{"embeddable":true,"href":"https:\/\/arastirma.disk.org.tr\/index.php?rest_route=\/wp\/v2\/users\/3"}],"replies":[{"embeddable":true,"href":"https:\/\/arastirma.disk.org.tr\/index.php?rest_route=%2Fwp%2Fv2%2Fcomments&post=5015"}],"version-history":[{"count":4,"href":"https:\/\/arastirma.disk.org.tr\/index.php?rest_route=\/wp\/v2\/posts\/5015\/revisions"}],"predecessor-version":[{"id":5020,"href":"https:\/\/arastirma.disk.org.tr\/index.php?rest_route=\/wp\/v2\/posts\/5015\/revisions\/5020"}],"wp:featuredmedia":[{"embeddable":true,"href":"https:\/\/arastirma.disk.org.tr\/index.php?rest_route=\/wp\/v2\/media\/1006"}],"wp:attachment":[{"href":"https:\/\/arastirma.disk.org.tr\/index.php?rest_route=%2Fwp%2Fv2%2Fmedia&parent=5015"}],"wp:term":[{"taxonomy":"category","embeddable":true,"href":"https:\/\/arastirma.disk.org.tr\/index.php?rest_route=%2Fwp%2Fv2%2Fcategories&post=5015"},{"taxonomy":"post_tag","embeddable":true,"href":"https:\/\/arastirma.disk.org.tr\/index.php?rest_route=%2Fwp%2Fv2%2Ftags&post=5015"}],"curies":[{"name":"wp","href":"https:\/\/api.w.org\/{rel}","templated":true}]}}