{"id":5021,"date":"2021-03-05T10:09:44","date_gmt":"2021-03-05T07:09:44","guid":{"rendered":"http:\/\/arastirma.disk.org.tr\/?p=5021"},"modified":"2024-04-19T11:40:53","modified_gmt":"2024-04-19T08:40:53","slug":"covid-19-salgininin-disk-genel-is-kadin-iscileri-uzerindeki-etkileri-arastirmasi","status":"publish","type":"post","link":"https:\/\/arastirma.disk.org.tr\/?p=5021","title":{"rendered":"Covid-19 Salg\u0131n\u0131n\u0131n D\u0130SK\/Genel-\u0130\u015f Kad\u0131n \u0130\u015f\u00e7ileri \u00dczerindeki Etkileri Ara\u015ft\u0131rmas\u0131"},"content":{"rendered":"<p>D\u0130SK\/Genel-\u0130\u015f sendikas\u0131 Ara\u015ft\u0131rma Dairesi&#8217;nin &#8220;Covid-19 Salg\u0131n\u0131n\u0131n Disk \/Genel-\u0130\u015f Kad\u0131n \u0130\u015f\u00e7ileri \u00dczerindeki Etkileri&#8221; isimli ara\u015ft\u0131rmas\u0131 4 Mart 2021 tarihinde yay\u0131mland\u0131.<\/p>\n<p><strong>Ara\u015ft\u0131rmada \u00f6ne \u00e7\u0131kan sonu\u00e7lar \u015f\u00f6yledir:<\/strong><strong>\u00a0<\/strong><\/p>\n<p><strong><em>Demografik \u00d6zellikler:<\/em><\/strong><\/p>\n<ul>\n<li>Kad\u0131n i\u015f\u00e7ilerin y\u00fczde 49\u2019u 36-55 ya\u015f aral\u0131\u011f\u0131nda, y\u00fczde 45\u2019i 26-35 ya\u015f aral\u0131\u011f\u0131ndad\u0131r.<\/li>\n<li>Kad\u0131n i\u015f\u00e7ilerin y\u00fczde 40,2\u2019si y\u00fcksek \u00f6\u011frenimlidir.<\/li>\n<li>Hanehalk\u0131 b\u00fcy\u00fckl\u00fc\u011f\u00fc 1-3 ki\u015fiden olu\u015fmaktad\u0131r.<\/li>\n<\/ul>\n<p><strong><em>\u00c7al\u0131\u015fma Ko\u015fullar\u0131 ve \u00dccret D\u00fczeyleri:<\/em><\/strong><\/p>\n<ul>\n<li>Karantina s\u00fcrecinde her 10 haneden 3\u2019\u00fcnde i\u015fsizlik ya\u015fand\u0131.<\/li>\n<li>Kad\u0131n i\u015f\u00e7ilerin y\u00fczde 70\u2019inin salg\u0131n s\u00fcrecinde \u00e7al\u0131\u015fma bi\u00e7imi de\u011fi\u015fti, y\u00fczde 50\u2019si i\u015fe d\u00f6n\u00fc\u015f\u00fcml\u00fc gitti.<\/li>\n<li>Kad\u0131n i\u015f\u00e7ilerin y\u00fczde 38\u2019inin geliri d\u00fc\u015ft\u00fc.<\/li>\n<li>\u00dccret e\u015fitsizli\u011fi derinle\u015fti.<\/li>\n<\/ul>\n<p><strong><em>\u0130\u015f\u00e7i Sa\u011fl\u0131\u011f\u0131:<\/em><\/strong><\/p>\n<ul>\n<li>Kronik rahats\u0131zl\u0131\u011f\u0131 olmas\u0131na ra\u011fmen uzaktan \u00e7al\u0131\u015ft\u0131r\u0131lan kad\u0131n i\u015f\u00e7i oran\u0131 yaln\u0131zca y\u00fczde 22!<\/li>\n<li>Kendisinin veya \u00e7al\u0131\u015fma arkada\u015f\u0131n\u0131n covid-19\u2019a yakaland\u0131\u011f\u0131n\u0131 belirtenlerin oran\u0131 y\u00fczde 76!<\/li>\n<li>\u0130\u015f\u00e7i sa\u011fl\u0131\u011f\u0131 ve i\u015f g\u00fcvenli\u011fi \u00f6nlemleri yetersiz!<\/li>\n<li>Kad\u0131n i\u015f\u00e7iler sa\u011fl\u0131klar\u0131 i\u00e7in endi\u015fe duyuyorlar.<\/li>\n<\/ul>\n<p><strong><em>Salg\u0131n S\u00fcrecinde Ev \u0130\u00e7i Sorumluluklar:<\/em><\/strong><\/p>\n<ul>\n<li>Salg\u0131n s\u00fcrecinde ev i\u00e7inde ya\u015fanan \u00f6ncelikli sorunlar; ev i\u015fleri, \u00e7ocuk ve ya\u015fl\u0131 bak\u0131m\u0131 oldu.<\/li>\n<li>Salg\u0131nda her 10 kad\u0131ndan 2\u2019si ev i\u00e7i sorumluluklar\u0131 (ya\u015fl\u0131, \u00e7ocuk bak\u0131m\u0131 gibi) nedeniyle izin ald\u0131.<\/li>\n<li>Salg\u0131nda kad\u0131nlar\u0131n i\u015fyerinde \u00e7al\u0131\u015fma s\u00fcresi azal\u0131rken, evde \u00e7al\u0131\u015fma s\u00fcresi artt\u0131.<\/li>\n<li>Salg\u0131n s\u00fcrecinde \u00e7ocuk bak\u0131m\u0131 \u00f6nemli bir sorun oldu.<\/li>\n<\/ul>\n<p><strong><em>Kad\u0131na Y\u00f6nelik \u015eiddet:<\/em><\/strong><\/p>\n<ul>\n<li>Kad\u0131n i\u015f\u00e7ilerin y\u00fczde 68\u2019i salg\u0131n s\u00fcrecinde kad\u0131n ve \u00e7ocuklara y\u00f6nelik \u015fiddetin artt\u0131\u011f\u0131n\u0131 belirttiler.<\/li>\n<li>Salg\u0131n s\u00fcrecinde kad\u0131n \u00fcyelerimizin y\u00fczde 44\u2019\u00fc ev i\u00e7inde tart\u0131\u015fma ve \u00e7at\u0131\u015fma ya\u015fad\u0131.<\/li>\n<li>Kad\u0131n \u00fcyelerimizin y\u00fczde 7\u2019si \u015fiddete u\u011frad\u0131.<\/li>\n<li>Kad\u0131nlar\u0131n y\u00fczde 64\u2019\u00fc psikolojik \u015fiddete, y\u00fczde 28\u2019i ekonomik \u015fiddete maruz kald\u0131.<\/li>\n<li>\u0130\u015fyerlerinde de \u015fiddet artt\u0131: her 10 kad\u0131n i\u015f\u00e7iden 2\u2019si i\u015fyerinde \u015fiddete u\u011frad\u0131.<\/li>\n<\/ul>\n<p><strong><em>Sendika:<\/em><\/strong><\/p>\n<ul>\n<li>T\u00fcrkiye\u2019de sendikalarda kad\u0131nlar\u0131n temsiliyeti yetersiz!<\/li>\n<li>Kad\u0131n i\u015f\u00e7ilerin eylem ve etkinliklere kat\u0131l\u0131m\u0131 d\u00fc\u015f\u00fck!<\/li>\n<\/ul>\n<figure id=\"attachment_5022\" aria-describedby=\"caption-attachment-5022\" style=\"width: 920px\" class=\"wp-caption aligncenter\"><a href=\"https:\/\/www.genel-is.org.tr\/covid-19-salgininin-disk-genel-is-kadin-iscileri-uzerindeki-etkileri-arastirmasi,2,45717#.YEHZMC1h2DU\"><img fetchpriority=\"high\" decoding=\"async\" class=\"wp-image-5022 size-full\" src=\"http:\/\/arastirma.disk.org.tr\/wp-content\/uploads\/2021\/03\/genel-i\u015f-ar\u015f.jpg\" alt=\"\" width=\"920\" height=\"660\" srcset=\"https:\/\/arastirma.disk.org.tr\/wp-content\/uploads\/2021\/03\/genel-i\u015f-ar\u015f.jpg 920w, https:\/\/arastirma.disk.org.tr\/wp-content\/uploads\/2021\/03\/genel-i\u015f-ar\u015f-300x215.jpg 300w, https:\/\/arastirma.disk.org.tr\/wp-content\/uploads\/2021\/03\/genel-i\u015f-ar\u015f-768x551.jpg 768w\" sizes=\"(max-width: 920px) 100vw, 920px\" \/><\/a><figcaption id=\"caption-attachment-5022\" class=\"wp-caption-text\">Ara\u015ft\u0131rmaya ula\u015fmak i\u00e7in g\u00f6rsele t\u0131klay\u0131n\u0131z.<\/figcaption><\/figure>\n","protected":false},"excerpt":{"rendered":"<p>D\u0130SK\/Genel-\u0130\u015f sendikas\u0131 Ara\u015ft\u0131rma Dairesi&#8217;nin &#8220;Covid-19 Salg\u0131n\u0131n\u0131n Disk \/Genel-\u0130\u015f Kad\u0131n \u0130\u015f\u00e7ileri \u00dczerindeki Etkileri&#8221; isimli ara\u015ft\u0131rmas\u0131 4 Mart 2021 tarihinde yay\u0131mland\u0131. Ara\u015ft\u0131rmada \u00f6ne \u00e7\u0131kan sonu\u00e7lar \u015f\u00f6yledir:\u00a0 Demografik&#8230;<\/p>\n","protected":false},"author":3,"featured_media":5022,"comment_status":"closed","ping_status":"closed","sticky":false,"template":"template-c-s2-post.php","format":"standard","meta":{"footnotes":""},"categories":[6],"tags":[27,259,260],"class_list":["post-5021","post","type-post","status-publish","format-standard","has-post-thumbnail","hentry","category-guncel","tag-covid-19","tag-emek-arastirmalari","tag-genel-is","wpcat-6-id"],"_links":{"self":[{"href":"https:\/\/arastirma.disk.org.tr\/index.php?rest_route=\/wp\/v2\/posts\/5021","targetHints":{"allow":["GET"]}}],"collection":[{"href":"https:\/\/arastirma.disk.org.tr\/index.php?rest_route=\/wp\/v2\/posts"}],"about":[{"href":"https:\/\/arastirma.disk.org.tr\/index.php?rest_route=\/wp\/v2\/types\/post"}],"author":[{"embeddable":true,"href":"https:\/\/arastirma.disk.org.tr\/index.php?rest_route=\/wp\/v2\/users\/3"}],"replies":[{"embeddable":true,"href":"https:\/\/arastirma.disk.org.tr\/index.php?rest_route=%2Fwp%2Fv2%2Fcomments&post=5021"}],"version-history":[{"count":3,"href":"https:\/\/arastirma.disk.org.tr\/index.php?rest_route=\/wp\/v2\/posts\/5021\/revisions"}],"predecessor-version":[{"id":5025,"href":"https:\/\/arastirma.disk.org.tr\/index.php?rest_route=\/wp\/v2\/posts\/5021\/revisions\/5025"}],"wp:featuredmedia":[{"embeddable":true,"href":"https:\/\/arastirma.disk.org.tr\/index.php?rest_route=\/wp\/v2\/media\/5022"}],"wp:attachment":[{"href":"https:\/\/arastirma.disk.org.tr\/index.php?rest_route=%2Fwp%2Fv2%2Fmedia&parent=5021"}],"wp:term":[{"taxonomy":"category","embeddable":true,"href":"https:\/\/arastirma.disk.org.tr\/index.php?rest_route=%2Fwp%2Fv2%2Fcategories&post=5021"},{"taxonomy":"post_tag","embeddable":true,"href":"https:\/\/arastirma.disk.org.tr\/index.php?rest_route=%2Fwp%2Fv2%2Ftags&post=5021"}],"curies":[{"name":"wp","href":"https:\/\/api.w.org\/{rel}","templated":true}]}}