{"id":5521,"date":"2021-04-12T15:57:51","date_gmt":"2021-04-12T12:57:51","guid":{"rendered":"http:\/\/arastirma.disk.org.tr\/?p=5521"},"modified":"2024-04-19T11:40:39","modified_gmt":"2024-04-19T08:40:39","slug":"genis-issiz-sayisi-3-milyon-artarak-10-milyonu-asti","status":"publish","type":"post","link":"https:\/\/arastirma.disk.org.tr\/?p=5521","title":{"rendered":"Geni\u015f i\u015fsiz say\u0131s\u0131 3 milyon artarak 10 milyonu a\u015ft\u0131!"},"content":{"rendered":"<p style=\"text-align: center;\"><strong>D\u0130SK-AR \u0130\u015fsizlik ve \u0130stihdam\u0131n G\u00f6r\u00fcn\u00fcm\u00fc Raporu Yay\u0131mland\u0131<\/strong><\/p>\n<ul>\n<li style=\"text-align: left;\"><strong>\u00a0Hem dar hem geni\u015f tan\u0131ml\u0131 i\u015fsizlikte art\u0131\u015f devam ediyor<\/strong><\/li>\n<li style=\"text-align: left;\"><strong>Geni\u015f tan\u0131ml\u0131 i\u015fsiz say\u0131s\u0131 10 milyonu a\u015ft\u0131!<\/strong><\/li>\n<li style=\"text-align: left;\"><strong>Geni\u015f tan\u0131ml\u0131 i\u015fsiz say\u0131s\u0131 bir y\u0131lda 3 milyon ki\u015fi artt\u0131!<\/strong><\/li>\n<li style=\"text-align: left;\"><strong>Geni\u015f tan\u0131ml\u0131 i\u015fsizlik oran\u0131 y\u00fczde 28,3!<\/strong><\/li>\n<li style=\"text-align: left;\"><strong>Kad\u0131nlarda geni\u015f tan\u0131ml\u0131 i\u015fsizlik oran\u0131 y\u00fczde 35,6,\u00a0erkeklerde ise y\u00fczde 24,4.<\/strong><\/li>\n<\/ul>\n<p>T\u00dc\u0130K \u015eubat 2021 d\u00f6nemi Hanehalk\u0131 \u0130\u015fg\u00fcc\u00fc Ara\u015ft\u0131rmas\u0131 sonu\u00e7lar\u0131n\u0131 12 Nisan 2021&#8217;de a\u00e7\u0131klad\u0131. T\u00dc\u0130K, D\u0130SK-AR&#8217;\u0131n kulland\u0131\u011f\u0131 metodolojiye benzer bir metodolojiyi at\u0131l i\u015fg\u00fcc\u00fc ad\u0131 alt\u0131nda benimsedi.<\/p>\n<p>T\u00dc\u0130K \u015eubat 2021 d\u00f6nemi g\u00f6sterge i\u015fsizlik oran\u0131 olarak ifade etti\u011fi mevsim etkisinden ar\u0131nd\u0131r\u0131lm\u0131\u015f dar tan\u0131ml\u0131 i\u015fsizlik oran\u0131n\u0131 y\u00fczde 13,4 ve T\u00dc\u0130K\u2019in \u00e2t\u0131l i\u015fg\u00fcc\u00fc olarak adland\u0131rd\u0131\u011f\u0131, D\u0130SK-AR\u2019\u0131n ise geni\u015f tan\u0131ml\u0131 i\u015fsizlik olarak ifade etti\u011fi oran y\u00fczde 28,3 olarak a\u00e7\u0131kland\u0131. B\u00f6ylece mevsim etkisinden ar\u0131nd\u0131r\u0131lm\u0131\u015f dar tan\u0131ml\u0131 i\u015fsizlik oran\u0131 son bir y\u0131lda 0,8 puan ve bir ayl\u0131k d\u00f6nemde ise 0,7 puan artt\u0131. Mevsim etkisinden ar\u0131nd\u0131r\u0131lm\u0131\u015f geni\u015f tan\u0131ml\u0131 i\u015fsizlik (\u00e2t\u0131l i\u015fg\u00fcc\u00fc) oran\u0131 ise son bir y\u0131lda 7,5 puan artt\u0131 ve bir ayl\u0131k d\u00f6nemde ise 1,2 puan azald\u0131.<\/p>\n<figure id=\"attachment_5532\" aria-describedby=\"caption-attachment-5532\" style=\"width: 627px\" class=\"wp-caption aligncenter\"><img fetchpriority=\"high\" decoding=\"async\" class=\"wp-image-5532 size-full\" src=\"http:\/\/arastirma.disk.org.tr\/wp-content\/uploads\/2021\/04\/grafik-1.jpg\" alt=\"\" width=\"627\" height=\"475\" srcset=\"https:\/\/arastirma.disk.org.tr\/wp-content\/uploads\/2021\/04\/grafik-1.jpg 627w, https:\/\/arastirma.disk.org.tr\/wp-content\/uploads\/2021\/04\/grafik-1-300x227.jpg 300w\" sizes=\"(max-width: 627px) 100vw, 627px\" \/><figcaption id=\"caption-attachment-5532\" class=\"wp-caption-text\">Kaynak: T\u00dc\u0130K H\u0130A, \u015eubat 2021. D\u0130SK-AR.<\/figcaption><\/figure>\n<p><img decoding=\"async\" class=\"alignnone size-medium wp-image-5530\" src=\"http:\/\/arastirma.disk.org.tr\/wp-content\/uploads\/2021\/04\/grafik-nisan-2021.tiff\" alt=\"\" width=\"1\" height=\"1\" \/><img decoding=\"async\" class=\"alignnone size-medium wp-image-5530\" src=\"http:\/\/arastirma.disk.org.tr\/wp-content\/uploads\/2021\/04\/grafik-nisan-2021.tiff\" alt=\"\" width=\"1\" height=\"1\" \/><\/p>\n<p>T\u00dc\u0130K verilerine g\u00f6re <strong>mevsim etkisinden ar\u0131nd\u0131r\u0131lm\u0131\u015f dar tan\u0131ml\u0131 i\u015fsiz say\u0131s\u0131 <\/strong>\u015eubat 2021 d\u00f6neminde <strong>4 milyon 236 bin<\/strong> olarak ger\u00e7ekle\u015fti. B\u00f6ylece \u015eubat 2020\u2019de 4 milyon 22 bin ve Ocak 2021\u2019de 3 milyon 986 bin olan mevsim etkilerinden ar\u0131nd\u0131r\u0131lm\u0131\u015f dar tan\u0131ml\u0131 i\u015fsiz say\u0131s\u0131 bir y\u0131lda 214 bin ki\u015fi ve bir ayda 250 bin ki\u015fi artt\u0131.<\/p>\n<p>T\u00dc\u0130K verilerinden yapt\u0131\u011f\u0131m\u0131z hesaplamaya g\u00f6re <strong>mevsim etkisinden ar\u0131nd\u0131r\u0131lm\u0131\u015f geni\u015f tan\u0131ml\u0131 i\u015fsiz say\u0131s\u0131<\/strong> \u015eubat 2021\u2019de <strong>10 milyon 20 bin<\/strong> olarak ger\u00e7ekle\u015fti. \u015eubat 2020\u2019de 7 milyon 70 bin ve Ocak 2021\u2019de 10 milyon 511 bin olan mevsim etkisinden ar\u0131nd\u0131r\u0131lm\u0131\u015f geni\u015f tan\u0131ml\u0131 i\u015fsiz say\u0131s\u0131nda son bir y\u0131lda 2 milyon 950 bin ki\u015fi artt\u0131.<\/p>\n<p style=\"text-align: center;\"><strong>Cinsiyete G\u00f6re Mevsim Etkisinden Ar\u0131nd\u0131r\u0131lm\u0131\u015f \u0130\u015fsizlik Oranlar\u0131 (\u015eubat 2021) (Y\u00fczde)<\/strong><\/p>\n<figure id=\"attachment_5537\" aria-describedby=\"caption-attachment-5537\" style=\"width: 561px\" class=\"wp-caption aligncenter\"><img decoding=\"async\" class=\"wp-image-5537 size-full\" src=\"http:\/\/arastirma.disk.org.tr\/wp-content\/uploads\/2021\/04\/Screenshot-2021-04-13-at-10.13.07-1.png\" alt=\"\" width=\"561\" height=\"392\" srcset=\"https:\/\/arastirma.disk.org.tr\/wp-content\/uploads\/2021\/04\/Screenshot-2021-04-13-at-10.13.07-1.png 561w, https:\/\/arastirma.disk.org.tr\/wp-content\/uploads\/2021\/04\/Screenshot-2021-04-13-at-10.13.07-1-300x210.png 300w\" sizes=\"(max-width: 561px) 100vw, 561px\" \/><figcaption id=\"caption-attachment-5537\" class=\"wp-caption-text\">Kaynak: T\u00dc\u0130K H\u0130A, \u015eubat 2021. D\u0130SK-AR.<\/figcaption><\/figure>\n<p>Cinsiyete g\u00f6re i\u015fsizlik oranlar\u0131na bak\u0131ld\u0131\u011f\u0131nda kad\u0131n i\u015fsizli\u011finin t\u00fcm t\u00fcrlerde erkeklerden y\u00fcksek oldu\u011fu g\u00f6r\u00fcl\u00fcyor.\u00a0Mevsim\u00a0etkisinden ar\u0131nd\u0131r\u0131lm\u0131\u015f dar tan\u0131ml\u0131 i\u015fsizlik oran\u0131 erkeklerde y\u00fczde 12,3 iken kad\u0131nlarda y\u00fczde 15,6\u2019d\u0131r.Dar i\u015fsizlikte kad\u0131nlar erkeklerden 3,3 puan y\u00fcksek iken, geni\u015f tan\u0131ml\u0131 i\u015fsizlikte kad\u0131nlar erkeklerden 11,2 puan daha y\u00fcksektir. T\u00fcm i\u015fsizlik t\u00fcrlerinde kad\u0131n i\u015fsizli\u011finin \u00e7ok daha y\u00fcksek oldu\u011fu dikkat \u00e7ekmektedir.<\/p>\n<figure id=\"attachment_5540\" aria-describedby=\"caption-attachment-5540\" style=\"width: 682px\" class=\"wp-caption aligncenter\"><a href=\"http:\/\/arastirma.disk.org.tr\/wp-content\/uploads\/2021\/04\/ISSIZLIK-VE-ISTIHDAMIN-GORUNUMU-NISAN-2021-1.pdf\"><img loading=\"lazy\" decoding=\"async\" class=\"wp-image-5540 size-full\" src=\"http:\/\/arastirma.disk.org.tr\/wp-content\/uploads\/2021\/04\/issizlik-kapak-NISAN-2021-13-SON.jpg\" alt=\"\" width=\"682\" height=\"928\" srcset=\"https:\/\/arastirma.disk.org.tr\/wp-content\/uploads\/2021\/04\/issizlik-kapak-NISAN-2021-13-SON.jpg 682w, https:\/\/arastirma.disk.org.tr\/wp-content\/uploads\/2021\/04\/issizlik-kapak-NISAN-2021-13-SON-220x300.jpg 220w\" sizes=\"(max-width: 682px) 100vw, 682px\" \/><\/a><figcaption id=\"caption-attachment-5540\" class=\"wp-caption-text\">D\u0130SK-AR&#8217;\u0131n \u015eubat 2021 d\u00f6nemi \u0130\u015fsizlik ve \u0130stihdam\u0131n G\u00f6r\u00fcn\u00fcm\u00fc raporuna ula\u015fmak i\u00e7in g\u00f6rsele t\u0131klay\u0131n\u0131z.<\/figcaption><\/figure>\n<p>&nbsp;<\/p>\n<p>&nbsp;<\/p>\n<p>&nbsp;<\/p>\n<p>&nbsp;<\/p>\n<p>&nbsp;<\/p>\n<p>&nbsp;<\/p>\n<p>&nbsp;<\/p>\n<p>&nbsp;<\/p>\n<p>&nbsp;<\/p>\n","protected":false},"excerpt":{"rendered":"<p>D\u0130SK-AR \u0130\u015fsizlik ve \u0130stihdam\u0131n G\u00f6r\u00fcn\u00fcm\u00fc Raporu Yay\u0131mland\u0131 \u00a0Hem dar hem geni\u015f tan\u0131ml\u0131 i\u015fsizlikte art\u0131\u015f devam ediyor Geni\u015f tan\u0131ml\u0131 i\u015fsiz say\u0131s\u0131 10 milyonu a\u015ft\u0131! Geni\u015f tan\u0131ml\u0131&#8230;<\/p>\n","protected":false},"author":3,"featured_media":5549,"comment_status":"closed","ping_status":"closed","sticky":false,"template":"template-c-s2-post.php","format":"standard","meta":{"footnotes":""},"categories":[3,6,11],"tags":[27,151,49,10],"class_list":["post-5521","post","type-post","status-publish","format-standard","has-post-thumbnail","hentry","category-arastirma","category-guncel","category-issizlik","tag-covid-19","tag-genis-tanimli-issiz","tag-genis-tanimli-issizlik","tag-issizlik","wpcat-3-id","wpcat-6-id","wpcat-11-id"],"_links":{"self":[{"href":"https:\/\/arastirma.disk.org.tr\/index.php?rest_route=\/wp\/v2\/posts\/5521","targetHints":{"allow":["GET"]}}],"collection":[{"href":"https:\/\/arastirma.disk.org.tr\/index.php?rest_route=\/wp\/v2\/posts"}],"about":[{"href":"https:\/\/arastirma.disk.org.tr\/index.php?rest_route=\/wp\/v2\/types\/post"}],"author":[{"embeddable":true,"href":"https:\/\/arastirma.disk.org.tr\/index.php?rest_route=\/wp\/v2\/users\/3"}],"replies":[{"embeddable":true,"href":"https:\/\/arastirma.disk.org.tr\/index.php?rest_route=%2Fwp%2Fv2%2Fcomments&post=5521"}],"version-history":[{"count":15,"href":"https:\/\/arastirma.disk.org.tr\/index.php?rest_route=\/wp\/v2\/posts\/5521\/revisions"}],"predecessor-version":[{"id":5534,"href":"https:\/\/arastirma.disk.org.tr\/index.php?rest_route=\/wp\/v2\/posts\/5521\/revisions\/5534"}],"wp:featuredmedia":[{"embeddable":true,"href":"https:\/\/arastirma.disk.org.tr\/index.php?rest_route=\/wp\/v2\/media\/5549"}],"wp:attachment":[{"href":"https:\/\/arastirma.disk.org.tr\/index.php?rest_route=%2Fwp%2Fv2%2Fmedia&parent=5521"}],"wp:term":[{"taxonomy":"category","embeddable":true,"href":"https:\/\/arastirma.disk.org.tr\/index.php?rest_route=%2Fwp%2Fv2%2Fcategories&post=5521"},{"taxonomy":"post_tag","embeddable":true,"href":"https:\/\/arastirma.disk.org.tr\/index.php?rest_route=%2Fwp%2Fv2%2Ftags&post=5521"}],"curies":[{"name":"wp","href":"https:\/\/api.w.org\/{rel}","templated":true}]}}