{"id":5553,"date":"2021-04-14T11:24:06","date_gmt":"2021-04-14T08:24:06","guid":{"rendered":"http:\/\/arastirma.disk.org.tr\/?p=5553"},"modified":"2024-04-19T11:40:39","modified_gmt":"2024-04-19T08:40:39","slug":"covid-19-doneminde-isverenlere-verilen-iskur-destekleri-nakdi-ucret-desteginin-2-kati","status":"publish","type":"post","link":"https:\/\/arastirma.disk.org.tr\/?p=5553","title":{"rendered":"Covid-19 d\u00f6neminde i\u015fverenlere verilen \u0130\u015eKUR destekleri nakdi \u00fccret deste\u011finin 2 kat\u0131!"},"content":{"rendered":"<ul>\n<li style=\"text-align: left;\"><strong>Covid-19 d\u00f6neminde i\u015fverenlere 18,3 milyar TL te\u015fvik ve destek verildi.<\/strong><\/li>\n<li style=\"text-align: left;\"><strong>Covid-19 d\u00f6neminde 2,5 milyon i\u015f\u00e7iye 10,2 milyar nakdi \u00fccret deste\u011fi verildi.<\/strong><\/li>\n<li style=\"text-align: left;\"><strong>\u0130\u015fverenlere verilen deste\u011fin 10 milyar\u0131 i\u015f\u00e7ilere \u00f6denseydi nakdi \u00fccret deste\u011fi asgari \u00fccret d\u00fczeyinde olurdu.<\/strong><\/li>\n<li><strong>\u0130\u015fveren te\u015fvikleri olmasayd\u0131 fon varl\u0131\u011f\u0131 91,3 milyar TL de\u011fil, 145 milyar TL olurdu.<\/strong><\/li>\n<\/ul>\n<p>\u0130\u015eKUR Mart 2021 d\u00f6nemine ait \u0130\u015fsizlik Sigortas\u0131 Fonu (\u0130SF) B\u00fclteni\u2019ni 12 Nisan 2021 g\u00fcn\u00fc yay\u0131mlad\u0131. B\u00fcltende yer alan \u00e7arp\u0131c\u0131 verilerden biri pandemi d\u00f6neminde i\u015fverenlere yap\u0131lan te\u015fvik ve desteklerin i\u015f\u00e7ilere yap\u0131lan nakdi \u00fccret deste\u011finin (\u00fccretsiz izin \u00f6dene\u011finin) iki kat\u0131na \u00e7\u0131kmas\u0131 oldu.<\/p>\n<div>\n<p>B\u00fcltende yer alan \u0130\u015fsizlik Sigortas\u0131 Fonu gelir-gider tablosuna g\u00f6re Covid-19 d\u00f6neminde de i\u015fverenlere devasa kaynaklar aktar\u0131lmaya devam edildi. Bilindi\u011fi gibi Covid-19 d\u00f6neminde 17 Nisan 2020\u2019de ba\u015flayan i\u015ften \u00e7\u0131karma yasa\u011f\u0131ndan dolay\u0131 \u00fccretsiz izin uygulamalar\u0131 yayg\u0131nla\u015ft\u0131. Bu d\u00f6nemde \u00fccretsiz izne \u00e7\u0131kar\u0131lan ve k\u0131sa \u00e7al\u0131\u015fma \u00f6dene\u011finden yararlanamayan i\u015f\u00e7iler nakdi \u00fccret deste\u011fine mahk\u00fbm edildi. \u00dccretsiz izne \u00e7\u0131kar\u0131lan i\u015f\u00e7ilere \u201cnakdi \u00fccret deste\u011fi\u201d ad\u0131 alt\u0131nda g\u00fcnde 39 TL (ayl\u0131k 1.168 TL) \u00f6dendi. Nakdi \u00fccret deste\u011fi salg\u0131ndan 9 ay sonra, Ocak 2021&#8217;de g\u00fcnde 47 TL (ayl\u0131k 1.431 TL)&#8217;ye y\u00fckseltildi. Mart 2021 itibar\u0131yla salg\u0131n d\u00f6neminde toplam 2,5 milyon ki\u015fi nakdi \u00fccret deste\u011fi ald\u0131.<\/p>\n<\/div>\n<div>\n<div>\n<h4 align=\"center\"><span lang=\"TR\">Grafik 1: \u0130\u015eKUR\u2019dan \u0130\u015f\u00e7ilere Yap\u0131lan Nakdi \u00dccret Deste\u011fi ile \u0130\u015fverenlere Yap\u0131lan Te\u015fvik ve Destek \u00d6demeleri (Nisan 2020-Mart 2021)<\/span><\/h4>\n<\/div>\n<\/div>\n<div>\n<figure id=\"attachment_5566\" aria-describedby=\"caption-attachment-5566\" style=\"width: 500px\" class=\"wp-caption aligncenter\"><img fetchpriority=\"high\" decoding=\"async\" class=\"wp-image-5566 size-full\" src=\"http:\/\/arastirma.disk.org.tr\/wp-content\/uploads\/2021\/04\/gorsel.jpg\" alt=\"\" width=\"500\" height=\"250\" srcset=\"https:\/\/arastirma.disk.org.tr\/wp-content\/uploads\/2021\/04\/gorsel.jpg 500w, https:\/\/arastirma.disk.org.tr\/wp-content\/uploads\/2021\/04\/gorsel-300x150.jpg 300w\" sizes=\"(max-width: 500px) 100vw, 500px\" \/><figcaption id=\"caption-attachment-5566\" class=\"wp-caption-text\"><em>Kaynak: \u0130\u015eKUR \u0130\u015fsizlik Sigortas\u0131 B\u00fclteni, Mart 2021. D\u0130SK-AR taraf\u0131ndan haz\u0131rlanm\u0131\u015ft\u0131r.<\/em><\/figcaption><\/figure>\n<\/div>\n<div><\/div>\n<div><span lang=\"TR\"><span lang=\"TR\">N<\/span><\/span>isan 2020 ile Mart 2021 d\u00f6nemi aras\u0131nda Covid-19 kapsam\u0131nda \u0130\u015fsizlik Sigortas\u0131 Fonu\u2019ndan i\u015f\u00e7ilere 10,2 milyar TL nakdi \u00fccret deste\u011fi \u00f6demesi yap\u0131ld\u0131. Salg\u0131n d\u00f6neminde i\u015fverenlere yap\u0131lan te\u015fvik ve destekler nakdi \u00fccret deste\u011finin neredeyse 2 kat\u0131na ula\u015ft\u0131. Salg\u0131n d\u00f6neminde i\u015fverenlere yap\u0131lan te\u015fvik \u00f6demelerine 18,2 milyar TL ayr\u0131ld\u0131. 2,5 milyon i\u015f\u00e7iye 10,2 milyar TL nakdi \u00fccret deste\u011fi ayr\u0131l\u0131rken i\u015fverenlere 18,2 milyar TL do\u011frudan te\u015fvik ve destek ayr\u0131lmas\u0131 \u0130\u015fsizlik Sigortas\u0131 Fonu\u2019nun ama\u00e7 d\u0131\u015f\u0131 kullan\u0131m\u0131n yeni bir \u00f6rne\u011fi oldu.<\/div>\n<h4 style=\"text-align: center;\">Grafik 2: \u0130\u015fveren Te\u015fvik ve Destekleri Olmasayd\u0131 Fon Varl\u0131\u011f\u0131 Ka\u00e7 TL Olurdu? (Milyar TL)<\/h4>\n<figure id=\"attachment_5567\" aria-describedby=\"caption-attachment-5567\" style=\"width: 634px\" class=\"wp-caption aligncenter\"><img decoding=\"async\" class=\"wp-image-5567 size-full\" src=\"http:\/\/arastirma.disk.org.tr\/wp-content\/uploads\/2021\/04\/grafik1.png\" alt=\"\" width=\"634\" height=\"426\" srcset=\"https:\/\/arastirma.disk.org.tr\/wp-content\/uploads\/2021\/04\/grafik1.png 634w, https:\/\/arastirma.disk.org.tr\/wp-content\/uploads\/2021\/04\/grafik1-300x202.png 300w\" sizes=\"(max-width: 634px) 100vw, 634px\" \/><figcaption id=\"caption-attachment-5567\" class=\"wp-caption-text\"><em>Kaynak: \u0130\u015eKUR \u0130\u015fsizlik Sigortas\u0131 B\u00fclteni, Mart 2021. D\u0130SK-AR taraf\u0131ndan haz\u0131rlanm\u0131\u015ft\u0131r.<\/em><\/figcaption><\/figure>\n<p>Fon\u2019un toplam varl\u0131\u011f\u0131 Covid-19 d\u00f6nemi \u00f6ncesinde 132 milyar TL\u2019ydi. \u0130\u015fsizlik Sigortas\u0131 Fonu\u2019nun varl\u0131\u011f\u0131 Mart 2021 itibar\u0131yla 91,3 milyar TL\u2019ye d\u00fc\u015ft\u00fc. Covid-19 d\u00f6neminde Fon varl\u0131\u011f\u0131n\u0131n azalmas\u0131ndaki en b\u00fcy\u00fck etken nakdi \u00fccret deste\u011fi ve k\u0131sa \u00e7al\u0131\u015fma \u00f6demeleri olarak g\u00f6r\u00fcnse de i\u015fverenlere yap\u0131lan devasa destekler Fon varl\u0131\u011f\u0131ndaki erimenin as\u0131l nedenidir.<\/p>\n<p>2017 ve 2021 y\u0131llar\u0131 aras\u0131nda \u0130\u015eKUR\u2019dan i\u015fverenlere yap\u0131lan do\u011frudan te\u015fvik ve destekler 52,9 milyar TL\u2019yi buldu. 2017 y\u0131l\u0131ndan beri i\u015fverenlere verilen te\u015fvikler olmasayd\u0131 \u015fu anda \u0130SF varl\u0131\u011f\u0131 144,2 milyar TL olurdu. B\u00f6ylece daha fazla i\u015f\u00e7i daha y\u00fcksek \u00f6denek alabilirdi.<\/p>\n<p>Covid-19 d\u00f6neminde 2,5 milyon i\u015f\u00e7iye verilen 10,2 milyar TL\u2019lik nakdi \u00fccret deste\u011fi ile i\u015fverenlere yap\u0131lan do\u011frudan 18,2 milyar liral\u0131k te\u015fviklerin toplam\u0131 28,5 milyar TL\u2019dir. \u0130\u015f\u00e7iler Covid-19 d\u00f6neminde asgari \u00fccretin yar\u0131s\u0131 civar\u0131nda nakdi \u00fccret deste\u011fine mahk\u00fbm edildi. Oysa i\u015f\u00e7inin paras\u0131 i\u015f\u00e7i i\u00e7in kullan\u0131lsayd\u0131 2,5 milyon i\u015f\u00e7iye en az asgari \u00fccret tutar\u0131nda destek verilebilirdi. Bunun toplam \u00f6demesi 20,4 milyar TL olurdu. Di\u011fer bir ifadeyle i\u015fverenlere ayr\u0131lan kayna\u011f\u0131n 10 milyar TL\u2019si i\u015f\u00e7ilere aktar\u0131lsayd\u0131 nakdi \u00fccret deste\u011fi asgari \u00fccret d\u00fczeyine \u00e7\u0131km\u0131\u015f olurdu.<\/p>\n<p><a href=\"http:\/\/arastirma.disk.org.tr\/wp-content\/uploads\/2021\/04\/ISF-isveren-destekleri-ve-nakdi-ucret-haber-bulteni.pdf\">Haber b\u00fcltenine PDF format\u0131nda ula\u015fmak i\u00e7in t\u0131klay\u0131n\u0131z.<\/a><\/p>\n","protected":false},"excerpt":{"rendered":"<p>Covid-19 d\u00f6neminde i\u015fverenlere 18,3 milyar TL te\u015fvik ve destek verildi. Covid-19 d\u00f6neminde 2,5 milyon i\u015f\u00e7iye 10,2 milyar nakdi \u00fccret deste\u011fi verildi. \u0130\u015fverenlere verilen deste\u011fin 10&#8230;<\/p>\n","protected":false},"author":3,"featured_media":5494,"comment_status":"closed","ping_status":"closed","sticky":false,"template":"template-c-s2-post.php","format":"standard","meta":{"footnotes":""},"categories":[6,278],"tags":[27,33,108,173],"class_list":["post-5553","post","type-post","status-publish","format-standard","has-post-thumbnail","hentry","category-guncel","category-manset","tag-covid-19","tag-isf","tag-iskur","tag-nakdi-ucret-destegi","wpcat-6-id","wpcat-278-id"],"_links":{"self":[{"href":"https:\/\/arastirma.disk.org.tr\/index.php?rest_route=\/wp\/v2\/posts\/5553","targetHints":{"allow":["GET"]}}],"collection":[{"href":"https:\/\/arastirma.disk.org.tr\/index.php?rest_route=\/wp\/v2\/posts"}],"about":[{"href":"https:\/\/arastirma.disk.org.tr\/index.php?rest_route=\/wp\/v2\/types\/post"}],"author":[{"embeddable":true,"href":"https:\/\/arastirma.disk.org.tr\/index.php?rest_route=\/wp\/v2\/users\/3"}],"replies":[{"embeddable":true,"href":"https:\/\/arastirma.disk.org.tr\/index.php?rest_route=%2Fwp%2Fv2%2Fcomments&post=5553"}],"version-history":[{"count":18,"href":"https:\/\/arastirma.disk.org.tr\/index.php?rest_route=\/wp\/v2\/posts\/5553\/revisions"}],"predecessor-version":[{"id":10555,"href":"https:\/\/arastirma.disk.org.tr\/index.php?rest_route=\/wp\/v2\/posts\/5553\/revisions\/10555"}],"wp:featuredmedia":[{"embeddable":true,"href":"https:\/\/arastirma.disk.org.tr\/index.php?rest_route=\/wp\/v2\/media\/5494"}],"wp:attachment":[{"href":"https:\/\/arastirma.disk.org.tr\/index.php?rest_route=%2Fwp%2Fv2%2Fmedia&parent=5553"}],"wp:term":[{"taxonomy":"category","embeddable":true,"href":"https:\/\/arastirma.disk.org.tr\/index.php?rest_route=%2Fwp%2Fv2%2Fcategories&post=5553"},{"taxonomy":"post_tag","embeddable":true,"href":"https:\/\/arastirma.disk.org.tr\/index.php?rest_route=%2Fwp%2Fv2%2Ftags&post=5553"}],"curies":[{"name":"wp","href":"https:\/\/api.w.org\/{rel}","templated":true}]}}