{"id":5603,"date":"2021-04-14T16:43:48","date_gmt":"2021-04-14T13:43:48","guid":{"rendered":"http:\/\/arastirma.disk.org.tr\/?p=5603"},"modified":"2024-04-19T11:40:39","modified_gmt":"2024-04-19T08:40:39","slug":"disk-ar-yayinlari-arsivine-bes-yayin-eklendi","status":"publish","type":"post","link":"https:\/\/arastirma.disk.org.tr\/?p=5603","title":{"rendered":"D\u0130SK-AR yay\u0131nlar\u0131 ar\u015fivine be\u015f yay\u0131n eklendi!"},"content":{"rendered":"<p>D\u0130SK-AR taraf\u0131ndan haz\u0131rlanan ve yay\u0131mlanan yay\u0131nlar\u0131n\u0131n ar\u015fivlenmesi \u00e7al\u0131\u015fmas\u0131 bir s\u00fcredir devam ediyordu. D\u0130SK-AR yay\u0131nlar\u0131 ar\u015fivinden be\u015f kitap dijitalize edildi ve bug\u00fcn yay\u0131mland\u0131. Di\u011fer ar\u015fiv yay\u0131nlar ise peyder pey siteye eklenecek. <a href=\"http:\/\/arastirma.disk.org.tr\/?page_id=1091\">D\u0130SK-AR yay\u0131nlar\u0131 ar\u015fivine eri\u015fmek i\u00e7in t\u0131klay\u0131n\u0131z.<\/a><\/p>\n<p>D\u0130SK-AR yay\u0131nlar\u0131 ar\u015fivine eklenen kitaplar \u015f\u00f6yle:<\/p>\n<figure id=\"attachment_2381\" aria-describedby=\"caption-attachment-2381\" style=\"width: 200px\" class=\"wp-caption aligncenter\"><img fetchpriority=\"high\" decoding=\"async\" class=\"wp-image-2381 size-medium\" src=\"http:\/\/arastirma.disk.org.tr\/wp-content\/uploads\/2020\/08\/ekonomik-durum-1978-200x300.jpeg\" alt=\"\" width=\"200\" height=\"300\" \/><figcaption id=\"caption-attachment-2381\" class=\"wp-caption-text\"><em>Ekonomik Rapor<\/em>, 1978. D\u0130SK Ara\u015ft\u0131rma Enstit\u00fcs\u00fc&#8217;n\u00fcn yay\u0131mlad\u0131\u011f\u0131 ilk rapor.<\/figcaption><\/figure>\n<figure id=\"attachment_5584\" aria-describedby=\"caption-attachment-5584\" style=\"width: 200px\" class=\"wp-caption aligncenter\"><img decoding=\"async\" class=\"wp-image-5584 size-medium\" src=\"http:\/\/arastirma.disk.org.tr\/wp-content\/uploads\/2021\/04\/90lar-Turkiye-Isci-Sinifi-200x300.png\" alt=\"\" width=\"200\" height=\"300\" srcset=\"https:\/\/arastirma.disk.org.tr\/wp-content\/uploads\/2021\/04\/90lar-Turkiye-Isci-Sinifi-200x300.png 200w, https:\/\/arastirma.disk.org.tr\/wp-content\/uploads\/2021\/04\/90lar-Turkiye-Isci-Sinifi.png 681w\" sizes=\"(max-width: 200px) 100vw, 200px\" \/><figcaption id=\"caption-attachment-5584\" class=\"wp-caption-text\"><em>1990&#8217;larda T\u00fcrkiye \u0130\u015f\u00e7i S\u0131n\u0131f\u0131<\/em>, 1992. D\u0130SK-AR taraf\u0131ndan resmi verilerden yararlan\u0131larak T\u00fcrkiye i\u015f\u00e7i s\u0131n\u0131f\u0131n\u0131n \u00e7e\u015fitli boyutlarda portresini \u00e7\u0131karmaya y\u00f6nelik haz\u0131rlanan ara\u015ft\u0131rma kitab\u0131.<\/figcaption><\/figure>\n<figure id=\"attachment_5605\" aria-describedby=\"caption-attachment-5605\" style=\"width: 227px\" class=\"wp-caption aligncenter\"><img decoding=\"async\" class=\"wp-image-5605 size-medium\" src=\"http:\/\/arastirma.disk.org.tr\/wp-content\/uploads\/2021\/04\/sanayi-iscisinin-kimligi-kapak-227x300.png\" alt=\"\" width=\"227\" height=\"300\" srcset=\"https:\/\/arastirma.disk.org.tr\/wp-content\/uploads\/2021\/04\/sanayi-iscisinin-kimligi-kapak-227x300.png 227w, https:\/\/arastirma.disk.org.tr\/wp-content\/uploads\/2021\/04\/sanayi-iscisinin-kimligi-kapak-776x1024.png 776w, https:\/\/arastirma.disk.org.tr\/wp-content\/uploads\/2021\/04\/sanayi-iscisinin-kimligi-kapak-768x1013.png 768w, https:\/\/arastirma.disk.org.tr\/wp-content\/uploads\/2021\/04\/sanayi-iscisinin-kimligi-kapak.png 921w\" sizes=\"(max-width: 227px) 100vw, 227px\" \/><figcaption id=\"caption-attachment-5605\" class=\"wp-caption-text\"><em>Sanayi \u0130\u015f\u00e7isinin Kimli\u011fi<\/em>, 1993. D\u0130SK Ara\u015ft\u0131rma Enstit\u00fcs\u00fc&#8217;n\u00fcn \u0130stanbul&#8217;da 25 ve daha fazla i\u015f\u00e7inin \u00e7al\u0131\u015ft\u0131\u011f\u0131 ve Istanbul Sanayi Odas\u0131&#8217;na kay\u0131tl\u0131 imalat sanayi i\u015fyerlerinde \u00e7al\u0131\u015fan i\u015f\u00e7ilerle Haziran-A\u011fustos 1993&#8217;te ger\u00e7ekle\u015ftirdi\u011fi alan ara\u015ft\u0131rmas\u0131n\u0131n sonu\u00e7lar\u0131.<\/figcaption><\/figure>\n<figure id=\"attachment_5585\" aria-describedby=\"caption-attachment-5585\" style=\"width: 300px\" class=\"wp-caption aligncenter\"><img loading=\"lazy\" decoding=\"async\" class=\"wp-image-5585 size-medium\" src=\"http:\/\/arastirma.disk.org.tr\/wp-content\/uploads\/2021\/04\/2000li-yillarda-isci-sinifinin-durumu-300x255.png\" alt=\"\" width=\"300\" height=\"255\" srcset=\"https:\/\/arastirma.disk.org.tr\/wp-content\/uploads\/2021\/04\/2000li-yillarda-isci-sinifinin-durumu-300x255.png 300w, https:\/\/arastirma.disk.org.tr\/wp-content\/uploads\/2021\/04\/2000li-yillarda-isci-sinifinin-durumu-768x653.png 768w, https:\/\/arastirma.disk.org.tr\/wp-content\/uploads\/2021\/04\/2000li-yillarda-isci-sinifinin-durumu.png 922w\" sizes=\"(max-width: 300px) 100vw, 300px\" \/><figcaption id=\"caption-attachment-5585\" class=\"wp-caption-text\"><em>2000&#8217;li Y\u0131llarda \u0130\u015f\u00e7i S\u0131n\u0131f\u0131n\u0131n Durumu<\/em>, 2003. D\u0130SK-AR taraf\u0131ndan ekonomik ve sosyal geli\u015fmeleri izlemek ve de\u011ferlendirmek amac\u0131yla bir\u00e7ok verinin bir araya getirilmesiyle haz\u0131rlanm\u0131\u015f ara\u015ft\u0131rma kitab\u0131.<\/figcaption><\/figure>\n<figure id=\"attachment_5583\" aria-describedby=\"caption-attachment-5583\" style=\"width: 300px\" class=\"wp-caption aligncenter\"><img loading=\"lazy\" decoding=\"async\" class=\"wp-image-5583 size-medium\" src=\"http:\/\/arastirma.disk.org.tr\/wp-content\/uploads\/2021\/04\/AB-surecinde-isci-sinifinin-durumu-300x254.png\" alt=\"\" width=\"300\" height=\"254\" srcset=\"https:\/\/arastirma.disk.org.tr\/wp-content\/uploads\/2021\/04\/AB-surecinde-isci-sinifinin-durumu-300x254.png 300w, https:\/\/arastirma.disk.org.tr\/wp-content\/uploads\/2021\/04\/AB-surecinde-isci-sinifinin-durumu-768x651.png 768w, https:\/\/arastirma.disk.org.tr\/wp-content\/uploads\/2021\/04\/AB-surecinde-isci-sinifinin-durumu.png 922w\" sizes=\"(max-width: 300px) 100vw, 300px\" \/><figcaption id=\"caption-attachment-5583\" class=\"wp-caption-text\"><em>AB S\u00fcrecinde \u0130\u015f\u00e7i S\u0131n\u0131f\u0131n\u0131n Durumu<\/em>, 2005. D\u0130SK-AR taraf\u0131ndan haz\u0131rlanan, AB \u00fclkeleri ile T\u00fcrkiye&#8217;nin temel ekonomik ve g\u00f6sterlerinin kar\u015f\u0131la\u015ft\u0131r\u0131ld\u0131\u011f\u0131 ara\u015ft\u0131rma kitab\u0131.<\/figcaption><\/figure>\n<p>D\u0130SK-AR ar\u015fiv yay\u0131nlar\u0131n\u0131n dijitalle\u015ftirmesi s\u00fcrecindeki katk\u0131lar\u0131ndan dolay\u0131 Erg\u00fcn \u0130\u015feri&#8217;ye te\u015fekk\u00fcr ediyoruz.<\/p>\n","protected":false},"excerpt":{"rendered":"<p>D\u0130SK-AR taraf\u0131ndan haz\u0131rlanan ve yay\u0131mlanan yay\u0131nlar\u0131n\u0131n ar\u015fivlenmesi \u00e7al\u0131\u015fmas\u0131 bir s\u00fcredir devam ediyordu. D\u0130SK-AR yay\u0131nlar\u0131 ar\u015fivinden be\u015f kitap dijitalize edildi ve bug\u00fcn yay\u0131mland\u0131. Di\u011fer ar\u015fiv yay\u0131nlar&#8230;<\/p>\n","protected":false},"author":3,"featured_media":5616,"comment_status":"closed","ping_status":"closed","sticky":false,"template":"template-c-s2-post.php","format":"standard","meta":{"footnotes":""},"categories":[6,4],"tags":[280,279,175],"class_list":["post-5603","post","type-post","status-publish","format-standard","has-post-thumbnail","hentry","category-guncel","category-yayinlar","tag-arsiv","tag-disk-ar-yayinlari","tag-kitaplar","wpcat-6-id","wpcat-4-id"],"_links":{"self":[{"href":"https:\/\/arastirma.disk.org.tr\/index.php?rest_route=\/wp\/v2\/posts\/5603","targetHints":{"allow":["GET"]}}],"collection":[{"href":"https:\/\/arastirma.disk.org.tr\/index.php?rest_route=\/wp\/v2\/posts"}],"about":[{"href":"https:\/\/arastirma.disk.org.tr\/index.php?rest_route=\/wp\/v2\/types\/post"}],"author":[{"embeddable":true,"href":"https:\/\/arastirma.disk.org.tr\/index.php?rest_route=\/wp\/v2\/users\/3"}],"replies":[{"embeddable":true,"href":"https:\/\/arastirma.disk.org.tr\/index.php?rest_route=%2Fwp%2Fv2%2Fcomments&post=5603"}],"version-history":[{"count":2,"href":"https:\/\/arastirma.disk.org.tr\/index.php?rest_route=\/wp\/v2\/posts\/5603\/revisions"}],"predecessor-version":[{"id":5611,"href":"https:\/\/arastirma.disk.org.tr\/index.php?rest_route=\/wp\/v2\/posts\/5603\/revisions\/5611"}],"wp:featuredmedia":[{"embeddable":true,"href":"https:\/\/arastirma.disk.org.tr\/index.php?rest_route=\/wp\/v2\/media\/5616"}],"wp:attachment":[{"href":"https:\/\/arastirma.disk.org.tr\/index.php?rest_route=%2Fwp%2Fv2%2Fmedia&parent=5603"}],"wp:term":[{"taxonomy":"category","embeddable":true,"href":"https:\/\/arastirma.disk.org.tr\/index.php?rest_route=%2Fwp%2Fv2%2Fcategories&post=5603"},{"taxonomy":"post_tag","embeddable":true,"href":"https:\/\/arastirma.disk.org.tr\/index.php?rest_route=%2Fwp%2Fv2%2Ftags&post=5603"}],"curies":[{"name":"wp","href":"https:\/\/api.w.org\/{rel}","templated":true}]}}