{"id":6049,"date":"2021-05-10T13:35:44","date_gmt":"2021-05-10T10:35:44","guid":{"rendered":"http:\/\/arastirma.disk.org.tr\/?p=6049"},"modified":"2024-04-19T11:40:24","modified_gmt":"2024-04-19T08:40:24","slug":"genis-tanimli-issizlik-orani-yuzde-258-genis-tanimli-issiz-sayisi-92-milyon","status":"publish","type":"post","link":"https:\/\/arastirma.disk.org.tr\/?p=6049","title":{"rendered":"Geni\u015f tan\u0131ml\u0131 i\u015fsizlik oran\u0131 y\u00fczde 25,8, geni\u015f tan\u0131ml\u0131 i\u015fsiz say\u0131s\u0131 9,2 milyon"},"content":{"rendered":"<p style=\"text-align: center;\"><strong>D\u0130SK-AR \u0130\u015fsizlik ve \u0130stihdam\u0131n G\u00f6r\u00fcn\u00fcm\u00fc Mart 2021 Raporu yay\u0131mland\u0131<\/strong><\/p>\n<ul>\n<li><strong>\u0130\u015fsizlikte art\u0131\u015f e\u011filimi s\u00fcr\u00fcyor!<\/strong><\/li>\n<li><strong>Geni\u015f tan\u0131ml\u0131 i\u015fsizlik oran\u0131 y\u00fczde 25,8<\/strong><\/li>\n<li><strong>Geni\u015f tan\u0131ml\u0131 i\u015fsiz say\u0131s\u0131 (\u00e2t\u0131l i\u015fg\u00fcc\u00fc) 9,2 milyon!<\/strong><\/li>\n<li><strong>\u0130stihdamda a\u00e7\u0131klanan art\u0131\u015flar tart\u0131\u015fmal\u0131<\/strong><\/li>\n<\/ul>\n<p><a href=\"http:\/\/arastirma.disk.org.tr\/wp-content\/uploads\/2021\/05\/ISSIZLIK-VE-ISTIHDAMIN-GORUNUMU-MAYIS-2021.pdf\">Rapora eri\u015fmek i\u00e7in buraya t\u0131klay\u0131n\u0131z.<\/a><\/p>\n<p>T\u00fcrkiye \u0130statistik Kurumu (T\u00dc\u0130K) 10 May\u0131s 2021 tarihinde Mart 2021 d\u00f6nemine ait Hanehalk\u0131 \u0130\u015fg\u00fcc\u00fc Ara\u015ft\u0131rmas\u0131 (H\u0130A) sonu\u00e7lar\u0131n\u0131 a\u00e7\u0131klad\u0131. Mart 2021 d\u00f6nemi verileri T\u00dc\u0130K\u2019in yeni metodolojisine dayan\u0131yor.<\/p>\n<p>T\u00dc\u0130K Mart 2021 d\u00f6nemi dar tan\u0131ml\u0131 i\u015fsizlik oran\u0131n\u0131 y\u00fczde 13,1 ve T\u00dc\u0130K\u2019in \u00e2t\u0131l i\u015fg\u00fcc\u00fc olarak, D\u0130SK-AR\u2019\u0131n ise geni\u015f tan\u0131ml\u0131 i\u015fsizlik olarak ifade etti\u011fi oran\u0131 y\u00fczde 25,8 olarak a\u00e7\u0131klad\u0131. T\u00dc\u0130K verilerine g\u00f6re mevsim etkisinden ar\u0131nd\u0131r\u0131lm\u0131\u015f dar tan\u0131ml\u0131 i\u015fsiz say\u0131s\u0131 Mart 2021\u2019de 4 milyon 236 bin olarak ger\u00e7ekle\u015fti. T\u00dc\u0130K verilerinden hareketle yapt\u0131\u011f\u0131m\u0131z hesaplamaya g\u00f6re mevsim etkisinden ar\u0131nd\u0131r\u0131lm\u0131\u015f geni\u015f tan\u0131ml\u0131 i\u015fsiz say\u0131s\u0131 ise 9 milyon 204 bin olarak ger\u00e7ekle\u015fti.<\/p>\n<p>T\u00dc\u0130K\u2019e g\u00f6re istihdamda Mart 2020\u2019den Mart 2021\u2019e 1 milyon 726 bin ki\u015filik art\u0131\u015f ya\u015fand\u0131. Di\u011fer bir ifadeyle 1,7 milyon ki\u015fiye yeni i\u015f yarat\u0131ld\u0131. Ancak bunun salg\u0131n ko\u015fullar\u0131nda nas\u0131l ger\u00e7ekle\u015fti\u011fi ve istihdam\u0131n nas\u0131l olup da salg\u0131n \u00f6ncesi d\u00fczeye yakla\u015ft\u0131\u011f\u0131 belirsiz. T\u00dc\u0130K istihdamda olup i\u015fba\u015f\u0131nda olmayanlar\u0131n say\u0131s\u0131n\u0131 a\u00e7\u0131klamad\u0131\u011f\u0131 i\u00e7in ger\u00e7ekte ka\u00e7 ki\u015finin fiilen \u00e7al\u0131\u015ft\u0131\u011f\u0131, ka\u00e7 ki\u015finin istihdamda g\u00f6r\u00fcnd\u00fc\u011f\u00fc halde \u00e7al\u0131\u015fmad\u0131\u011f\u0131 bilinmiyor. \u00d6te yandan, \u0130\u015eKUR verileri ile T\u00dc\u0130K verileri aras\u0131nda b\u00fcy\u00fck bir uyumsuzluk var. Bir yandan \u00e7al\u0131\u015famay\u0131p \u0130\u015eKUR deste\u011fi alanlar\u0131n say\u0131s\u0131 1 milyon 834 bin artarken \u00f6te yandan istihdam\u0131n 1 milyon 726 bin artmas\u0131 tuhaf ve izaha muhta\u00e7 bir \u00e7eli\u015fki olarak duruyor.<\/p>\n<p>T\u00dc\u0130K\u2019in yeni kullanmaya ba\u015flad\u0131\u011f\u0131 metodolojiye g\u00f6re a\u00e7\u0131klanan ayl\u0131k veriler olduk\u00e7a s\u0131n\u0131rl\u0131 bir kapsama sahip. Ayl\u0131k verilerde daha \u00f6nceki T\u00dc\u0130K metodolojisinde yer alan pek \u00e7ok ayr\u0131nt\u0131 yer alm\u0131yor. \u00d6rne\u011fin istihdam olup \u00e7al\u0131\u015fmayanlar ayl\u0131k verilerde yok. Bu nedenle salg\u0131n d\u00f6neminde istihdamda g\u00f6r\u00fcn\u00fcp i\u015f ba\u015f\u0131nda olmayanlar\u0131n say\u0131lar\u0131 T\u00dc\u0130K verilerinde yer alm\u0131yor. Yine i\u015f aramay\u0131p \u00e7al\u0131\u015fmaya haz\u0131r olanlar\u0131n say\u0131s\u0131, \u00fcmidini kaybeden i\u015fsizlerin say\u0131s\u0131 ve gen\u00e7 i\u015fsizli\u011fe ili\u015fkin ayr\u0131nt\u0131lar T\u00dc\u0130K\u2019in ayl\u0131k verilerinde yer alm\u0131yor. T\u00dc\u0130K ayr\u0131ca \u00fc\u00e7 ayl\u0131k veriler a\u00e7\u0131klayaca\u011f\u0131n\u0131 ve ayr\u0131nt\u0131lar\u0131n burada yer alaca\u011f\u0131n\u0131 a\u00e7\u0131klad\u0131. O nedenle ayl\u0131k veriler detayl\u0131 analiz yapmak i\u00e7in yeterli de\u011fil.<\/p>\n<figure id=\"attachment_6051\" aria-describedby=\"caption-attachment-6051\" style=\"width: 724px\" class=\"wp-caption aligncenter\"><a href=\"http:\/\/arastirma.disk.org.tr\/wp-content\/uploads\/2021\/05\/ISSIZLIK-VE-ISTIHDAMIN-GORUNUMU-MAYIS-2021.pdf\"><img fetchpriority=\"high\" decoding=\"async\" class=\"wp-image-6051 size-large\" src=\"http:\/\/arastirma.disk.org.tr\/wp-content\/uploads\/2021\/05\/kapak-1-724x1024.jpeg\" alt=\"\" width=\"724\" height=\"1024\" srcset=\"https:\/\/arastirma.disk.org.tr\/wp-content\/uploads\/2021\/05\/kapak-1-724x1024.jpeg 724w, https:\/\/arastirma.disk.org.tr\/wp-content\/uploads\/2021\/05\/kapak-1-212x300.jpeg 212w, https:\/\/arastirma.disk.org.tr\/wp-content\/uploads\/2021\/05\/kapak-1-768x1086.jpeg 768w, https:\/\/arastirma.disk.org.tr\/wp-content\/uploads\/2021\/05\/kapak-1-1086x1536.jpeg 1086w, https:\/\/arastirma.disk.org.tr\/wp-content\/uploads\/2021\/05\/kapak-1.jpeg 1131w\" sizes=\"(max-width: 724px) 100vw, 724px\" \/><\/a><figcaption id=\"caption-attachment-6051\" class=\"wp-caption-text\"><em>Rapora eri\u015fmek i\u00e7in kapak g\u00f6rseline t\u0131klay\u0131n\u0131z.<\/em><\/figcaption><\/figure>\n<p>&nbsp;<\/p>\n","protected":false},"excerpt":{"rendered":"<p>D\u0130SK-AR \u0130\u015fsizlik ve \u0130stihdam\u0131n G\u00f6r\u00fcn\u00fcm\u00fc Mart 2021 Raporu yay\u0131mland\u0131 \u0130\u015fsizlikte art\u0131\u015f e\u011filimi s\u00fcr\u00fcyor! Geni\u015f tan\u0131ml\u0131 i\u015fsizlik oran\u0131 y\u00fczde 25,8 Geni\u015f tan\u0131ml\u0131 i\u015fsiz say\u0131s\u0131 (\u00e2t\u0131l i\u015fg\u00fcc\u00fc)&#8230;<\/p>\n","protected":false},"author":3,"featured_media":6052,"comment_status":"closed","ping_status":"closed","sticky":false,"template":"template-c-s2-post.php","format":"standard","meta":{"footnotes":""},"categories":[6,11,278],"tags":[49,10,230,283,39,287],"class_list":["post-6049","post","type-post","status-publish","format-standard","has-post-thumbnail","hentry","category-guncel","category-issizlik","category-manset","tag-genis-tanimli-issizlik","tag-issizlik","tag-issizlik-ve-istihdamin-gorunumu","tag-mart-2021","tag-tuik","tag-tuik-hia","wpcat-6-id","wpcat-11-id","wpcat-278-id"],"_links":{"self":[{"href":"https:\/\/arastirma.disk.org.tr\/index.php?rest_route=\/wp\/v2\/posts\/6049","targetHints":{"allow":["GET"]}}],"collection":[{"href":"https:\/\/arastirma.disk.org.tr\/index.php?rest_route=\/wp\/v2\/posts"}],"about":[{"href":"https:\/\/arastirma.disk.org.tr\/index.php?rest_route=\/wp\/v2\/types\/post"}],"author":[{"embeddable":true,"href":"https:\/\/arastirma.disk.org.tr\/index.php?rest_route=\/wp\/v2\/users\/3"}],"replies":[{"embeddable":true,"href":"https:\/\/arastirma.disk.org.tr\/index.php?rest_route=%2Fwp%2Fv2%2Fcomments&post=6049"}],"version-history":[{"count":2,"href":"https:\/\/arastirma.disk.org.tr\/index.php?rest_route=\/wp\/v2\/posts\/6049\/revisions"}],"predecessor-version":[{"id":6054,"href":"https:\/\/arastirma.disk.org.tr\/index.php?rest_route=\/wp\/v2\/posts\/6049\/revisions\/6054"}],"wp:featuredmedia":[{"embeddable":true,"href":"https:\/\/arastirma.disk.org.tr\/index.php?rest_route=\/wp\/v2\/media\/6052"}],"wp:attachment":[{"href":"https:\/\/arastirma.disk.org.tr\/index.php?rest_route=%2Fwp%2Fv2%2Fmedia&parent=6049"}],"wp:term":[{"taxonomy":"category","embeddable":true,"href":"https:\/\/arastirma.disk.org.tr\/index.php?rest_route=%2Fwp%2Fv2%2Fcategories&post=6049"},{"taxonomy":"post_tag","embeddable":true,"href":"https:\/\/arastirma.disk.org.tr\/index.php?rest_route=%2Fwp%2Fv2%2Ftags&post=6049"}],"curies":[{"name":"wp","href":"https:\/\/api.w.org\/{rel}","templated":true}]}}