{"id":6117,"date":"2021-05-19T11:01:32","date_gmt":"2021-05-19T08:01:32","guid":{"rendered":"http:\/\/arastirma.disk.org.tr\/?p=6117"},"modified":"2024-04-19T11:40:24","modified_gmt":"2024-04-19T08:40:24","slug":"19-mayista-gencler-ne-egitimde-ne-istihdamda","status":"publish","type":"post","link":"https:\/\/arastirma.disk.org.tr\/?p=6117","title":{"rendered":"19 May\u0131s&#8217;ta gen\u00e7ler ne e\u011fitimde ne istihdamda!"},"content":{"rendered":"<ul>\n<li><strong>T\u00fcrkiye OECD \u00fclkeleri i\u00e7inde Ne E\u011fitimde Ne \u0130stihdamdaki gen\u00e7lerin oran\u0131nda 1. s\u0131rada!<\/strong><\/li>\n<li><strong>Kad\u0131nlarda ger\u00e7ek i\u015fsizlik y\u00fczde 35,6!<\/strong><\/li>\n<li><strong>Geni\u015f tan\u0131ml\u0131 i\u015fsiz say\u0131s\u0131 10 milyona dayand\u0131!<\/strong><\/li>\n<\/ul>\n<p>T\u00fcrkiye \u0130statistik Kurumu (T\u00dc\u0130K) 18 May\u0131s 2021 tarihinde 2021 1. \u00e7eyrek d\u00f6nemine ait Hanehalk\u0131 \u0130\u015fg\u00fcc\u00fc Ara\u015ft\u0131rmas\u0131 (H\u0130A) sonu\u00e7lar\u0131n\u0131 a\u00e7\u0131klad\u0131. D\u0130SK-AR \u0130\u015fsizlik ve \u0130stihdam\u0131n G\u00f6r\u00fcn\u00fcm\u00fc 1. \u00c7eyrek B\u00fclteni\u2019nde 19 May\u0131s Atat\u00fcrk\u2019\u00fc Anma ve Gen\u00e7lik ve Spor Bayram\u0131\u2019na \u00f6zel d\u00fcnyada ve T\u00fcrkiye\u2019de gen\u00e7 i\u015fsizli\u011fine yer verdi.<\/p>\n<p>T\u00dc\u0130K 2021 1. \u00e7eyre\u011finde mevsim etkisinden ar\u0131nd\u0131r\u0131lm\u0131\u015f dar tan\u0131ml\u0131 i\u015fsizlik oran\u0131n\u0131 y\u00fczde 12,9, D\u0130SK-AR\u2019\u0131n geni\u015f tan\u0131ml\u0131, T\u00dc\u0130K\u2019in ise at\u0131l i\u015fg\u00fcc\u00fc olarak adland\u0131rd\u0131\u011f\u0131 i\u015fsizlik oran\u0131n\u0131 ise y\u00fczde 27,8 olarak a\u00e7\u0131klad\u0131. Zamana ba\u011fl\u0131 eksik istihdam ile i\u015fsizlerin b\u00fct\u00fcnle\u015fik oran\u0131 y\u00fczde 19,3 ve potansiyel i\u015fg\u00fcc\u00fc ile i\u015fsizlerin b\u00fct\u00fcnle\u015fik oran\u0131 ise y\u00fczde 22,1 olarak ger\u00e7ekle\u015fti.<\/p>\n<p>T\u00dc\u0130K, 2020 1. \u00e7eyrekte 4 milyon 28 bin olan mevsim etkisinden ar\u0131nd\u0131r\u0131lm\u0131\u015f dar tan\u0131ml\u0131 i\u015fsiz say\u0131s\u0131n\u0131 2021 1. \u00e7eyrekte 90 binlik bir art\u0131\u015fla 4 milyon 118 bin olarak a\u00e7\u0131klad\u0131. T\u00dc\u0130K verilerinden yola \u00e7\u0131karak yapt\u0131\u011f\u0131m\u0131z hesaplamaya g\u00f6re ise 2020 1. \u00e7eyrekte 7 milyon 362 bin olan geni\u015f tan\u0131ml\u0131 i\u015fsiz say\u0131s\u0131 2021 1. \u00e7eyrekte 2 milyon 531 bin art\u0131\u015fla 9 milyon 893 bin olarak ger\u00e7ekle\u015fti. T\u00dc\u0130K\u2019in a\u00e7\u0131klad\u0131\u011f\u0131 dar tan\u0131ml\u0131 i\u015fsizlik i\u015ften \u00e7\u0131karma yasa\u011f\u0131 sebebiyle ger\u00e7e\u011fi yans\u0131tmaktan uzakt\u0131r. Ger\u00e7ek i\u015fsizlik 10 milyona dayanm\u0131\u015f durumda.<\/p>\n<p><a href=\"http:\/\/arastirma.disk.org.tr\/wp-content\/uploads\/2021\/05\/DISK-AR-Issizlik-ve-Istihdamin-Gorunumu-2021-1.-Ceyrek-19-Mayisa-Ozel-Genc-Issizligi-Bulteni.pdf\">B\u00fcltene eri\u015fmek i\u00e7in t\u0131klay\u0131n\u0131z.<\/a><\/p>\n<figure id=\"attachment_6119\" aria-describedby=\"caption-attachment-6119\" style=\"width: 1024px\" class=\"wp-caption aligncenter\"><a href=\"http:\/\/arastirma.disk.org.tr\/wp-content\/uploads\/2021\/05\/DISK-AR-Issizlik-ve-Istihdamin-Gorunumu-2021-1.-Ceyrek-19-Mayisa-Ozel-Genc-Issizligi-Bulteni.pdf\"><img fetchpriority=\"high\" decoding=\"async\" class=\"wp-image-6119 size-large\" src=\"http:\/\/arastirma.disk.org.tr\/wp-content\/uploads\/2021\/05\/web-1024x577.jpeg\" alt=\"\" width=\"1024\" height=\"577\" srcset=\"https:\/\/arastirma.disk.org.tr\/wp-content\/uploads\/2021\/05\/web-1024x577.jpeg 1024w, https:\/\/arastirma.disk.org.tr\/wp-content\/uploads\/2021\/05\/web-300x169.jpeg 300w, https:\/\/arastirma.disk.org.tr\/wp-content\/uploads\/2021\/05\/web-768x432.jpeg 768w, https:\/\/arastirma.disk.org.tr\/wp-content\/uploads\/2021\/05\/web-1536x865.jpeg 1536w, https:\/\/arastirma.disk.org.tr\/wp-content\/uploads\/2021\/05\/web.jpeg 1600w\" sizes=\"(max-width: 1024px) 100vw, 1024px\" \/><\/a><figcaption id=\"caption-attachment-6119\" class=\"wp-caption-text\">B\u00fcltene eri\u015fmek i\u00e7in t\u0131klay\u0131n\u0131z<\/figcaption><\/figure>\n","protected":false},"excerpt":{"rendered":"<p>T\u00fcrkiye OECD \u00fclkeleri i\u00e7inde Ne E\u011fitimde Ne \u0130stihdamdaki gen\u00e7lerin oran\u0131nda 1. s\u0131rada! Kad\u0131nlarda ger\u00e7ek i\u015fsizlik y\u00fczde 35,6! Geni\u015f tan\u0131ml\u0131 i\u015fsiz say\u0131s\u0131 10 milyona dayand\u0131! T\u00fcrkiye&#8230;<\/p>\n","protected":false},"author":3,"featured_media":6119,"comment_status":"closed","ping_status":"closed","sticky":false,"template":"template-c-s2-post.php","format":"standard","meta":{"footnotes":""},"categories":[6,11,278],"tags":[294,293,258,230],"class_list":["post-6117","post","type-post","status-publish","format-standard","has-post-thumbnail","hentry","category-guncel","category-issizlik","category-manset","tag-19-mayis","tag-2021-1-ceyrek","tag-genc-issizligi","tag-issizlik-ve-istihdamin-gorunumu","wpcat-6-id","wpcat-11-id","wpcat-278-id"],"_links":{"self":[{"href":"https:\/\/arastirma.disk.org.tr\/index.php?rest_route=\/wp\/v2\/posts\/6117","targetHints":{"allow":["GET"]}}],"collection":[{"href":"https:\/\/arastirma.disk.org.tr\/index.php?rest_route=\/wp\/v2\/posts"}],"about":[{"href":"https:\/\/arastirma.disk.org.tr\/index.php?rest_route=\/wp\/v2\/types\/post"}],"author":[{"embeddable":true,"href":"https:\/\/arastirma.disk.org.tr\/index.php?rest_route=\/wp\/v2\/users\/3"}],"replies":[{"embeddable":true,"href":"https:\/\/arastirma.disk.org.tr\/index.php?rest_route=%2Fwp%2Fv2%2Fcomments&post=6117"}],"version-history":[{"count":3,"href":"https:\/\/arastirma.disk.org.tr\/index.php?rest_route=\/wp\/v2\/posts\/6117\/revisions"}],"predecessor-version":[{"id":6122,"href":"https:\/\/arastirma.disk.org.tr\/index.php?rest_route=\/wp\/v2\/posts\/6117\/revisions\/6122"}],"wp:featuredmedia":[{"embeddable":true,"href":"https:\/\/arastirma.disk.org.tr\/index.php?rest_route=\/wp\/v2\/media\/6119"}],"wp:attachment":[{"href":"https:\/\/arastirma.disk.org.tr\/index.php?rest_route=%2Fwp%2Fv2%2Fmedia&parent=6117"}],"wp:term":[{"taxonomy":"category","embeddable":true,"href":"https:\/\/arastirma.disk.org.tr\/index.php?rest_route=%2Fwp%2Fv2%2Fcategories&post=6117"},{"taxonomy":"post_tag","embeddable":true,"href":"https:\/\/arastirma.disk.org.tr\/index.php?rest_route=%2Fwp%2Fv2%2Ftags&post=6117"}],"curies":[{"name":"wp","href":"https:\/\/api.w.org\/{rel}","templated":true}]}}