{"id":7282,"date":"2021-07-22T10:42:45","date_gmt":"2021-07-22T07:42:45","guid":{"rendered":"http:\/\/arastirma.disk.org.tr\/?p=7282"},"modified":"2024-04-19T11:40:11","modified_gmt":"2024-04-19T08:40:11","slug":"kemal-turkler-alinterine-adanmis-bir-yasam","status":"publish","type":"post","link":"https:\/\/arastirma.disk.org.tr\/?p=7282","title":{"rendered":"Kemal T\u00fcrkler: Al\u0131nterine Adanm\u0131\u015f Bir Ya\u015fam"},"content":{"rendered":"<blockquote><p>D\u0130SK&#8217;in kurucusu, T\u00fcrkiye Maden-\u0130\u015f sendikas\u0131 Genel Ba\u015fkan\u0131 Kemal T\u00fcrkler&#8217;i katledili\u015finin 41. y\u0131l\u0131nda Birle\u015fik Metal-\u0130\u015f sendikas\u0131 taraf\u0131ndan yay\u0131mlanan ve ya\u015fam \u00f6yk\u00fcs\u00fcn\u00fc anlatan D\u0130SK-AR dijital ar\u015fivindeki kitap\u00e7\u0131\u011f\u0131 payla\u015farak sayg\u0131yla an\u0131yoruz.<\/p>\n<p><a href=\"http:\/\/arastirma.disk.org.tr\/wp-content\/uploads\/2021\/07\/KEMAL-TURKLER-ALINTERINE-ADANMIS-BIR-YASAM-EYLUL-1996.pdf\">Kitap\u00e7\u0131\u011f\u0131 okumak i\u00e7in bu linki veya g\u00f6rseli t\u0131klay\u0131n\u0131z.<\/a><\/p><\/blockquote>\n<p><a href=\"http:\/\/arastirma.disk.org.tr\/wp-content\/uploads\/2021\/07\/KEMAL-TURKLER-ALINTERINE-ADANMIS-BIR-YASAM-EYLUL-1996.pdf\"><img fetchpriority=\"high\" decoding=\"async\" class=\"alignnone wp-image-7285 size-large\" src=\"http:\/\/arastirma.disk.org.tr\/wp-content\/uploads\/2021\/07\/Kemal-Turkler-849x1024.png\" alt=\"\" width=\"849\" height=\"1024\" srcset=\"https:\/\/arastirma.disk.org.tr\/wp-content\/uploads\/2021\/07\/Kemal-Turkler-849x1024.png 849w, https:\/\/arastirma.disk.org.tr\/wp-content\/uploads\/2021\/07\/Kemal-Turkler-249x300.png 249w, https:\/\/arastirma.disk.org.tr\/wp-content\/uploads\/2021\/07\/Kemal-Turkler-768x926.png 768w, https:\/\/arastirma.disk.org.tr\/wp-content\/uploads\/2021\/07\/Kemal-Turkler-1274x1536.png 1274w, https:\/\/arastirma.disk.org.tr\/wp-content\/uploads\/2021\/07\/Kemal-Turkler.png 1612w\" sizes=\"(max-width: 849px) 100vw, 849px\" \/><\/a><\/p>\n","protected":false},"excerpt":{"rendered":"<p>D\u0130SK&#8217;in kurucusu, T\u00fcrkiye Maden-\u0130\u015f sendikas\u0131 Genel Ba\u015fkan\u0131 Kemal T\u00fcrkler&#8217;i katledili\u015finin 41. y\u0131l\u0131nda Birle\u015fik Metal-\u0130\u015f sendikas\u0131 taraf\u0131ndan yay\u0131mlanan ve ya\u015fam \u00f6yk\u00fcs\u00fcn\u00fc anlatan D\u0130SK-AR dijital ar\u015fivindeki kitap\u00e7\u0131\u011f\u0131&#8230;<\/p>\n","protected":false},"author":3,"featured_media":7285,"comment_status":"closed","ping_status":"closed","sticky":false,"template":"template-c-s2-post.php","format":"standard","meta":{"footnotes":""},"categories":[6,278],"tags":[320,322,321],"class_list":["post-7282","post","type-post","status-publish","format-standard","has-post-thumbnail","hentry","category-guncel","category-manset","tag-kemal-turkler","tag-maden-is","tag-turkler","wpcat-6-id","wpcat-278-id"],"_links":{"self":[{"href":"https:\/\/arastirma.disk.org.tr\/index.php?rest_route=\/wp\/v2\/posts\/7282","targetHints":{"allow":["GET"]}}],"collection":[{"href":"https:\/\/arastirma.disk.org.tr\/index.php?rest_route=\/wp\/v2\/posts"}],"about":[{"href":"https:\/\/arastirma.disk.org.tr\/index.php?rest_route=\/wp\/v2\/types\/post"}],"author":[{"embeddable":true,"href":"https:\/\/arastirma.disk.org.tr\/index.php?rest_route=\/wp\/v2\/users\/3"}],"replies":[{"embeddable":true,"href":"https:\/\/arastirma.disk.org.tr\/index.php?rest_route=%2Fwp%2Fv2%2Fcomments&post=7282"}],"version-history":[{"count":3,"href":"https:\/\/arastirma.disk.org.tr\/index.php?rest_route=\/wp\/v2\/posts\/7282\/revisions"}],"predecessor-version":[{"id":7287,"href":"https:\/\/arastirma.disk.org.tr\/index.php?rest_route=\/wp\/v2\/posts\/7282\/revisions\/7287"}],"wp:featuredmedia":[{"embeddable":true,"href":"https:\/\/arastirma.disk.org.tr\/index.php?rest_route=\/wp\/v2\/media\/7285"}],"wp:attachment":[{"href":"https:\/\/arastirma.disk.org.tr\/index.php?rest_route=%2Fwp%2Fv2%2Fmedia&parent=7282"}],"wp:term":[{"taxonomy":"category","embeddable":true,"href":"https:\/\/arastirma.disk.org.tr\/index.php?rest_route=%2Fwp%2Fv2%2Fcategories&post=7282"},{"taxonomy":"post_tag","embeddable":true,"href":"https:\/\/arastirma.disk.org.tr\/index.php?rest_route=%2Fwp%2Fv2%2Ftags&post=7282"}],"curies":[{"name":"wp","href":"https:\/\/api.w.org\/{rel}","templated":true}]}}