{"id":7533,"date":"2021-08-05T09:47:41","date_gmt":"2021-08-05T06:47:41","guid":{"rendered":"http:\/\/arastirma.disk.org.tr\/?p=7533"},"modified":"2024-04-19T11:39:59","modified_gmt":"2024-04-19T08:39:59","slug":"dunyada-ve-turkiyede-covid-19un-sosyal-ve-ekonomik-etkileri-icin-ayrilan-kaynaklar-2-arastirmasi-basina-yansimalari-2","status":"publish","type":"post","link":"https:\/\/arastirma.disk.org.tr\/?p=7533","title":{"rendered":"D\u00fcnyada ve T\u00fcrkiye\u2019de Covid-19\u2019un Sosyal ve Ekonomik Etkileri \u0130\u00e7in Ayr\u0131lan Kaynaklar (2) ara\u015ft\u0131rmas\u0131 bas\u0131na yans\u0131malar\u0131-2"},"content":{"rendered":"<p>D\u0130SK-AR taraf\u0131ndan haz\u0131rlanan ve 3 A\u011fustos 2021 tarihinde yay\u0131mlanan &#8220;<a href=\"https:\/\/wp.me\/pbeW9X-1Wx\">D\u00fcnyada ve T\u00fcrkiye\u2019de\u00a0Covid-19\u2019un Sosyal ve Ekonomik Etkileri \u0130\u00e7in Ayr\u0131lan Kaynaklar (2)<\/a>&#8221; isimli ara\u015ft\u0131rma b\u00fclteni 5 A\u011fustos 2021 tarihli yaz\u0131l\u0131 bas\u0131nda yer ald\u0131.<\/p>\n<figure id=\"attachment_7526\" aria-describedby=\"caption-attachment-7526\" style=\"width: 412px\" class=\"wp-caption aligncenter\"><img fetchpriority=\"high\" decoding=\"async\" class=\"wp-image-7526 size-full\" src=\"http:\/\/arastirma.disk.org.tr\/wp-content\/uploads\/2021\/08\/Aydinlik.jpg\" alt=\"\" width=\"412\" height=\"753\" srcset=\"https:\/\/arastirma.disk.org.tr\/wp-content\/uploads\/2021\/08\/Aydinlik.jpg 412w, https:\/\/arastirma.disk.org.tr\/wp-content\/uploads\/2021\/08\/Aydinlik-164x300.jpg 164w\" sizes=\"(max-width: 412px) 100vw, 412px\" \/><figcaption id=\"caption-attachment-7526\" class=\"wp-caption-text\"><em>Ayd\u0131nl\u0131k<\/em>, 5 A\u011fustos 2021.<\/figcaption><\/figure>\n<figure id=\"attachment_7529\" aria-describedby=\"caption-attachment-7529\" style=\"width: 1218px\" class=\"wp-caption aligncenter\"><img decoding=\"async\" class=\"wp-image-7529 size-full\" src=\"http:\/\/arastirma.disk.org.tr\/wp-content\/uploads\/2021\/08\/Cumhuriyet.jpg\" alt=\"\" width=\"1218\" height=\"1056\" srcset=\"https:\/\/arastirma.disk.org.tr\/wp-content\/uploads\/2021\/08\/Cumhuriyet.jpg 1218w, https:\/\/arastirma.disk.org.tr\/wp-content\/uploads\/2021\/08\/Cumhuriyet-300x260.jpg 300w, https:\/\/arastirma.disk.org.tr\/wp-content\/uploads\/2021\/08\/Cumhuriyet-1024x888.jpg 1024w, https:\/\/arastirma.disk.org.tr\/wp-content\/uploads\/2021\/08\/Cumhuriyet-768x666.jpg 768w\" sizes=\"(max-width: 1218px) 100vw, 1218px\" \/><figcaption id=\"caption-attachment-7529\" class=\"wp-caption-text\"><em>Cumhuriyet<\/em>, 5 A\u011fustos 2021.<\/figcaption><\/figure>\n<figure id=\"attachment_7530\" aria-describedby=\"caption-attachment-7530\" style=\"width: 1654px\" class=\"wp-caption aligncenter\"><img decoding=\"async\" class=\"wp-image-7530 size-full\" src=\"http:\/\/arastirma.disk.org.tr\/wp-content\/uploads\/2021\/08\/Sozcu.jpg\" alt=\"\" width=\"1654\" height=\"2107\" srcset=\"https:\/\/arastirma.disk.org.tr\/wp-content\/uploads\/2021\/08\/Sozcu.jpg 1654w, https:\/\/arastirma.disk.org.tr\/wp-content\/uploads\/2021\/08\/Sozcu-236x300.jpg 236w, https:\/\/arastirma.disk.org.tr\/wp-content\/uploads\/2021\/08\/Sozcu-804x1024.jpg 804w, https:\/\/arastirma.disk.org.tr\/wp-content\/uploads\/2021\/08\/Sozcu-768x978.jpg 768w, https:\/\/arastirma.disk.org.tr\/wp-content\/uploads\/2021\/08\/Sozcu-1206x1536.jpg 1206w, https:\/\/arastirma.disk.org.tr\/wp-content\/uploads\/2021\/08\/Sozcu-1608x2048.jpg 1608w\" sizes=\"(max-width: 1654px) 100vw, 1654px\" \/><figcaption id=\"caption-attachment-7530\" class=\"wp-caption-text\"><em>S\u00f6zc\u00fc<\/em>, 5 A\u011fustos 2021.<\/figcaption><\/figure>\n<figure id=\"attachment_7532\" aria-describedby=\"caption-attachment-7532\" style=\"width: 1024px\" class=\"wp-caption aligncenter\"><img loading=\"lazy\" decoding=\"async\" class=\"wp-image-7532 size-large\" src=\"http:\/\/arastirma.disk.org.tr\/wp-content\/uploads\/2021\/08\/Yeni-Yasam-1024x601.jpg\" alt=\"\" width=\"1024\" height=\"601\" srcset=\"https:\/\/arastirma.disk.org.tr\/wp-content\/uploads\/2021\/08\/Yeni-Yasam-1024x601.jpg 1024w, https:\/\/arastirma.disk.org.tr\/wp-content\/uploads\/2021\/08\/Yeni-Yasam-300x176.jpg 300w, https:\/\/arastirma.disk.org.tr\/wp-content\/uploads\/2021\/08\/Yeni-Yasam-768x450.jpg 768w, https:\/\/arastirma.disk.org.tr\/wp-content\/uploads\/2021\/08\/Yeni-Yasam.jpg 1451w\" sizes=\"(max-width: 1024px) 100vw, 1024px\" \/><figcaption id=\"caption-attachment-7532\" class=\"wp-caption-text\"><em>Yeni Ya\u015fam<\/em>, 5 A\u011fustos 2021.<\/figcaption><\/figure>\n<figure id=\"attachment_7527\" aria-describedby=\"caption-attachment-7527\" style=\"width: 559px\" class=\"wp-caption aligncenter\"><img loading=\"lazy\" decoding=\"async\" class=\"wp-image-7527 size-full\" src=\"http:\/\/arastirma.disk.org.tr\/wp-content\/uploads\/2021\/08\/Baskent-Ankara-1.jpg\" alt=\"\" width=\"559\" height=\"845\" srcset=\"https:\/\/arastirma.disk.org.tr\/wp-content\/uploads\/2021\/08\/Baskent-Ankara-1.jpg 559w, https:\/\/arastirma.disk.org.tr\/wp-content\/uploads\/2021\/08\/Baskent-Ankara-1-198x300.jpg 198w\" sizes=\"(max-width: 559px) 100vw, 559px\" \/><figcaption id=\"caption-attachment-7527\" class=\"wp-caption-text\"><em>Ba\u015fkent Ankara<\/em>, 5 A\u011fustos 2021.<\/figcaption><\/figure>\n<figure id=\"attachment_7528\" aria-describedby=\"caption-attachment-7528\" style=\"width: 874px\" class=\"wp-caption aligncenter\"><img loading=\"lazy\" decoding=\"async\" class=\"wp-image-7528 size-large\" src=\"http:\/\/arastirma.disk.org.tr\/wp-content\/uploads\/2021\/08\/Baskent-Ankara-2-874x1024.jpg\" alt=\"\" width=\"874\" height=\"1024\" srcset=\"https:\/\/arastirma.disk.org.tr\/wp-content\/uploads\/2021\/08\/Baskent-Ankara-2-874x1024.jpg 874w, https:\/\/arastirma.disk.org.tr\/wp-content\/uploads\/2021\/08\/Baskent-Ankara-2-256x300.jpg 256w, https:\/\/arastirma.disk.org.tr\/wp-content\/uploads\/2021\/08\/Baskent-Ankara-2-768x900.jpg 768w, https:\/\/arastirma.disk.org.tr\/wp-content\/uploads\/2021\/08\/Baskent-Ankara-2-1311x1536.jpg 1311w, https:\/\/arastirma.disk.org.tr\/wp-content\/uploads\/2021\/08\/Baskent-Ankara-2-1747x2048.jpg 1747w, https:\/\/arastirma.disk.org.tr\/wp-content\/uploads\/2021\/08\/Baskent-Ankara-2.jpg 1750w\" sizes=\"(max-width: 874px) 100vw, 874px\" \/><figcaption id=\"caption-attachment-7528\" class=\"wp-caption-text\"><em>Ba\u015fkent Ankara<\/em>, 5 A\u011fustos 2021.<\/figcaption><\/figure>\n<figure id=\"attachment_7531\" aria-describedby=\"caption-attachment-7531\" style=\"width: 252px\" class=\"wp-caption aligncenter\"><img loading=\"lazy\" decoding=\"async\" class=\"wp-image-7531 size-large\" src=\"http:\/\/arastirma.disk.org.tr\/wp-content\/uploads\/2021\/08\/Yeni-Bakis-Gazetesi-252x1024.jpg\" alt=\"\" width=\"252\" height=\"1024\" srcset=\"https:\/\/arastirma.disk.org.tr\/wp-content\/uploads\/2021\/08\/Yeni-Bakis-Gazetesi-252x1024.jpg 252w, https:\/\/arastirma.disk.org.tr\/wp-content\/uploads\/2021\/08\/Yeni-Bakis-Gazetesi-74x300.jpg 74w\" sizes=\"(max-width: 252px) 100vw, 252px\" \/><figcaption id=\"caption-attachment-7531\" class=\"wp-caption-text\"><em>Yeni Bak\u0131\u015f Gazetesi<\/em>, 5 A\u011fustos 2021.<\/figcaption><\/figure>\n","protected":false},"excerpt":{"rendered":"<p>D\u0130SK-AR taraf\u0131ndan haz\u0131rlanan ve 3 A\u011fustos 2021 tarihinde yay\u0131mlanan &#8220;D\u00fcnyada ve T\u00fcrkiye\u2019de\u00a0Covid-19\u2019un Sosyal ve Ekonomik Etkileri \u0130\u00e7in Ayr\u0131lan Kaynaklar (2)&#8221; isimli ara\u015ft\u0131rma b\u00fclteni 5 A\u011fustos&#8230;<\/p>\n","protected":false},"author":3,"featured_media":4204,"comment_status":"closed","ping_status":"closed","sticky":false,"template":"template-c-s2-post.php","format":"standard","meta":{"footnotes":""},"categories":[5,6],"tags":[32,251,323,252],"class_list":["post-7533","post","type-post","status-publish","format-standard","has-post-thumbnail","hentry","category-basinda","category-guncel","tag-basinda-disk-ar","tag-covid-19-ile-mucadeleye-ayrilan-kaynaklar","tag-dunyada-ve-turkiyede-covid-19un-sosyal-ve-ekonomik-etkileri-icin-ayrilan-kaynaklar-2","tag-imf","wpcat-5-id","wpcat-6-id"],"_links":{"self":[{"href":"https:\/\/arastirma.disk.org.tr\/index.php?rest_route=\/wp\/v2\/posts\/7533","targetHints":{"allow":["GET"]}}],"collection":[{"href":"https:\/\/arastirma.disk.org.tr\/index.php?rest_route=\/wp\/v2\/posts"}],"about":[{"href":"https:\/\/arastirma.disk.org.tr\/index.php?rest_route=\/wp\/v2\/types\/post"}],"author":[{"embeddable":true,"href":"https:\/\/arastirma.disk.org.tr\/index.php?rest_route=\/wp\/v2\/users\/3"}],"replies":[{"embeddable":true,"href":"https:\/\/arastirma.disk.org.tr\/index.php?rest_route=%2Fwp%2Fv2%2Fcomments&post=7533"}],"version-history":[{"count":1,"href":"https:\/\/arastirma.disk.org.tr\/index.php?rest_route=\/wp\/v2\/posts\/7533\/revisions"}],"predecessor-version":[{"id":7534,"href":"https:\/\/arastirma.disk.org.tr\/index.php?rest_route=\/wp\/v2\/posts\/7533\/revisions\/7534"}],"wp:featuredmedia":[{"embeddable":true,"href":"https:\/\/arastirma.disk.org.tr\/index.php?rest_route=\/wp\/v2\/media\/4204"}],"wp:attachment":[{"href":"https:\/\/arastirma.disk.org.tr\/index.php?rest_route=%2Fwp%2Fv2%2Fmedia&parent=7533"}],"wp:term":[{"taxonomy":"category","embeddable":true,"href":"https:\/\/arastirma.disk.org.tr\/index.php?rest_route=%2Fwp%2Fv2%2Fcategories&post=7533"},{"taxonomy":"post_tag","embeddable":true,"href":"https:\/\/arastirma.disk.org.tr\/index.php?rest_route=%2Fwp%2Fv2%2Ftags&post=7533"}],"curies":[{"name":"wp","href":"https:\/\/api.w.org\/{rel}","templated":true}]}}