{"id":7952,"date":"2021-11-10T12:21:43","date_gmt":"2021-11-10T09:21:43","guid":{"rendered":"http:\/\/arastirma.disk.org.tr\/?p=7952"},"modified":"2024-04-19T11:39:44","modified_gmt":"2024-04-19T08:39:44","slug":"issizlik-muammasi","status":"publish","type":"post","link":"https:\/\/arastirma.disk.org.tr\/?p=7952","title":{"rendered":"\u0130\u015fsizlik muammas\u0131!"},"content":{"rendered":"<ul>\n<li>\u0130\u015eKUR\u2019a G\u00f6re Art\u0131yor, T\u00dc\u0130K\u2019e g\u00f6re d\u00fc\u015f\u00fcyor.<\/li>\n<li>D\u0130SK-AR Geni\u015f Tan\u0131ml\u0131 \u0130\u015fsiz Say\u0131s\u0131n\u0131 7,9 Milyon Olarak Hesaplad\u0131!<\/li>\n<li>Geni\u015f Tan\u0131ml\u0131 Kad\u0131n \u0130\u015fsizli\u011fi Y\u00fczde 29,7<\/li>\n<li>T\u00dc\u0130K\u2019in Ayl\u0131k \u0130\u015fg\u00fcc\u00fc Verilerinde Ciddi Dalgalanmalar Var!<\/li>\n<li>T\u00dc\u0130K ve \u0130\u015eKUR\u2019un \u0130\u015fsizlik Verileri Aras\u0131nda U\u00e7urum Var!<\/li>\n<\/ul>\n<p>T\u00dc\u0130K Eyl\u00fcl 2021 Hanehalk\u0131 \u0130\u015fg\u00fcc\u00fc Ara\u015ft\u0131rmas\u0131 (H\u0130A) sonu\u00e7lar\u0131 yay\u0131mland\u0131. <strong>Mevsim etkisinden ar\u0131nd\u0131r\u0131lm\u0131\u015f dar tan\u0131ml\u0131 i\u015fsizlik oran\u0131 y\u00fczde 11,5,<\/strong> <strong>mevsim etkisinden ar\u0131nd\u0131r\u0131lm\u0131\u015f geni\u015f tan\u0131ml\u0131 i\u015fsizlik oran\u0131 (\u00e2t\u0131l i\u015fg\u00fcc\u00fc) ise y\u00fczde 21,9<\/strong> seviyesinde ger\u00e7ekle\u015fti.<\/p>\n<p>T\u00dc\u0130K\u2019e g\u00f6re T\u00fcrkiye genelinde 15 ve daha yukar\u0131 ya\u015ftaki ki\u015filerde <strong>i\u015fsiz say\u0131s\u0131 (mevsim etkisinden ar\u0131nd\u0131r\u0131lm\u0131\u015f) 2021 Eyl\u00fcl <\/strong>ay\u0131nda bir \u00f6nceki aya g\u00f6re<strong> 70 bin ki\u015fi azalarak 3 milyon 794 bin ki\u015fi<\/strong> oldu. D\u0130SK-AR taraf\u0131ndan hesaplamaya g\u00f6re <strong>mevsim etkisinden ar\u0131nd\u0131r\u0131lm\u0131\u015f geni\u015f tan\u0131ml\u0131 i\u015fsiz say\u0131s\u0131<\/strong> ise <strong>Eyl\u00fcl 2021\u2019de 7 milyon 870 bin ki\u015fi<\/strong> olarak ger\u00e7ekle\u015fti.<\/p>\n<p>T\u00dc\u0130K ve \u0130\u015eKUR\u2019un i\u015fsiz say\u0131lar\u0131 aras\u0131nda u\u00e7urum var. \u0130\u015fsiz say\u0131lmak i\u00e7in T\u00dc\u0130K taraf\u0131ndan kullan\u0131lan en \u00f6nemli kriter aktif i\u015f arama kanallar\u0131ndan birini kullanmakt\u0131r. <strong>\u0130\u015eKUR en yayg\u0131n kullan\u0131lan i\u015f arama kanal\u0131d\u0131r. Ancak \u0130\u015eKUR\u2019a kay\u0131tl\u0131 i\u015fsiz say\u0131s\u0131 artarken T\u00dc\u0130K i\u015fsiz say\u0131s\u0131n\u0131 azalm\u0131\u015f olarak a\u00e7\u0131klam\u0131\u015ft\u0131r.\u00a0<\/strong>\u0130\u015eKUR\u2019a g\u00f6re Eyl\u00fcl 2021\u2019de kay\u0131tl\u0131 i\u015fsiz say\u0131s\u0131 bir y\u0131lda 219 ki\u015fi artarken T\u00dc\u0130K\u2019e g\u00f6re 160 bin azalm\u0131\u015ft\u0131r. <strong>\u0130\u015eKUR ve T\u00dc\u0130K verileri aras\u0131ndaki y\u0131ll\u0131k fark 379 bin ki\u015fidir.<\/strong><\/p>\n<div><b>T\u00dc\u0130K\u2019in istihdam verilerinde Temmuz, A\u011fustos ve Eyl\u00fcl 2021 aylar\u0131nda b\u00fcy\u00fck dalgalanmalar ya\u015fand\u0131.\u00a0<\/b>Eyl\u00fcl 2021\u2019de istihdam edilenlerin say\u0131s\u0131 bir \u00f6nceki aya g\u00f6re toplam olarak 426 bin ki\u015fi artt\u0131. \u0130stihdamda tar\u0131m sekt\u00f6r\u00fcnde 21 bin ki\u015fi, sanayi sekt\u00f6r\u00fcnde 218 bin ki\u015fi, in\u015faat sekt\u00f6r\u00fcnde 13 bin ki\u015fi ve hizmet sekt\u00f6r\u00fcnde ise 175 bin ki\u015filik art\u0131\u015f ya\u015fand\u0131.<\/div>\n<div>\n<p><strong>Temmuz 2021\u2019de 160 bin artan istihdam\u0131n A\u011fustos 2021\u2019de 15 bin azalmas\u0131 ve Eyl\u00fcl 2021\u2019de 426 bin artmas\u0131; Temmuz 2021\u2019de 278 bin azalan sanayi istihdam\u0131n\u0131n A\u011fustos 2021\u2019de 221 bin ve Eyl\u00fcl 2021\u2019de 218 bin artmas\u0131; Temmuz 2021\u2019de 480 bin artan hizmetler istihdam\u0131n\u0131n A\u011fustos 2021\u2019de 341 bin ki\u015fi azal\u0131\u015f ya\u015fay\u0131p Eyl\u00fcl 2021\u2019de 175 bin ki\u015fi artmas\u0131 izah\u0131 zor bir dalgalanmad\u0131r.<\/strong><\/p>\n<p><a href=\"http:\/\/arastirma.disk.org.tr\/wp-content\/uploads\/2021\/11\/ISSIZLIK-VE-ISTIHDAMIN-GORUNUMU-KASIM-2021.pdf\">Rapora eri\u015fmek i\u00e7in t\u0131klay\u0131n\u0131z.<\/a><\/p>\n<figure id=\"attachment_7955\" aria-describedby=\"caption-attachment-7955\" style=\"width: 1600px\" class=\"wp-caption aligncenter\"><img fetchpriority=\"high\" decoding=\"async\" class=\"wp-image-7955 size-full\" src=\"http:\/\/arastirma.disk.org.tr\/wp-content\/uploads\/2021\/11\/WhatsApp-Image-2021-11-10-at-12.18.23-2.jpeg\" alt=\"\" width=\"1600\" height=\"1200\" srcset=\"https:\/\/arastirma.disk.org.tr\/wp-content\/uploads\/2021\/11\/WhatsApp-Image-2021-11-10-at-12.18.23-2.jpeg 1600w, https:\/\/arastirma.disk.org.tr\/wp-content\/uploads\/2021\/11\/WhatsApp-Image-2021-11-10-at-12.18.23-2-300x225.jpeg 300w, https:\/\/arastirma.disk.org.tr\/wp-content\/uploads\/2021\/11\/WhatsApp-Image-2021-11-10-at-12.18.23-2-1024x768.jpeg 1024w, https:\/\/arastirma.disk.org.tr\/wp-content\/uploads\/2021\/11\/WhatsApp-Image-2021-11-10-at-12.18.23-2-768x576.jpeg 768w, https:\/\/arastirma.disk.org.tr\/wp-content\/uploads\/2021\/11\/WhatsApp-Image-2021-11-10-at-12.18.23-2-1536x1152.jpeg 1536w, https:\/\/arastirma.disk.org.tr\/wp-content\/uploads\/2021\/11\/WhatsApp-Image-2021-11-10-at-12.18.23-2-480x360.jpeg 480w\" sizes=\"(max-width: 1600px) 100vw, 1600px\" \/><figcaption id=\"caption-attachment-7955\" class=\"wp-caption-text\">Rapora eri\u015fmek i\u00e7in g\u00f6rsele t\u0131klay\u0131n\u0131z.<\/figcaption><\/figure>\n<\/div>\n","protected":false},"excerpt":{"rendered":"<p>\u0130\u015eKUR\u2019a G\u00f6re Art\u0131yor, T\u00dc\u0130K\u2019e g\u00f6re d\u00fc\u015f\u00fcyor. D\u0130SK-AR Geni\u015f Tan\u0131ml\u0131 \u0130\u015fsiz Say\u0131s\u0131n\u0131 7,9 Milyon Olarak Hesaplad\u0131! Geni\u015f Tan\u0131ml\u0131 Kad\u0131n \u0130\u015fsizli\u011fi Y\u00fczde 29,7 T\u00dc\u0130K\u2019in Ayl\u0131k \u0130\u015fg\u00fcc\u00fc Verilerinde&#8230;<\/p>\n","protected":false},"author":3,"featured_media":7955,"comment_status":"closed","ping_status":"closed","sticky":false,"template":"template-c-s2-post.php","format":"standard","meta":{"footnotes":""},"categories":[6,11,278],"tags":[230,335,39,287],"class_list":["post-7952","post","type-post","status-publish","format-standard","has-post-thumbnail","hentry","category-guncel","category-issizlik","category-manset","tag-issizlik-ve-istihdamin-gorunumu","tag-issizlik-ve-istihdamin-gorunumu-kasim-2021","tag-tuik","tag-tuik-hia","wpcat-6-id","wpcat-11-id","wpcat-278-id"],"_links":{"self":[{"href":"https:\/\/arastirma.disk.org.tr\/index.php?rest_route=\/wp\/v2\/posts\/7952","targetHints":{"allow":["GET"]}}],"collection":[{"href":"https:\/\/arastirma.disk.org.tr\/index.php?rest_route=\/wp\/v2\/posts"}],"about":[{"href":"https:\/\/arastirma.disk.org.tr\/index.php?rest_route=\/wp\/v2\/types\/post"}],"author":[{"embeddable":true,"href":"https:\/\/arastirma.disk.org.tr\/index.php?rest_route=\/wp\/v2\/users\/3"}],"replies":[{"embeddable":true,"href":"https:\/\/arastirma.disk.org.tr\/index.php?rest_route=%2Fwp%2Fv2%2Fcomments&post=7952"}],"version-history":[{"count":3,"href":"https:\/\/arastirma.disk.org.tr\/index.php?rest_route=\/wp\/v2\/posts\/7952\/revisions"}],"predecessor-version":[{"id":10534,"href":"https:\/\/arastirma.disk.org.tr\/index.php?rest_route=\/wp\/v2\/posts\/7952\/revisions\/10534"}],"wp:featuredmedia":[{"embeddable":true,"href":"https:\/\/arastirma.disk.org.tr\/index.php?rest_route=\/wp\/v2\/media\/7955"}],"wp:attachment":[{"href":"https:\/\/arastirma.disk.org.tr\/index.php?rest_route=%2Fwp%2Fv2%2Fmedia&parent=7952"}],"wp:term":[{"taxonomy":"category","embeddable":true,"href":"https:\/\/arastirma.disk.org.tr\/index.php?rest_route=%2Fwp%2Fv2%2Fcategories&post=7952"},{"taxonomy":"post_tag","embeddable":true,"href":"https:\/\/arastirma.disk.org.tr\/index.php?rest_route=%2Fwp%2Fv2%2Ftags&post=7952"}],"curies":[{"name":"wp","href":"https:\/\/api.w.org\/{rel}","templated":true}]}}