{"id":8058,"date":"2021-12-10T11:52:43","date_gmt":"2021-12-10T08:52:43","guid":{"rendered":"http:\/\/arastirma.disk.org.tr\/?p=8058"},"modified":"2024-04-19T11:39:43","modified_gmt":"2024-04-19T08:39:43","slug":"genis-tanimli-issiz-sayisi-tirmaniyor","status":"publish","type":"post","link":"https:\/\/arastirma.disk.org.tr\/?p=8058","title":{"rendered":"Geni\u015f tan\u0131ml\u0131 i\u015fsiz say\u0131s\u0131 t\u0131rman\u0131yor!"},"content":{"rendered":"<ul>\n<li>Geni\u015f Tan\u0131ml\u0131 \u0130\u015fsiz Say\u0131s\u0131 8 milyon 281 Bine Y\u00fckseldi!<\/li>\n<li>Ger\u00e7ek \u0130\u015fsizlik Hem Oransal Hem de Say\u0131sal Olarak Artmaya Devam Ediyor!<\/li>\n<li>Geni\u015f Tan\u0131ml\u0131 Kad\u0131n \u0130\u015fsizli\u011fi Y\u00fczde 29,9!<\/li>\n<li>Son 1 Y\u0131lda \u0130\u015fsizlik \u00d6dene\u011fine Ba\u015fvuranlar\u0131n Say\u0131s\u0131 1 Milyon 408 Bine Y\u00fckseldi!<\/li>\n<li>T\u00dc\u0130K ve \u0130\u015eKUR\u2019un \u0130\u015fsizlik Verileri Aras\u0131nda U\u00e7urum Devam Ediyor!<\/li>\n<\/ul>\n<p><a href=\"http:\/\/arastirma.disk.org.tr\/wp-content\/uploads\/2021\/12\/ISSIZLIK-VE-ISTIHDAMIN-GORUNUMU-ARALIK-2021.pdf\">Rapora eri\u015fmek i\u00e7in t\u0131klay\u0131n\u0131z.<\/a><\/p>\n<p>T\u00dc\u0130K Ekim 2021 Hanehalk\u0131 \u0130\u015fg\u00fcc\u00fc Ara\u015ft\u0131rmas\u0131 (H\u0130A) sonu\u00e7lar\u0131 yay\u0131mland\u0131. Mevsim etkisinden ar\u0131nd\u0131r\u0131lm\u0131\u015f dar tan\u0131ml\u0131 i\u015fsizlik oran\u0131 y\u00fczde 11,2, mevsim etkisinden ar\u0131nd\u0131r\u0131lm\u0131\u015f geni\u015f tan\u0131ml\u0131 i\u015fsizlik oran\u0131 (\u00e2t\u0131l i\u015fg\u00fcc\u00fc) ise y\u00fczde 22,8 seviyesinde ger\u00e7ekle\u015fti.<\/p>\n<p>T\u00dc\u0130K\u2019e g\u00f6re T\u00fcrkiye genelinde 15 ve daha yukar\u0131 ya\u015ftaki ki\u015filerde i\u015fsiz say\u0131s\u0131 (mevsim etkisinden ar\u0131nd\u0131r\u0131lm\u0131\u015f) 2021 Ekim ay\u0131nda bir \u00f6nceki aya g\u00f6re 75 bin ki\u015fi azalarak 3 milyon 717 bin ki\u015fi oldu. D\u0130SK-AR taraf\u0131ndan hesaplamaya g\u00f6re mevsim etkisinden ar\u0131nd\u0131r\u0131lm\u0131\u015f geni\u015f tan\u0131ml\u0131 i\u015fsiz say\u0131s\u0131 ise Ekim 2021\u2019de 8 milyon 281 bin ki\u015fi olarak ger\u00e7ekle\u015fti.<\/p>\n<p>\u0130\u015eKUR verilerine g\u00f6re ise i\u015fsizlik \u00f6dene\u011fine son bir y\u0131lda ba\u015fvuranlar\u0131n say\u0131s\u0131 1 milyon 408 bin, i\u015fsizlik \u00f6dene\u011fi ba\u015fvurusu kabul edilenlerin say\u0131s\u0131 ise 567 bin ki\u015fi olarak ge\u00e7ekle\u015fti.<\/p>\n<p>Ancak T\u00dc\u0130K y\u0131ll\u0131k i\u015fsizlik verilerinde bu e\u011filim yer alm\u0131yor. T\u00dc\u0130K\u2019in y\u0131ll\u0131k i\u015fsizlik verilerinin salg\u0131n d\u00f6nemindeki i\u015ften \u00e7\u0131karma yasa\u011f\u0131 nedeniyle kar\u015f\u0131la\u015ft\u0131r\u0131labilir olmad\u0131\u011f\u0131n\u0131 ve y\u0131ll\u0131k kar\u015f\u0131la\u015ft\u0131rmada ciddi metodolojik sorunlar oldu\u011funu d\u00fc\u015f\u00fcn\u00fcyoruz.<\/p>\n<p>\u00d6te yandan i\u015ften \u00e7\u0131karma yasa\u011f\u0131n\u0131n kald\u0131r\u0131ld\u0131\u011f\u0131 Haziran 2021\u2019de 3 milyon 415 bin olan mevsim etkisinden ar\u0131nd\u0131r\u0131lm\u0131\u015f dar tan\u0131ml\u0131 i\u015fsiz say\u0131s\u0131 302 bin ki\u015fi artarak Ekim 2021\u2019de 3 milyon 717 bine y\u00fckselmi\u015f oldu.<\/p>\n<figure id=\"attachment_8060\" aria-describedby=\"caption-attachment-8060\" style=\"width: 795px\" class=\"wp-caption aligncenter\"><a href=\"http:\/\/arastirma.disk.org.tr\/wp-content\/uploads\/2021\/12\/ISSIZLIK-VE-ISTIHDAMIN-GORUNUMU-ARALIK-2021.pdf\"><img fetchpriority=\"high\" decoding=\"async\" class=\"wp-image-8060 size-full\" src=\"http:\/\/arastirma.disk.org.tr\/wp-content\/uploads\/2021\/12\/Ekran-Resmi-2021-12-10-11.38.30.png\" alt=\"\" width=\"795\" height=\"548\" srcset=\"https:\/\/arastirma.disk.org.tr\/wp-content\/uploads\/2021\/12\/Ekran-Resmi-2021-12-10-11.38.30.png 795w, https:\/\/arastirma.disk.org.tr\/wp-content\/uploads\/2021\/12\/Ekran-Resmi-2021-12-10-11.38.30-300x207.png 300w, https:\/\/arastirma.disk.org.tr\/wp-content\/uploads\/2021\/12\/Ekran-Resmi-2021-12-10-11.38.30-768x529.png 768w\" sizes=\"(max-width: 795px) 100vw, 795px\" \/><\/a><figcaption id=\"caption-attachment-8060\" class=\"wp-caption-text\"><em>Rapora eri\u015fmek i\u00e7in g\u00f6rsele t\u0131klay\u0131n\u0131z.<\/em><\/figcaption><\/figure>\n","protected":false},"excerpt":{"rendered":"<p>Geni\u015f Tan\u0131ml\u0131 \u0130\u015fsiz Say\u0131s\u0131 8 milyon 281 Bine Y\u00fckseldi! Ger\u00e7ek \u0130\u015fsizlik Hem Oransal Hem de Say\u0131sal Olarak Artmaya Devam Ediyor! Geni\u015f Tan\u0131ml\u0131 Kad\u0131n \u0130\u015fsizli\u011fi Y\u00fczde&#8230;<\/p>\n","protected":false},"author":3,"featured_media":8060,"comment_status":"closed","ping_status":"closed","sticky":false,"template":"template-c-s2-post.php","format":"standard","meta":{"footnotes":""},"categories":[6,11,278],"tags":[340,108,230,39],"class_list":["post-8058","post","type-post","status-publish","format-standard","has-post-thumbnail","hentry","category-guncel","category-issizlik","category-manset","tag-ekim-2021","tag-iskur","tag-issizlik-ve-istihdamin-gorunumu","tag-tuik","wpcat-6-id","wpcat-11-id","wpcat-278-id"],"_links":{"self":[{"href":"https:\/\/arastirma.disk.org.tr\/index.php?rest_route=\/wp\/v2\/posts\/8058","targetHints":{"allow":["GET"]}}],"collection":[{"href":"https:\/\/arastirma.disk.org.tr\/index.php?rest_route=\/wp\/v2\/posts"}],"about":[{"href":"https:\/\/arastirma.disk.org.tr\/index.php?rest_route=\/wp\/v2\/types\/post"}],"author":[{"embeddable":true,"href":"https:\/\/arastirma.disk.org.tr\/index.php?rest_route=\/wp\/v2\/users\/3"}],"replies":[{"embeddable":true,"href":"https:\/\/arastirma.disk.org.tr\/index.php?rest_route=%2Fwp%2Fv2%2Fcomments&post=8058"}],"version-history":[{"count":4,"href":"https:\/\/arastirma.disk.org.tr\/index.php?rest_route=\/wp\/v2\/posts\/8058\/revisions"}],"predecessor-version":[{"id":8064,"href":"https:\/\/arastirma.disk.org.tr\/index.php?rest_route=\/wp\/v2\/posts\/8058\/revisions\/8064"}],"wp:featuredmedia":[{"embeddable":true,"href":"https:\/\/arastirma.disk.org.tr\/index.php?rest_route=\/wp\/v2\/media\/8060"}],"wp:attachment":[{"href":"https:\/\/arastirma.disk.org.tr\/index.php?rest_route=%2Fwp%2Fv2%2Fmedia&parent=8058"}],"wp:term":[{"taxonomy":"category","embeddable":true,"href":"https:\/\/arastirma.disk.org.tr\/index.php?rest_route=%2Fwp%2Fv2%2Fcategories&post=8058"},{"taxonomy":"post_tag","embeddable":true,"href":"https:\/\/arastirma.disk.org.tr\/index.php?rest_route=%2Fwp%2Fv2%2Ftags&post=8058"}],"curies":[{"name":"wp","href":"https:\/\/api.w.org\/{rel}","templated":true}]}}