{"id":8340,"date":"2022-02-23T09:51:59","date_gmt":"2022-02-23T06:51:59","guid":{"rendered":"http:\/\/arastirma.disk.org.tr\/?p=8340"},"modified":"2024-04-19T11:39:28","modified_gmt":"2024-04-19T08:39:28","slug":"murat-ozveri-anlatilan-senin-hikayendir-disk-tarihi","status":"publish","type":"post","link":"https:\/\/arastirma.disk.org.tr\/?p=8340","title":{"rendered":"Dr. Murat \u00d6zveri- Anlat\u0131lan Senin Hikayendir: D\u0130SK Tarihi"},"content":{"rendered":"<p>Dr. Murat \u00d6zveri 23 \u015eubat 2022 tarihli <em>Evrensel<\/em> gazetesinde yer alan k\u00f6\u015fe yaz\u0131s\u0131nda <a href=\"http:\/\/arastirma.disk.org.tr\/wp-content\/uploads\/2022\/02\/DiSK_TARiHi_C2_WEB.pdf\">D\u0130SK Tarihi 2. Cilt (1975-1980) Dayan\u0131\u015fma Direni\u015f Umut<\/a> adl\u0131 kitab\u0131m\u0131z\u0131 ele ald\u0131.<\/p>\n<p>A\u015fa\u011f\u0131da foto\u011fraf\u0131 yer alan k\u00f6\u015fe yaz\u0131s\u0131n\u0131 <i>Evrensel\u00a0<\/i>gazetesi sitesinde g\u00f6r\u00fcnt\u00fclemek i\u00e7in foto\u011frafa t\u0131klay\u0131n\u0131z.<\/p>\n<p><a href=\"https:\/\/www.evrensel.net\/yazi\/90435\/anlatilan-senin-hikayendir-disk-tarihi\"><img fetchpriority=\"high\" decoding=\"async\" class=\"wp-image-8345 size-full aligncenter\" src=\"http:\/\/arastirma.disk.org.tr\/wp-content\/uploads\/2022\/02\/108781905.jpeg\" alt=\"\" width=\"1750\" height=\"1022\" srcset=\"https:\/\/arastirma.disk.org.tr\/wp-content\/uploads\/2022\/02\/108781905.jpeg 1750w, https:\/\/arastirma.disk.org.tr\/wp-content\/uploads\/2022\/02\/108781905-300x175.jpeg 300w, https:\/\/arastirma.disk.org.tr\/wp-content\/uploads\/2022\/02\/108781905-1024x598.jpeg 1024w, https:\/\/arastirma.disk.org.tr\/wp-content\/uploads\/2022\/02\/108781905-768x449.jpeg 768w, https:\/\/arastirma.disk.org.tr\/wp-content\/uploads\/2022\/02\/108781905-1536x897.jpeg 1536w\" sizes=\"(max-width: 1750px) 100vw, 1750px\" \/><\/a><\/p>\n<p>&nbsp;<\/p>\n","protected":false},"excerpt":{"rendered":"<p>Dr. Murat \u00d6zveri 23 \u015eubat 2022 tarihli Evrensel gazetesinde yer alan k\u00f6\u015fe yaz\u0131s\u0131nda D\u0130SK Tarihi 2. Cilt (1975-1980) Dayan\u0131\u015fma Direni\u015f Umut adl\u0131 kitab\u0131m\u0131z\u0131 ele ald\u0131&#8230;.<\/p>\n","protected":false},"author":3,"featured_media":4204,"comment_status":"closed","ping_status":"closed","sticky":false,"template":"template-c-s2-post.php","format":"standard","meta":{"footnotes":""},"categories":[5,6],"tags":[351],"class_list":["post-8340","post","type-post","status-publish","format-standard","has-post-thumbnail","hentry","category-basinda","category-guncel","tag-disk-tarihi-2-cilt","wpcat-5-id","wpcat-6-id"],"_links":{"self":[{"href":"https:\/\/arastirma.disk.org.tr\/index.php?rest_route=\/wp\/v2\/posts\/8340","targetHints":{"allow":["GET"]}}],"collection":[{"href":"https:\/\/arastirma.disk.org.tr\/index.php?rest_route=\/wp\/v2\/posts"}],"about":[{"href":"https:\/\/arastirma.disk.org.tr\/index.php?rest_route=\/wp\/v2\/types\/post"}],"author":[{"embeddable":true,"href":"https:\/\/arastirma.disk.org.tr\/index.php?rest_route=\/wp\/v2\/users\/3"}],"replies":[{"embeddable":true,"href":"https:\/\/arastirma.disk.org.tr\/index.php?rest_route=%2Fwp%2Fv2%2Fcomments&post=8340"}],"version-history":[{"count":7,"href":"https:\/\/arastirma.disk.org.tr\/index.php?rest_route=\/wp\/v2\/posts\/8340\/revisions"}],"predecessor-version":[{"id":8350,"href":"https:\/\/arastirma.disk.org.tr\/index.php?rest_route=\/wp\/v2\/posts\/8340\/revisions\/8350"}],"wp:featuredmedia":[{"embeddable":true,"href":"https:\/\/arastirma.disk.org.tr\/index.php?rest_route=\/wp\/v2\/media\/4204"}],"wp:attachment":[{"href":"https:\/\/arastirma.disk.org.tr\/index.php?rest_route=%2Fwp%2Fv2%2Fmedia&parent=8340"}],"wp:term":[{"taxonomy":"category","embeddable":true,"href":"https:\/\/arastirma.disk.org.tr\/index.php?rest_route=%2Fwp%2Fv2%2Fcategories&post=8340"},{"taxonomy":"post_tag","embeddable":true,"href":"https:\/\/arastirma.disk.org.tr\/index.php?rest_route=%2Fwp%2Fv2%2Ftags&post=8340"}],"curies":[{"name":"wp","href":"https:\/\/api.w.org\/{rel}","templated":true}]}}