{"id":8351,"date":"2022-03-02T10:08:22","date_gmt":"2022-03-02T07:08:22","guid":{"rendered":"http:\/\/arastirma.disk.org.tr\/?p=8351"},"modified":"2024-04-19T11:39:28","modified_gmt":"2024-04-19T08:39:28","slug":"emar-kadin-emegi-raporu-yayimlandi","status":"publish","type":"post","link":"https:\/\/arastirma.disk.org.tr\/?p=8351","title":{"rendered":"em-ar Kad\u0131n Eme\u011fi Raporu yay\u0131mland\u0131!"},"content":{"rendered":"<p>Genel-\u0130\u015f Emek Ara\u015ft\u0131rma Dairesi (em-ar) taraf\u0131ndan her y\u0131l 8 Mart&#8217;ta haz\u0131rlanan Kad\u0131n Eme\u011fi Raporu 1 Mart 2022&#8217;de yay\u0131mland\u0131. Ya\u015fam\u0131n her alan\u0131nda e\u015fitsizlikle m\u00fccadele etmek zorunda b\u0131rak\u0131lan kad\u0131nlar\u0131n i\u015f ya\u015fam\u0131n\u0131 mercek alt\u0131na ald\u0131\u011f\u0131m\u0131z bu rapor, e\u015fitsizli\u011fin derinli\u011fi ve sonu\u00e7lar\u0131n\u0131 g\u00f6stermesi bak\u0131m\u0131ndan \u00e7arp\u0131c\u0131 veriler i\u00e7ermektedir.<\/p>\n<p><a href=\"https:\/\/www.genel-is.org.tr\/emar-kadin-emegi-raporu,2,47156#.Yh8VcRNBxUN\">Rapora eri\u015fmek i\u00e7in t\u0131klay\u0131n\u0131z.<\/a><\/p>\n<p>Rapordan \u00f6zet bulgular \u015f\u00f6yle:<\/p>\n<ul>\n<li>OECD \u00fclkeleri ortalamas\u0131nda istihdamda cinsiyet a\u00e7\u0131\u011f\u0131 y\u00fczde 14,5; AB \u00fclkeleri ortalamas\u0131nda y\u00fczde 10 iken, T\u00fcrkiye\u2019de y\u00fczde 39,1!<\/li>\n<li>T\u00fcrkiye kad\u0131n i\u015fsizlik oran\u0131n\u0131n en y\u00fcksek oldu\u011fu \u00fclkelerden biri!<\/li>\n<li>Gen\u00e7 kad\u0131n i\u015fsizli\u011fi resmi verilerin 2 kat\u0131!<\/li>\n<li>13,3 milyon kad\u0131n \u00fccretsiz bak\u0131m eme\u011fi verdi\u011fi i\u00e7in \u00e7al\u0131\u015fma hayat\u0131na kat\u0131lam\u0131yor!<\/li>\n<li>Her 10 kad\u0131ndan 3\u2019\u00fc kay\u0131t d\u0131\u015f\u0131 \u00e7al\u0131\u015ft\u0131r\u0131l\u0131yor! 1,2 milyondan fazla kad\u0131n ise hem yar\u0131 zamanl\u0131 hem de kay\u0131t d\u0131\u015f\u0131 \u00e7al\u0131\u015ft\u0131r\u0131l\u0131yor.<\/li>\n<li>Erkekler, kad\u0131nlardan y\u00fczde 27,4 daha fazla kazan\u0131yor.<\/li>\n<li>Her 10 kad\u0131n i\u015f\u00e7iden sadece biri sendikal\u0131: Kad\u0131n i\u015f\u00e7ilerin sendikala\u015fma oran\u0131 y\u00fczde 10 iken, erkeklerin y\u00fczde 15,7\u2019dir.<\/li>\n<li>Kad\u0131nlar\u0131n en \u00e7ok sendikal\u0131 oldu\u011fu i\u015fkolu: \u201cSa\u011fl\u0131k ve Sosyal Hizmetler\u201d<\/li>\n<li>Genel i\u015fler i\u015fkolunda sendikal\u0131 kad\u0131n i\u015f\u00e7i oran\u0131 y\u00fczde 34,5!<\/li>\n<li>Kamu g\u00f6revlileri sendikalar\u0131nda kad\u0131nlar\u0131n sendikala\u015fma oran\u0131 y\u00fczde 56,6\u2019d\u0131r!<\/li>\n<\/ul>\n<figure id=\"attachment_8352\" aria-describedby=\"caption-attachment-8352\" style=\"width: 792px\" class=\"wp-caption aligncenter\"><a href=\"https:\/\/www.genel-is.org.tr\/emar-kadin-emegi-raporu,2,47156#.Yh8VcRNBxUN\"><img fetchpriority=\"high\" decoding=\"async\" class=\"wp-image-8352 size-full\" src=\"http:\/\/arastirma.disk.org.tr\/wp-content\/uploads\/2022\/03\/Ekran-Resmi-2022-03-02-10.02.20.png\" alt=\"\" width=\"792\" height=\"1016\" srcset=\"https:\/\/arastirma.disk.org.tr\/wp-content\/uploads\/2022\/03\/Ekran-Resmi-2022-03-02-10.02.20.png 792w, https:\/\/arastirma.disk.org.tr\/wp-content\/uploads\/2022\/03\/Ekran-Resmi-2022-03-02-10.02.20-234x300.png 234w, https:\/\/arastirma.disk.org.tr\/wp-content\/uploads\/2022\/03\/Ekran-Resmi-2022-03-02-10.02.20-768x985.png 768w\" sizes=\"(max-width: 792px) 100vw, 792px\" \/><\/a><figcaption id=\"caption-attachment-8352\" class=\"wp-caption-text\">Rapora eri\u015fmek i\u00e7in g\u00f6rsele t\u0131klay\u0131n\u0131z.<\/figcaption><\/figure>\n<p>&nbsp;<\/p>\n","protected":false},"excerpt":{"rendered":"<p>Genel-\u0130\u015f Emek Ara\u015ft\u0131rma Dairesi (em-ar) taraf\u0131ndan her y\u0131l 8 Mart&#8217;ta haz\u0131rlanan Kad\u0131n Eme\u011fi Raporu 1 Mart 2022&#8217;de yay\u0131mland\u0131. Ya\u015fam\u0131n her alan\u0131nda e\u015fitsizlikle m\u00fccadele etmek zorunda&#8230;<\/p>\n","protected":false},"author":3,"featured_media":8204,"comment_status":"closed","ping_status":"closed","sticky":false,"template":"template-c-s2-post.php","format":"standard","meta":{"footnotes":""},"categories":[6],"tags":[262,353,346,352],"class_list":["post-8351","post","type-post","status-publish","format-standard","has-post-thumbnail","hentry","category-guncel","tag-8-mart","tag-em-ar","tag-emek-arastirma","tag-kadin-emegi-raporu","wpcat-6-id"],"_links":{"self":[{"href":"https:\/\/arastirma.disk.org.tr\/index.php?rest_route=\/wp\/v2\/posts\/8351","targetHints":{"allow":["GET"]}}],"collection":[{"href":"https:\/\/arastirma.disk.org.tr\/index.php?rest_route=\/wp\/v2\/posts"}],"about":[{"href":"https:\/\/arastirma.disk.org.tr\/index.php?rest_route=\/wp\/v2\/types\/post"}],"author":[{"embeddable":true,"href":"https:\/\/arastirma.disk.org.tr\/index.php?rest_route=\/wp\/v2\/users\/3"}],"replies":[{"embeddable":true,"href":"https:\/\/arastirma.disk.org.tr\/index.php?rest_route=%2Fwp%2Fv2%2Fcomments&post=8351"}],"version-history":[{"count":2,"href":"https:\/\/arastirma.disk.org.tr\/index.php?rest_route=\/wp\/v2\/posts\/8351\/revisions"}],"predecessor-version":[{"id":8354,"href":"https:\/\/arastirma.disk.org.tr\/index.php?rest_route=\/wp\/v2\/posts\/8351\/revisions\/8354"}],"wp:featuredmedia":[{"embeddable":true,"href":"https:\/\/arastirma.disk.org.tr\/index.php?rest_route=\/wp\/v2\/media\/8204"}],"wp:attachment":[{"href":"https:\/\/arastirma.disk.org.tr\/index.php?rest_route=%2Fwp%2Fv2%2Fmedia&parent=8351"}],"wp:term":[{"taxonomy":"category","embeddable":true,"href":"https:\/\/arastirma.disk.org.tr\/index.php?rest_route=%2Fwp%2Fv2%2Fcategories&post=8351"},{"taxonomy":"post_tag","embeddable":true,"href":"https:\/\/arastirma.disk.org.tr\/index.php?rest_route=%2Fwp%2Fv2%2Ftags&post=8351"}],"curies":[{"name":"wp","href":"https:\/\/api.w.org\/{rel}","templated":true}]}}