{"id":8364,"date":"2022-03-10T12:21:39","date_gmt":"2022-03-10T09:21:39","guid":{"rendered":"http:\/\/arastirma.disk.org.tr\/?p=8364"},"modified":"2024-04-19T11:39:28","modified_gmt":"2024-04-19T08:39:28","slug":"genis-tanimli-issiz-sayisi-salgin-oncesine-gore-1-milyon-103-bin-artti","status":"publish","type":"post","link":"https:\/\/arastirma.disk.org.tr\/?p=8364","title":{"rendered":"Geni\u015f tan\u0131ml\u0131 i\u015fsiz say\u0131s\u0131 salg\u0131n \u00f6ncesine g\u00f6re 1 milyon 103 bin artt\u0131!"},"content":{"rendered":"<h2 style=\"text-align: center;\">\u0130\u015fsizlik ve \u0130stihdam\u0131n G\u00f6r\u00fcn\u00fcm\u00fc Raporu (Mart 2022) Yay\u0131mland\u0131!<\/h2>\n<ul>\n<li>Ger\u00e7ek i\u015fsiz say\u0131s\u0131 8,5 milyon!<\/li>\n<li>Geni\u015f tan\u0131ml\u0131 i\u015fsizlik y\u00fczde 22,9!<\/li>\n<li>Geni\u015f tan\u0131ml\u0131 kad\u0131n i\u015fsizli\u011fi y\u00fczde 28,8!<\/li>\n<li>Dar tan\u0131ml\u0131 gen\u00e7 kad\u0131n i\u015fsizli\u011fi y\u00fczde 27,6!<\/li>\n<li>T\u00dc\u0130K ve \u0130\u015eKUR\u2019un i\u015fsizlik verileri aras\u0131ndaki u\u00e7urum devam ediyor!<\/li>\n<\/ul>\n<p><a href=\"http:\/\/arastirma.disk.org.tr\/wp-content\/uploads\/2022\/03\/ISSIZLIK-VE-ISTIHDAMIN-GORUNUMU-MART-2022.pdf\">Rapora ula\u015fmak i\u00e7in buraya t\u0131klay\u0131n\u0131z.<\/a><\/p>\n<p>T\u00dc\u0130K Ocak 2022 Hanehalk\u0131 \u0130\u015fg\u00fcc\u00fc Ara\u015ft\u0131rmas\u0131 (H\u0130A) sonu\u00e7lar\u0131 10 Mart 2022\u2019de yay\u0131mland\u0131. Mevsim etkisinden ar\u0131nd\u0131r\u0131lm\u0131\u015f dar tan\u0131ml\u0131 i\u015fsizlik oran\u0131 y\u00fczde 11,4, mevsim etkisinden ar\u0131nd\u0131r\u0131lm\u0131\u015f geni\u015f tan\u0131ml\u0131 i\u015fsizlik oran\u0131 (\u00e2t\u0131l i\u015fg\u00fcc\u00fc) ise y\u00fczde 22,9 seviyesinde ger\u00e7ekle\u015fti.<\/p>\n<p>T\u00dc\u0130K\u2019e g\u00f6re T\u00fcrkiye genelinde 15 ve daha yukar\u0131 ya\u015ftaki ki\u015filerde i\u015fsiz say\u0131s\u0131 (mevsim etkisinden ar\u0131nd\u0131r\u0131lm\u0131\u015f) 2021 Ocak ay\u0131nda bir \u00f6nceki aya g\u00f6re 21 bin ki\u015fi artarak 3 milyon 859 bin ki\u015fi oldu. D\u0130SK-AR taraf\u0131ndan hesaplamaya g\u00f6re mevsim etkisinden ar\u0131nd\u0131r\u0131lm\u0131\u015f geni\u015f tan\u0131ml\u0131 i\u015fsiz say\u0131s\u0131 ise Ocak 2022\u2019de 8 milyon 459 bin ki\u015fi olarak ger\u00e7ekle\u015fti.<\/p>\n<p>Cinsiyete g\u00f6re i\u015fsizlik oranlar\u0131nda kad\u0131n i\u015fsizli\u011fi t\u00fcm i\u015fsizlik t\u00fcrlerinde en y\u00fcksek kategori olarak g\u00f6r\u00fclmeye devam ediyor. Mevsim etkisinden ar\u0131nd\u0131r\u0131lm\u0131\u015f dar tan\u0131ml\u0131 i\u015fsizlik oran\u0131 erkeklerde y\u00fczde 10,3 iken kad\u0131nlarda y\u00fczde 13,6 oldu. Son 1 y\u0131lda kad\u0131n i\u015fsizli\u011fi 78 bin artarken, erkek i\u015fsizli\u011fi 239 bin azald\u0131. Geni\u015f tan\u0131ml\u0131 i\u015fsizlik (\u00e2t\u0131l i\u015fg\u00fcc\u00fc) ise erkeklerde y\u00fczde 19,7, kad\u0131nlarda y\u00fczde 28,8\u2019dir. Geni\u015f tan\u0131ml\u0131 kad\u0131n i\u015fsizli\u011fi ile geni\u015f tan\u0131ml\u0131 erkek i\u015fsizli\u011fi aras\u0131ndaki fark 9,1 puand\u0131r.<\/p>\n<p>\u0130\u015eKUR verilerine g\u00f6re kay\u0131tl\u0131 i\u015fsiz say\u0131s\u0131 Ocak 2021 ve Ocak 2022 aras\u0131 bir y\u0131ll\u0131k d\u00f6nemde 209 bin ki\u015fi artt\u0131. T\u00dc\u0130K\u2019e g\u00f6re ise son bir y\u0131lda dar tan\u0131ml\u0131 i\u015fsiz say\u0131s\u0131 bu d\u00f6nemler aras\u0131 162 bin azald\u0131. B\u00f6ylece iki veri aras\u0131ndaki i\u015fsizlik say\u0131s\u0131 fark\u0131 435 bin oldu. \u0130\u015eKUR\u2019daki i\u015fsiz say\u0131s\u0131 art\u0131\u015f\u0131n\u0131n ise 209 binlik b\u00fcy\u00fck k\u0131sm\u0131 kad\u0131nlardan olu\u015fuyor.<\/p>\n<p>Ancak T\u00dc\u0130K y\u0131ll\u0131k i\u015fsizlik verilerinde bu e\u011filim yer alm\u0131yor. T\u00dc\u0130K\u2019in y\u0131ll\u0131k i\u015fsizlik verilerinin salg\u0131n d\u00f6nemindeki i\u015ften \u00e7\u0131karma yasa\u011f\u0131 nedeniyle kar\u015f\u0131la\u015ft\u0131r\u0131labilir olmad\u0131\u011f\u0131n\u0131 ve y\u0131ll\u0131k kar\u015f\u0131la\u015ft\u0131rmada ciddi sorunlar oldu\u011funu d\u00fc\u015f\u00fcn\u00fcyoruz.<\/p>\n<p>Rapordan \u00f6zet bulgular \u015f\u00f6yle:<\/p>\n<ul>\n<li>T\u00dc\u0130K ve \u0130\u015eKUR verileri aras\u0131nda ciddi fark var!<\/li>\n<li>Kad\u0131n i\u015fsizli\u011finde art\u0131\u015f!<\/li>\n<li>Geni\u015f tan\u0131ml\u0131 kad\u0131n i\u015fsizli\u011fi i\u015fsizlik t\u00fcrleri aras\u0131nda en y\u00fcksek kategori oldu!<\/li>\n<li>Geni\u015f tan\u0131ml\u0131 ve dar tan\u0131ml\u0131 i\u015fsizlik aras\u0131ndaki fark 11,5 puan!<\/li>\n<\/ul>\n<figure id=\"attachment_8369\" aria-describedby=\"caption-attachment-8369\" style=\"width: 1024px\" class=\"wp-caption aligncenter\"><a href=\"http:\/\/arastirma.disk.org.tr\/wp-content\/uploads\/2022\/03\/ISSIZLIK-VE-ISTIHDAMIN-GORUNUMU-MART-2022.pdf\"><img fetchpriority=\"high\" decoding=\"async\" class=\"wp-image-8369 size-large\" src=\"http:\/\/arastirma.disk.org.tr\/wp-content\/uploads\/2022\/03\/one-cikan-MART-2022-1024x768.jpg\" alt=\"\" width=\"1024\" height=\"768\" srcset=\"https:\/\/arastirma.disk.org.tr\/wp-content\/uploads\/2022\/03\/one-cikan-MART-2022-1024x768.jpg 1024w, https:\/\/arastirma.disk.org.tr\/wp-content\/uploads\/2022\/03\/one-cikan-MART-2022-300x225.jpg 300w, https:\/\/arastirma.disk.org.tr\/wp-content\/uploads\/2022\/03\/one-cikan-MART-2022-768x576.jpg 768w, https:\/\/arastirma.disk.org.tr\/wp-content\/uploads\/2022\/03\/one-cikan-MART-2022-1536x1152.jpg 1536w, https:\/\/arastirma.disk.org.tr\/wp-content\/uploads\/2022\/03\/one-cikan-MART-2022-480x360.jpg 480w, https:\/\/arastirma.disk.org.tr\/wp-content\/uploads\/2022\/03\/one-cikan-MART-2022.jpg 1600w\" sizes=\"(max-width: 1024px) 100vw, 1024px\" \/><\/a><figcaption id=\"caption-attachment-8369\" class=\"wp-caption-text\"><em>Rapora eri\u015fmek i\u00e7in t\u0131klay\u0131n\u0131z.<\/em><\/figcaption><\/figure>\n","protected":false},"excerpt":{"rendered":"<p>\u0130\u015fsizlik ve \u0130stihdam\u0131n G\u00f6r\u00fcn\u00fcm\u00fc Raporu (Mart 2022) Yay\u0131mland\u0131! Ger\u00e7ek i\u015fsiz say\u0131s\u0131 8,5 milyon! Geni\u015f tan\u0131ml\u0131 i\u015fsizlik y\u00fczde 22,9! Geni\u015f tan\u0131ml\u0131 kad\u0131n i\u015fsizli\u011fi y\u00fczde 28,8! Dar&#8230;<\/p>\n","protected":false},"author":3,"featured_media":8369,"comment_status":"closed","ping_status":"closed","sticky":false,"template":"template-c-s2-post.php","format":"standard","meta":{"footnotes":""},"categories":[6,11],"tags":[108,10,354,39,287],"class_list":["post-8364","post","type-post","status-publish","format-standard","has-post-thumbnail","hentry","category-guncel","category-issizlik","tag-iskur","tag-issizlik","tag-issizlik-ve-istihdamin-gorunumu-mart-2022","tag-tuik","tag-tuik-hia","wpcat-6-id","wpcat-11-id"],"_links":{"self":[{"href":"https:\/\/arastirma.disk.org.tr\/index.php?rest_route=\/wp\/v2\/posts\/8364","targetHints":{"allow":["GET"]}}],"collection":[{"href":"https:\/\/arastirma.disk.org.tr\/index.php?rest_route=\/wp\/v2\/posts"}],"about":[{"href":"https:\/\/arastirma.disk.org.tr\/index.php?rest_route=\/wp\/v2\/types\/post"}],"author":[{"embeddable":true,"href":"https:\/\/arastirma.disk.org.tr\/index.php?rest_route=\/wp\/v2\/users\/3"}],"replies":[{"embeddable":true,"href":"https:\/\/arastirma.disk.org.tr\/index.php?rest_route=%2Fwp%2Fv2%2Fcomments&post=8364"}],"version-history":[{"count":5,"href":"https:\/\/arastirma.disk.org.tr\/index.php?rest_route=\/wp\/v2\/posts\/8364\/revisions"}],"predecessor-version":[{"id":8371,"href":"https:\/\/arastirma.disk.org.tr\/index.php?rest_route=\/wp\/v2\/posts\/8364\/revisions\/8371"}],"wp:featuredmedia":[{"embeddable":true,"href":"https:\/\/arastirma.disk.org.tr\/index.php?rest_route=\/wp\/v2\/media\/8369"}],"wp:attachment":[{"href":"https:\/\/arastirma.disk.org.tr\/index.php?rest_route=%2Fwp%2Fv2%2Fmedia&parent=8364"}],"wp:term":[{"taxonomy":"category","embeddable":true,"href":"https:\/\/arastirma.disk.org.tr\/index.php?rest_route=%2Fwp%2Fv2%2Fcategories&post=8364"},{"taxonomy":"post_tag","embeddable":true,"href":"https:\/\/arastirma.disk.org.tr\/index.php?rest_route=%2Fwp%2Fv2%2Ftags&post=8364"}],"curies":[{"name":"wp","href":"https:\/\/api.w.org\/{rel}","templated":true}]}}