{"id":8478,"date":"2022-04-05T13:50:27","date_gmt":"2022-04-05T10:50:27","guid":{"rendered":"http:\/\/arastirma.disk.org.tr\/?p=8478"},"modified":"2024-04-19T11:39:27","modified_gmt":"2024-04-19T08:39:27","slug":"tuik-ev-islerini-kadinlar-yapiyor-diyemedi","status":"publish","type":"post","link":"https:\/\/arastirma.disk.org.tr\/?p=8478","title":{"rendered":"T\u00dc\u0130K &#8220;ev i\u015flerini kad\u0131nlar yap\u0131yor&#8221; diyemedi"},"content":{"rendered":"<p><strong>Hane i\u00e7i i\u015fler y\u00fczde 90 civar\u0131nda kad\u0131nlar taraf\u0131ndan yap\u0131l\u0131rken T\u00dc\u0130K T\u00fcrkiye Aile Yap\u0131s\u0131 Ara\u015ft\u0131rmas\u0131nda &#8220;ev i\u015fleri genellikle bir hanehalk\u0131 ferdi taraf\u0131ndan yap\u0131ld\u0131&#8221; ba\u015fl\u0131\u011f\u0131n\u0131 kullanmay\u0131 tercih etti.<\/strong><\/p>\n<p><strong>Hane i\u00e7i \u00fccretsiz i\u015fler kad\u0131nlar\u0131n taraf\u0131ndan yap\u0131l\u0131yor! <\/strong><\/p>\n<p>T\u00dc\u0130K, T\u00fcrkiye Aile Yap\u0131s\u0131 Ara\u015ft\u0131rmas\u0131n\u0131 1 Nisan 2022&#8217;de yay\u0131mlad\u0131. Hanelerde kad\u0131nlar\u0131n <strong>\u00fccretsiz emekte cinsiyete dayal\u0131 ayr\u0131mc\u0131l\u0131k ve e\u015fitsizli\u011fin<\/strong> vahim boyutlarda oldu\u011funu g\u00f6steren haber b\u00fclteninin ba\u015fl\u0131\u011f\u0131nda T\u00dc\u0130K cinsiyet k\u00f6r\u00fc bir yakla\u015f\u0131mla<strong>\u00a0&#8220;Ev i\u015flerinin genellikle bir hanehalk\u0131 ferdi taraf\u0131ndan yap\u0131ld\u0131&#8221; <\/strong>gibi tuhaf bir ba\u015fl\u0131k kulland\u0131.\u00a0Oysa kullan\u0131lmas\u0131 ve \u00f6ne \u00e7\u0131kar\u0131lmas\u0131 gereken ba\u015fl\u0131k hane i\u00e7i i\u015flerin as\u0131l olarak kad\u0131nlar taraf\u0131ndan yap\u0131ld\u0131\u011f\u0131 olmal\u0131yd\u0131.<\/p>\n<p>Hane i\u00e7i \u00fccretsiz eme\u011fini g\u00f6zler \u00f6n\u00fcne seren \u00e7al\u0131\u015fmada \u00e7ocuk bak\u0131m\u0131n\u0131n y\u00fczde 94,4\u2019\u00fc, \u00e7ama\u015f\u0131r ve bula\u015f\u0131k y\u0131kama i\u015finin y\u00fczde 85,6\u2019s\u0131, yemek yapma ve temizlik i\u015finin y\u00fczde 85,4\u2019\u00fc kad\u0131nlar taraf\u0131ndan yap\u0131ld\u0131\u011f\u0131 g\u00f6r\u00fclmektedir. Ara\u015ft\u0131rma, hanelerde i\u015flerin geleneksel aile modeline dayal\u0131 olarak i\u015fledi\u011fini, evin badana\/boyas\u0131n\u0131n,\u00a0tamir ve evin bak\u0131m i\u015flerinin erkekler taraf\u0131ndan\u00a0y\u00fcr\u00fct\u00fcld\u00fc\u011f\u00fcn\u00fc\u00a0g\u00f6steriyor.<\/p>\n<p>T\u00dc\u0130K ise ara\u015ft\u0131rma sonu\u00e7lar\u0131n\u0131 &#8220;Ev i\u015fleri genellikle bir hanehalk\u0131 ferdi taraf\u0131ndan yap\u0131ld\u0131&#8221; ifadesi ile kamuoyuna a\u00e7\u0131kl\u0131yor.<\/p>\n<p><strong>T\u00dc\u0130K&#8217;e soruyoruz: neden kad\u0131n de\u011fil de &#8220;bir hanehalk\u0131 ferdi&#8221; demeyi tercih ediyorsunuz?<\/strong><\/p>\n<p><strong>Ara\u015ft\u0131rma sonu\u00e7lar\u0131 ev i\u015flerinin \u00e7ok b\u00fcy\u00fck bir b\u00f6l\u00fcm\u00fcn\u00fcn kad\u0131nlar taraf\u0131ndan yap\u0131ld\u0131\u011f\u0131n\u0131 a\u00e7\u0131k\u00e7a g\u00f6steriyor. Toplumsal cinsiyet e\u015fitsizli\u011finin hane i\u00e7inde yeniden \u00fcretildi\u011fini g\u00f6steren bu \u00e7al\u0131\u015fmada T\u00dc\u0130K taraf\u0131ndan kullan\u0131lan dil toplumsal\u00a0cinsiyet yanl\u0131l\u0131\u011f\u0131n\u0131n tezah\u00fcr\u00fcd\u00fcr. <\/strong>Oysa ki \u00e7al\u0131\u015fma T\u00fcrkiye&#8217;de hanede \u00fccretsiz kad\u0131n eme\u011finin vahim boyutlarda oldu\u011funu g\u00f6stermektedir.<\/p>\n<p>Bizce grafikte a\u00e7\u0131k\u00e7a g\u00f6r\u00fclen ger\u00e7ek kar\u015f\u0131s\u0131nda bu ara\u015ft\u0131rmaya \u015f\u00f6yle bir ba\u015fl\u0131k koymal\u0131:<\/p>\n<p><strong>&#8220;Ev i\u015fleri esas olarak kad\u0131nlar taraf\u0131ndan yap\u0131l\u0131yor&#8221;<\/strong><\/p>\n<p>&nbsp;<\/p>\n<figure id=\"attachment_8482\" aria-describedby=\"caption-attachment-8482\" style=\"width: 791px\" class=\"wp-caption aligncenter\"><a href=\"https:\/\/data.tuik.gov.tr\/Bulten\/Index?p=Turkiye-Aile-Yapisi-Arastirmasi-2021-45813&amp;dil=1\"><img fetchpriority=\"high\" decoding=\"async\" class=\"wp-image-8482 size-full\" src=\"http:\/\/arastirma.disk.org.tr\/wp-content\/uploads\/2022\/04\/Ekran-Resmi-2022-04-04-11.05.39.png\" alt=\"\" width=\"791\" height=\"755\" srcset=\"https:\/\/arastirma.disk.org.tr\/wp-content\/uploads\/2022\/04\/Ekran-Resmi-2022-04-04-11.05.39.png 791w, https:\/\/arastirma.disk.org.tr\/wp-content\/uploads\/2022\/04\/Ekran-Resmi-2022-04-04-11.05.39-300x286.png 300w, https:\/\/arastirma.disk.org.tr\/wp-content\/uploads\/2022\/04\/Ekran-Resmi-2022-04-04-11.05.39-768x733.png 768w\" sizes=\"(max-width: 791px) 100vw, 791px\" \/><\/a><figcaption id=\"caption-attachment-8482\" class=\"wp-caption-text\"><a href=\"https:\/\/data.tuik.gov.tr\/Bulten\/Index?p=Turkiye-Aile-Yapisi-Arastirmasi-2021-45813&amp;dil=1\"><em>T\u00fcrkiye Aile Yap\u0131s\u0131 Ara\u015ft\u0131rmas\u0131na ula\u015fmak i\u00e7in t\u0131klay\u0131n\u0131z<\/em><\/a><\/figcaption><\/figure>\n<p>&nbsp;<\/p>\n<p>&nbsp;<\/p>\n","protected":false},"excerpt":{"rendered":"<p>Hane i\u00e7i i\u015fler y\u00fczde 90 civar\u0131nda kad\u0131nlar taraf\u0131ndan yap\u0131l\u0131rken T\u00dc\u0130K T\u00fcrkiye Aile Yap\u0131s\u0131 Ara\u015ft\u0131rmas\u0131nda &#8220;ev i\u015fleri genellikle bir hanehalk\u0131 ferdi taraf\u0131ndan yap\u0131ld\u0131&#8221; ba\u015fl\u0131\u011f\u0131n\u0131 kullanmay\u0131 tercih&#8230;<\/p>\n","protected":false},"author":3,"featured_media":4215,"comment_status":"closed","ping_status":"closed","sticky":false,"template":"template-c-s2-post.php","format":"standard","meta":{"footnotes":""},"categories":[6],"tags":[357,190,39],"class_list":["post-8478","post","type-post","status-publish","format-standard","has-post-thumbnail","hentry","category-guncel","tag-aile-arastirmasi","tag-toplumsal-cinsiyet-esitsizligi","tag-tuik","wpcat-6-id"],"_links":{"self":[{"href":"https:\/\/arastirma.disk.org.tr\/index.php?rest_route=\/wp\/v2\/posts\/8478","targetHints":{"allow":["GET"]}}],"collection":[{"href":"https:\/\/arastirma.disk.org.tr\/index.php?rest_route=\/wp\/v2\/posts"}],"about":[{"href":"https:\/\/arastirma.disk.org.tr\/index.php?rest_route=\/wp\/v2\/types\/post"}],"author":[{"embeddable":true,"href":"https:\/\/arastirma.disk.org.tr\/index.php?rest_route=\/wp\/v2\/users\/3"}],"replies":[{"embeddable":true,"href":"https:\/\/arastirma.disk.org.tr\/index.php?rest_route=%2Fwp%2Fv2%2Fcomments&post=8478"}],"version-history":[{"count":20,"href":"https:\/\/arastirma.disk.org.tr\/index.php?rest_route=\/wp\/v2\/posts\/8478\/revisions"}],"predecessor-version":[{"id":8499,"href":"https:\/\/arastirma.disk.org.tr\/index.php?rest_route=\/wp\/v2\/posts\/8478\/revisions\/8499"}],"wp:featuredmedia":[{"embeddable":true,"href":"https:\/\/arastirma.disk.org.tr\/index.php?rest_route=\/wp\/v2\/media\/4215"}],"wp:attachment":[{"href":"https:\/\/arastirma.disk.org.tr\/index.php?rest_route=%2Fwp%2Fv2%2Fmedia&parent=8478"}],"wp:term":[{"taxonomy":"category","embeddable":true,"href":"https:\/\/arastirma.disk.org.tr\/index.php?rest_route=%2Fwp%2Fv2%2Fcategories&post=8478"},{"taxonomy":"post_tag","embeddable":true,"href":"https:\/\/arastirma.disk.org.tr\/index.php?rest_route=%2Fwp%2Fv2%2Ftags&post=8478"}],"curies":[{"name":"wp","href":"https:\/\/api.w.org\/{rel}","templated":true}]}}