{"id":8521,"date":"2022-04-05T11:06:50","date_gmt":"2022-04-05T08:06:50","guid":{"rendered":"http:\/\/arastirma.disk.org.tr\/?p=8521"},"modified":"2024-04-19T11:39:27","modified_gmt":"2024-04-19T08:39:27","slug":"calisma-ve-toplum-dergisinin-73-sayisi-yayimlandi","status":"publish","type":"post","link":"https:\/\/arastirma.disk.org.tr\/?p=8521","title":{"rendered":"\u00c7al\u0131\u015fma ve Toplum dergisinin 73. say\u0131s\u0131 yay\u0131mland\u0131!"},"content":{"rendered":"<p>D\u0130SK Birle\u015fik Metal-\u0130\u015f taraf\u0131ndan \u00e7\u0131kar\u0131lan \u00fc\u00e7 ayl\u0131k bilimsel hakemli bir dergi olan \u00a0<em><strong>\u00c7al\u0131\u015fma ve Toplum<\/strong><\/em>\u2018un 73. say\u0131s\u0131 yay\u0131mlad\u0131.\u00a0Yay\u0131n y\u00f6netmenli\u011fini Dr. Murat \u00d6zveri\u2019nin y\u00fcr\u00fctt\u00fc\u011f\u00fc\u00a0<em><strong>\u00c7al\u0131\u015fma ve Toplum<\/strong><\/em> 2004 y\u0131l\u0131ndan bu yana d\u00fczenli olarak yay\u0131mlan\u0131yor.<\/p>\n<p><a href=\"https:\/\/www.calismatoplum.org\/calisma-toplum-arsivi\/1195\">Derginin 73. say\u0131s\u0131na eri\u015fmek i\u00e7in t\u0131klay\u0131n\u0131z.<\/a><\/p>\n<p><em>\u00c7al\u0131\u015fma ve Toplum<\/em>&#8216;un 73. say\u0131s\u0131nda yer alan makale ve yaz\u0131lar \u015f\u00f6yle:<\/p>\n<ul>\n<li>Tuncay Bilen- <a title=\"Ankara Anla\u015fmas\u0131: T\u00fcrkiye\u2019den Birle\u015fik Krall\u0131k\u2019a Yeni Bir Politik G\u00f6\u00e7 Ak\u0131n\u0131 M\u0131?\" href=\"https:\/\/www.calismatoplum.org\/makale\/ankara-anlasmasi-turkiyeden-birlesik-krallika-yeni-bir-politik-goc-akini-mi\">Ankara Anla\u015fmas\u0131: T\u00fcrkiye\u2019den Birle\u015fik Krall\u0131k\u2019a Yeni Bir Politik G\u00f6\u00e7 Ak\u0131n\u0131 M\u0131?<\/a><\/li>\n<li>Semra PURKIS ve Ezgi \u00c7ELEB\u0130- <a title=\"Ev Eksenli \u00c7al\u0131\u015fma Ba\u011flam\u0131nda Evin ve Bo\u015f Zaman\u0131n De\u011fi\u015fen Anlamlar\u0131: Kayseri\/Kocasinan \u00d6rne\u011fi \u00dczerinden Bir De\u011ferlendirme\" href=\"https:\/\/www.calismatoplum.org\/makale\/-ev-eksenli-calisma-baglaminda-evin-ve-bos-zamanin-degisen-anlamlari-kayseri-kocasinan-ornegi-uzerinden-bir-degerlendirme-\">Ev Eksenli \u00c7al\u0131\u015fma Ba\u011flam\u0131nda Evin ve Bo\u015f Zaman\u0131n De\u011fi\u015fen Anlamlar\u0131: Kayseri\/Kocasinan \u00d6rne\u011fi \u00dczerinden Bir De\u011ferlendirme<\/a><\/li>\n<li>Feyza TURGAY ve Aziz \u00c7EL\u0130K- <a title=\"Toplu Pazarl\u0131ks\u0131z ve Grevsiz Bir D\u00f6nemde SEKA\u2019da Sendikalar ve Toplu \u00c7al\u0131\u015fma \u0130li\u015fkileri (1946-1960)\" href=\"https:\/\/www.calismatoplum.org\/makale\/toplu-pazarliksiz-ve-grevsiz-bir-donemde-sekada-sendikalar-ve-toplu-calisma-iliskileri-1946-1960-\">Toplu Pazarl\u0131ks\u0131z ve Grevsiz Bir D\u00f6nemde SEKA\u2019da Sendikalar ve Toplu \u00c7al\u0131\u015fma \u0130li\u015fkileri (1946-1960)<\/a><\/li>\n<li>Nevin TA\u015eTEK\u0130N ve Selim \u00c7A\u011eATAY- <a title=\"Yurti\u00e7i G\u00f6\u00e7menlerin Demografik \u00d6zelliklerinin Sekt\u00f6rel \u00dccretler \u00dczerindeki Etkisi: T\u00fcrkiye\u2019de \u0130l D\u00fczeyinde Ekonometrik Bir Analiz\" href=\"https:\/\/www.calismatoplum.org\/makale\/yurtici-gocmenlerin-demografik-ozelliklerinin-sektorel-ucretler-uzerindeki-etkisi-turkiyede-il-duzeyinde-ekonometrik-bir-analiz-\">Yurti\u00e7i G\u00f6\u00e7menlerin Demografik \u00d6zelliklerinin Sekt\u00f6rel \u00dccretler \u00dczerindeki Etkisi: T\u00fcrkiye\u2019de \u0130l D\u00fczeyinde Ekonometrik Bir Analiz<\/a><\/li>\n<li>Deniz G\u00dcRLER- <a title=\"Fabrika Kapanmalar\u0131 Sonucu Kar\u015f\u0131la\u015f\u0131lan \u0130\u015fsizlik Riskine \u0130\u015f\u00e7i S\u0131n\u0131f\u0131n\u0131n Bir Yan\u0131t\u0131 Olarak \u201cGeri Kazan\u0131lm\u0131\u015f \u0130\u015fletmeler\u201d\" href=\"https:\/\/www.calismatoplum.org\/makale\/fabrika-kapanmalari-sonucu-karsilasilan-issizlik-riskine-isci-sinifinin-bir-yaniti-olarak-geri-kazanilmis-isletmeler-\">Fabrika Kapanmalar\u0131 Sonucu Kar\u015f\u0131la\u015f\u0131lan \u0130\u015fsizlik Riskine \u0130\u015f\u00e7i S\u0131n\u0131f\u0131n\u0131n Bir Yan\u0131t\u0131 Olarak \u201cGeri Kazan\u0131lm\u0131\u015f \u0130\u015fletmeler\u201d<\/a><\/li>\n<li>M. Onur ARUN- <a title=\"Back to the Theory: Re-Considering Social Policies as Egalitarian Pre-Conditions of the Liberal Meritocracy\" href=\"https:\/\/www.calismatoplum.org\/makale\/back-to-the-theory-re-considering-social-policies-as-egalitarian-pre-conditions-of-the-liberal-meritocracy-\">Back to the Theory: Re-Considering Social Policies as Egalitarian Pre-Conditions of the Liberal Meritocracy<\/a><\/li>\n<li>Asl\u0131can Kalfa TOPATE\u015e, Hakan TOPATE\u015e ve Erkan KIDAK- <a title=\"G\u00fc\u00e7lendirme ve Toplumsal Cinsiyet Rolleri \u0130kileminde Kad\u0131n Giri\u015fimcili\u011fi\" href=\"https:\/\/www.calismatoplum.org\/makale\/guclendirme-ve-toplumsal-cinsiyet-rolleri-ikileminde-kadin-girisimciligi-\">G\u00fc\u00e7lendirme ve Toplumsal Cinsiyet Rolleri \u0130kileminde Kad\u0131n Giri\u015fimcili\u011fi<\/a><\/li>\n<li>Zeynep ACA ve Emrah AKDAMAR- <a title=\"G\u00fcvenlik \u00d6nceli\u011finin, G\u00fcvenlik \u0130leti\u015fiminin ve G\u00fcvenlik E\u011fitiminin G\u00fcvenli Davran\u0131\u015f \u00dczerindeki Etkisinin \u0130ncelenmesi: \u0130n\u015faat Sekt\u00f6r\u00fcnde Uygulamal\u0131 Bir Ara\u015ft\u0131rma\" href=\"https:\/\/www.calismatoplum.org\/makale\/guvenlik-onceliginin-guvenlik-iletisiminin-ve-guvenlik-egitiminin-guvenli-davranis-uzerindeki-etkisinin-incelenmesi-insaat-sektorunde-uygulamali-bir-arastirma-\">G\u00fcvenlik \u00d6nceli\u011finin, G\u00fcvenlik \u0130leti\u015fiminin ve G\u00fcvenlik E\u011fitiminin G\u00fcvenli Davran\u0131\u015f \u00dczerindeki Etkisinin \u0130ncelenmesi: \u0130n\u015faat Sekt\u00f6r\u00fcnde Uygulamal\u0131 Bir Ara\u015ft\u0131rma<\/a><\/li>\n<li>Fatih KUCUR ve Enver MENG\u00dc- <a title=\"Sosyal \u00c7al\u0131\u015fma Disiplininin Epistemolojik Temelleri \u00dczerine Ele\u015ftirel Bir De\u011ferlendirme\" href=\"https:\/\/www.calismatoplum.org\/makale\/-sosyal-calisma-disiplininin-epistemolojik-temelleri-uzerine-elestirel-bir-degerlendirme-\">Sosyal \u00c7al\u0131\u015fma Disiplininin Epistemolojik Temelleri \u00dczerine Ele\u015ftirel Bir De\u011ferlendirme<\/a><\/li>\n<li>Esra Nur KAZAR ve Fatma TOSUN- <a title=\"T\u00fcrkiye\u2019deki Akademisyenlerin Sendikal Ba\u011fl\u0131l\u0131k D\u00fczeylerinin Belirlenmesine Y\u00f6nelik Bir Ara\u015ft\u0131rma\" href=\"https:\/\/www.calismatoplum.org\/makale\/turkiyedeki-akademisyenlerin-sendikal-baglilik-duzeylerinin-belirlenmesine-yonelik-bir-arastirma-\">T\u00fcrkiye\u2019deki Akademisyenlerin Sendikal Ba\u011fl\u0131l\u0131k D\u00fczeylerinin Belirlenmesine Y\u00f6nelik Bir Ara\u015ft\u0131rma<\/a><\/li>\n<li>Meliha KAPLAN- <a title=\"D\u0130SK\u2019in Kurulu\u015fundan 15-16 Haziran\u2019a Fabrika \u0130\u015fgalleri Sendika \u00d6zg\u00fcrl\u00fc\u011f\u00fc Eylemlerinden D\u0130SK\u2019i Savunmaya\" href=\"https:\/\/www.calismatoplum.org\/makale\/diskin-kurulusundan-15-16-hazirana-fabrika-isgalleri-sendika-ozgurlugu-eylemlerinden-diski-savunmaya\">D\u0130SK\u2019in Kurulu\u015fundan 15-16 Haziran\u2019a Fabrika \u0130\u015fgalleri Sendika \u00d6zg\u00fcrl\u00fc\u011f\u00fc Eylemlerinden D\u0130SK\u2019i Savunmaya<\/a><\/li>\n<li>Alpay HEK\u0130MLER- <a title=\"Federal Mahkeme Kararlar\u0131\" href=\"https:\/\/www.calismatoplum.org\/makale\/federal-mahkeme-kararlari-7\">Federal Mahkeme Kararlar\u0131<\/a><\/li>\n<li>\u0130rem \u00c7EL\u0130K ve Osman Can SERTTA\u015e- <a title=\"Avrupa \u0130nsan Haklar\u0131 Mahkemesi Kararlar\u0131\" href=\"https:\/\/www.calismatoplum.org\/makale\/avrupa-insan-haklari-mahkemesi-kararlari\">Avrupa \u0130nsan Haklar\u0131 Mahkemesi Kararlar\u0131<\/a><\/li>\n<li>Feyza TURGAY- <a title=\"Kitap \u0130ncelemesi: Zor Y\u0131llarda D\u0130SK Tarihi D\u0130SK Tarihi: Dayan\u0131\u015fma\u00a0\u2013\u00a0Direni\u015f\u00a0\u2013\u00a0Umut\u00a0 2. Cilt (1975-1980)\" href=\"https:\/\/www.calismatoplum.org\/makale\/kitap-incelemesi-zor-yillarda-disk-tarihi-disk-tarihi-dayanismadirenisumut-2-cilt-1975-1980\">Kitap \u0130ncelemesi: Zor Y\u0131llarda D\u0130SK Tarihi D\u0130SK Tarihi: Dayan\u0131\u015fma\u00a0\u2013\u00a0Direni\u015f\u00a0\u2013\u00a0Umut\u00a0 2. Cilt (1975-1980)<\/a><\/li>\n<li>Edit\u00f6r- <a title=\"Kitap Tan\u0131t\u0131m\u0131: Uygulamal\u0131 Tazminat Hukuku\" href=\"https:\/\/www.calismatoplum.org\/makale\/kitap-tanitimi-uygulamali-tazminat-hukuku\">Kitap Tan\u0131t\u0131m\u0131: Uygulamal\u0131 Tazminat Hukuku<\/a><\/li>\n<li>Edit\u00f6r- <a title=\"Kitap Tan\u0131t\u0131m\u0131: Yarg\u0131 Kararlar\u0131 I\u015f\u0131\u011f\u0131nda Sendikal Nedenle Feshin \u0130spat\u0131 ve Sendikal Fesih Karineleri\" href=\"https:\/\/www.calismatoplum.org\/makale\/kitap-tanitimi-yargi-kararlari-isiginda-sendikal-nedenle-feshin-ispati-ve-sendikal-fesih-karineleri\">Kitap Tan\u0131t\u0131m\u0131: Yarg\u0131 Kararlar\u0131 I\u015f\u0131\u011f\u0131nda Sendikal Nedenle Feshin \u0130spat\u0131 ve Sendikal Fesih Karineleri<\/a><\/li>\n<li>Edit\u00f6r- <a title=\"Kitap Tan\u0131t\u0131m\u0131: Kamu G\u00f6revlileri Toplu S\u00f6zle\u015fmesinin Hukuki Rejimi\" href=\"https:\/\/www.calismatoplum.org\/makale\/kitap-tanitimi-kamu-gorevlileri-toplu-sozlesmesinin-hukuki-rejimi\">Kitap Tan\u0131t\u0131m\u0131: Kamu G\u00f6revlileri Toplu S\u00f6zle\u015fmesinin Hukuki Rejimi<\/a><\/li>\n<li>Edit\u00f6r- <a title=\"Kitap Tan\u0131t\u0131m\u0131: D\u0130SK\/Genel-\u0130\u015f \u201918-\u201919-\u201920 Y\u0131ll\u0131\u011f\u0131\" href=\"https:\/\/www.calismatoplum.org\/makale\/kitap-tanitimi-disk-genel-is-18-19-20-yilligi\">Kitap Tan\u0131t\u0131m\u0131: D\u0130SK\/Genel-\u0130\u015f \u201918-\u201919-\u201920 Y\u0131ll\u0131\u011f\u0131<\/a><\/li>\n<li>Edit\u00f6r- <a title=\"Kitap Tan\u0131t\u0131m\u0131: Covid-19 ve T\u00fcrkiye\u2019de Sosyal Politika\" href=\"https:\/\/www.calismatoplum.org\/makale\/kitap-tanitimi-covid-19-ve-turkiyede-sosyal-politika\">Kitap Tan\u0131t\u0131m\u0131: Covid-19 ve T\u00fcrkiye\u2019de Sosyal Politika<\/a><\/li>\n<\/ul>\n","protected":false},"excerpt":{"rendered":"<p>D\u0130SK Birle\u015fik Metal-\u0130\u015f taraf\u0131ndan \u00e7\u0131kar\u0131lan \u00fc\u00e7 ayl\u0131k bilimsel hakemli bir dergi olan \u00a0\u00c7al\u0131\u015fma ve Toplum\u2018un 73. say\u0131s\u0131 yay\u0131mlad\u0131.\u00a0Yay\u0131n y\u00f6netmenli\u011fini Dr. Murat \u00d6zveri\u2019nin y\u00fcr\u00fctt\u00fc\u011f\u00fc\u00a0\u00c7al\u0131\u015fma ve Toplum&#8230;<\/p>\n","protected":false},"author":3,"featured_media":1718,"comment_status":"closed","ping_status":"closed","sticky":false,"template":"template-c-s2-post.php","format":"standard","meta":{"footnotes":""},"categories":[6],"tags":[361,165,267,360],"class_list":["post-8521","post","type-post","status-publish","format-standard","has-post-thumbnail","hentry","category-guncel","tag-73-sayi","tag-birlesik-metal-is","tag-calisma-ve-toplum","tag-hakemli-dergi","wpcat-6-id"],"_links":{"self":[{"href":"https:\/\/arastirma.disk.org.tr\/index.php?rest_route=\/wp\/v2\/posts\/8521","targetHints":{"allow":["GET"]}}],"collection":[{"href":"https:\/\/arastirma.disk.org.tr\/index.php?rest_route=\/wp\/v2\/posts"}],"about":[{"href":"https:\/\/arastirma.disk.org.tr\/index.php?rest_route=\/wp\/v2\/types\/post"}],"author":[{"embeddable":true,"href":"https:\/\/arastirma.disk.org.tr\/index.php?rest_route=\/wp\/v2\/users\/3"}],"replies":[{"embeddable":true,"href":"https:\/\/arastirma.disk.org.tr\/index.php?rest_route=%2Fwp%2Fv2%2Fcomments&post=8521"}],"version-history":[{"count":3,"href":"https:\/\/arastirma.disk.org.tr\/index.php?rest_route=\/wp\/v2\/posts\/8521\/revisions"}],"predecessor-version":[{"id":8524,"href":"https:\/\/arastirma.disk.org.tr\/index.php?rest_route=\/wp\/v2\/posts\/8521\/revisions\/8524"}],"wp:featuredmedia":[{"embeddable":true,"href":"https:\/\/arastirma.disk.org.tr\/index.php?rest_route=\/wp\/v2\/media\/1718"}],"wp:attachment":[{"href":"https:\/\/arastirma.disk.org.tr\/index.php?rest_route=%2Fwp%2Fv2%2Fmedia&parent=8521"}],"wp:term":[{"taxonomy":"category","embeddable":true,"href":"https:\/\/arastirma.disk.org.tr\/index.php?rest_route=%2Fwp%2Fv2%2Fcategories&post=8521"},{"taxonomy":"post_tag","embeddable":true,"href":"https:\/\/arastirma.disk.org.tr\/index.php?rest_route=%2Fwp%2Fv2%2Ftags&post=8521"}],"curies":[{"name":"wp","href":"https:\/\/api.w.org\/{rel}","templated":true}]}}