{"id":8989,"date":"2022-08-10T12:40:48","date_gmt":"2022-08-10T09:40:48","guid":{"rendered":"http:\/\/arastirma.disk.org.tr\/?p=8989"},"modified":"2024-04-19T11:38:53","modified_gmt":"2024-04-19T08:38:53","slug":"genis-tanimli-issizlik-dar-tanimli-issizligin-iki-kati","status":"publish","type":"post","link":"https:\/\/arastirma.disk.org.tr\/?p=8989","title":{"rendered":"Geni\u015f tan\u0131ml\u0131 i\u015fsizlik dar tan\u0131ml\u0131 i\u015fsizli\u011fin iki kat\u0131!"},"content":{"rendered":"<p>D\u0130SK-AR, Haziran 2022 d\u00f6nemini kapsayan T\u00dc\u0130K taraf\u0131ndan 10 A\u011fustos 2022&#8217;de yay\u0131mlanan i\u015fsizlik verilerine ili\u015fkin \u0130\u015fsizlik ve \u0130stihdam\u0131n G\u00f6r\u00fcn\u00fcm\u00fc raporunu yay\u0131mlad\u0131.<\/p>\n<ul>\n<li>Geni\u015f tan\u0131ml\u0131 i\u015fsizlik dar tan\u0131ml\u0131 i\u015fsizli\u011fin iki kat\u0131!<\/li>\n<li>Geni\u015f tan\u0131ml\u0131 i\u015fsiz say\u0131s\u0131 7 milyon 607 bin!<\/li>\n<li>Geni\u015f tan\u0131ml\u0131 i\u015fsiz say\u0131s\u0131 salg\u0131n \u00f6ncesine g\u00f6re 1 milyon 35 bin artt\u0131!<\/li>\n<li>Gen\u00e7 kad\u0131n i\u015fsizli\u011fi y\u00fczde 28,3!<\/li>\n<\/ul>\n<p>T\u00dc\u0130K\u2019in Haziran 2022 Hanehalk\u0131 \u0130\u015fg\u00fcc\u00fc Ara\u015ft\u0131rmas\u0131 (H\u0130A) sonu\u00e7lar\u0131 10 A\u011fustos 2022\u2019de yay\u0131mland\u0131. <strong>Mevsim etkisinden ar\u0131nd\u0131r\u0131lm\u0131\u015f dar tan\u0131ml\u0131 i\u015fsizlik oran\u0131 y\u00fczde 10,3,<\/strong> <strong>mevsim etkisinden ar\u0131nd\u0131r\u0131lm\u0131\u015f geni\u015f tan\u0131ml\u0131 i\u015fsizlik oran\u0131 (\u00e2t\u0131l i\u015fg\u00fcc\u00fc) ise y\u00fczde 20,4<\/strong> seviyesinde ger\u00e7ekle\u015fti. T\u00dc\u0130K\u2019e g\u00f6re T\u00fcrkiye genelinde 15 ve daha yukar\u0131 ya\u015ftaki ki\u015filerde <strong>i\u015fsiz say\u0131s\u0131 (mevsim etkisinden ar\u0131nd\u0131r\u0131lm\u0131\u015f) 2022 Haziran <\/strong>ay\u0131nda bir \u00f6nceki aya g\u00f6re<strong> 136 bin ki\u015fi azalarak 3 milyon 541 bin ki\u015fi<\/strong> oldu. D\u0130SK-AR taraf\u0131ndan T\u00dc\u0130K verilerinden yararlanarak yap\u0131lan hesaplamaya g\u00f6re\u00a0<b>mevsim etkisinden ar\u0131nd\u0131r\u0131lm\u0131\u015f geni\u015f tan\u0131ml\u0131 i\u015fsiz say\u0131s\u0131\u00a0<\/b>ise<b>Haziran 2022\u2019de 7 milyon 607 bin ki\u015fi\u00a0<\/b>olarak ger\u00e7ekle\u015fti. T\u00dc\u0130K\u2019e g\u00f6re Haziran 2019\u2019da y\u00fczde 13,7 olan i\u015fsizlik Haziran 2022\u2019de y\u00fczde 13,5 olarak ger\u00e7ekle\u015fti. Ancak ayn\u0131 y\u0131llarda geni\u015f tan\u0131ml\u0131 i\u015fsizlik y\u00fczde 19,1\u2019den y\u00fczde 20,4\u2019e y\u00fckseldi<\/p>\n<p>Rapora ula\u015fmak i\u00e7in g\u00f6rsele t\u0131klay\u0131n\u0131z.<\/p>\n<p><a href=\"http:\/\/arastirma.disk.org.tr\/wp-content\/uploads\/2022\/08\/ISSIZLIK-VE-ISTIHDAMIN-GORUNUMU-AGUSTOS-2022.pdf\"><img fetchpriority=\"high\" decoding=\"async\" class=\"alignnone wp-image-8995 size-full\" src=\"http:\/\/arastirma.disk.org.tr\/wp-content\/uploads\/2022\/08\/WhatsApp-Image-2022-08-10-at-12.20.46-2.jpeg\" alt=\"\" width=\"1600\" height=\"1200\" srcset=\"https:\/\/arastirma.disk.org.tr\/wp-content\/uploads\/2022\/08\/WhatsApp-Image-2022-08-10-at-12.20.46-2.jpeg 1600w, https:\/\/arastirma.disk.org.tr\/wp-content\/uploads\/2022\/08\/WhatsApp-Image-2022-08-10-at-12.20.46-2-300x225.jpeg 300w, https:\/\/arastirma.disk.org.tr\/wp-content\/uploads\/2022\/08\/WhatsApp-Image-2022-08-10-at-12.20.46-2-1024x768.jpeg 1024w, https:\/\/arastirma.disk.org.tr\/wp-content\/uploads\/2022\/08\/WhatsApp-Image-2022-08-10-at-12.20.46-2-768x576.jpeg 768w, https:\/\/arastirma.disk.org.tr\/wp-content\/uploads\/2022\/08\/WhatsApp-Image-2022-08-10-at-12.20.46-2-1536x1152.jpeg 1536w, https:\/\/arastirma.disk.org.tr\/wp-content\/uploads\/2022\/08\/WhatsApp-Image-2022-08-10-at-12.20.46-2-480x360.jpeg 480w\" sizes=\"(max-width: 1600px) 100vw, 1600px\" \/><\/a><\/p>\n<p>&nbsp;<\/p>\n","protected":false},"excerpt":{"rendered":"<p>D\u0130SK-AR, Haziran 2022 d\u00f6nemini kapsayan T\u00dc\u0130K taraf\u0131ndan 10 A\u011fustos 2022&#8217;de yay\u0131mlanan i\u015fsizlik verilerine ili\u015fkin \u0130\u015fsizlik ve \u0130stihdam\u0131n G\u00f6r\u00fcn\u00fcm\u00fc raporunu yay\u0131mlad\u0131. Geni\u015f tan\u0131ml\u0131 i\u015fsizlik dar tan\u0131ml\u0131&#8230;<\/p>\n","protected":false},"author":3,"featured_media":8995,"comment_status":"closed","ping_status":"closed","sticky":false,"template":"template-c-s2-post.php","format":"standard","meta":{"footnotes":""},"categories":[3,6,11,278],"tags":[258,136,49,108,39],"class_list":["post-8989","post","type-post","status-publish","format-standard","has-post-thumbnail","hentry","category-arastirma","category-guncel","category-issizlik","category-manset","tag-genc-issizligi","tag-genc-kadin-issizligi","tag-genis-tanimli-issizlik","tag-iskur","tag-tuik","wpcat-3-id","wpcat-6-id","wpcat-11-id","wpcat-278-id"],"_links":{"self":[{"href":"https:\/\/arastirma.disk.org.tr\/index.php?rest_route=\/wp\/v2\/posts\/8989","targetHints":{"allow":["GET"]}}],"collection":[{"href":"https:\/\/arastirma.disk.org.tr\/index.php?rest_route=\/wp\/v2\/posts"}],"about":[{"href":"https:\/\/arastirma.disk.org.tr\/index.php?rest_route=\/wp\/v2\/types\/post"}],"author":[{"embeddable":true,"href":"https:\/\/arastirma.disk.org.tr\/index.php?rest_route=\/wp\/v2\/users\/3"}],"replies":[{"embeddable":true,"href":"https:\/\/arastirma.disk.org.tr\/index.php?rest_route=%2Fwp%2Fv2%2Fcomments&post=8989"}],"version-history":[{"count":6,"href":"https:\/\/arastirma.disk.org.tr\/index.php?rest_route=\/wp\/v2\/posts\/8989\/revisions"}],"predecessor-version":[{"id":8998,"href":"https:\/\/arastirma.disk.org.tr\/index.php?rest_route=\/wp\/v2\/posts\/8989\/revisions\/8998"}],"wp:featuredmedia":[{"embeddable":true,"href":"https:\/\/arastirma.disk.org.tr\/index.php?rest_route=\/wp\/v2\/media\/8995"}],"wp:attachment":[{"href":"https:\/\/arastirma.disk.org.tr\/index.php?rest_route=%2Fwp%2Fv2%2Fmedia&parent=8989"}],"wp:term":[{"taxonomy":"category","embeddable":true,"href":"https:\/\/arastirma.disk.org.tr\/index.php?rest_route=%2Fwp%2Fv2%2Fcategories&post=8989"},{"taxonomy":"post_tag","embeddable":true,"href":"https:\/\/arastirma.disk.org.tr\/index.php?rest_route=%2Fwp%2Fv2%2Ftags&post=8989"}],"curies":[{"name":"wp","href":"https:\/\/api.w.org\/{rel}","templated":true}]}}