{"id":9157,"date":"2022-09-08T09:58:50","date_gmt":"2022-09-08T06:58:50","guid":{"rendered":"http:\/\/arastirma.disk.org.tr\/?p=9157"},"modified":"2024-04-19T11:38:37","modified_gmt":"2024-04-19T08:38:37","slug":"disk-arin-yeni-arastirmasi-turkiye-isci-sinifi-gorunumu-2021-kitabi-yayimlandi","status":"publish","type":"post","link":"https:\/\/arastirma.disk.org.tr\/?p=9157","title":{"rendered":"D\u0130SK-AR\u2019\u0131n yeni ara\u015ft\u0131rmas\u0131: T\u00fcrkiye \u0130\u015f\u00e7i S\u0131n\u0131f\u0131 G\u00f6r\u00fcn\u00fcm\u00fc 2021 kitab\u0131 yay\u0131mland\u0131!"},"content":{"rendered":"<p style=\"text-align: center;\"><strong>\u0130\u015fsizlik, d\u00fc\u015f\u00fck \u00fccret, kay\u0131td\u0131\u015f\u0131 istihdam ve uzun \u00e7al\u0131\u015fma saatleri <\/strong><strong>i\u015f\u00e7ilerin en \u00f6nemli sorunlar\u0131<\/strong><\/p>\n<p>D\u0130SK-AR taraf\u0131ndan haz\u0131rlanan <em>T\u00fcrkiye \u0130\u015f\u00e7i S\u0131n\u0131f\u0131n\u0131n G\u00f6r\u00fcn\u00fcm\u00fc 2021 <\/em>kitab\u0131 yay\u0131mland\u0131. T\u00fcrkiye i\u015f\u00e7i s\u0131n\u0131f\u0131n\u0131n durumunu ortaya koymay\u0131 hedefleyen alan ara\u015ft\u0131rmas\u0131n\u0131n sonu\u00e7lar\u0131 kitap olarak yay\u0131mland\u0131. T\u00fcrkiye\u2019de 15 ya\u015f ve \u00fczeri \u00fccretli \u00e7al\u0131\u015fan n\u00fcfusu (kamu g\u00f6revlileri hari\u00e7) kapsayan ara\u015ft\u0131rman\u0131n saha \u00e7al\u0131\u015fmas\u0131 Ekim-Kas\u0131m 2021 tarihleri aras\u0131nda yap\u0131ld\u0131. D\u0130SK-AR taraf\u0131ndan planlanan ara\u015ft\u0131rma Do\u00e7.Dr. M. Hakan Ko\u00e7ak koordinat\u00f6rl\u00fc\u011f\u00fcnde y\u00fcr\u00fct\u00fcld\u00fc. Friedrich Ebert Vakf\u0131 (FES) T\u00fcrkiye Temsilcili\u011fi taraf\u0131ndan desteklendi. 2004 ki\u015fi ile y\u00fcz y\u00fcze g\u00f6r\u00fc\u015f\u00fclerek yap\u0131lan ara\u015ft\u0131rman\u0131n saha \u00e7al\u0131\u015fmas\u0131 Y\u00f6neylem Sosyal Ara\u015ft\u0131rmalar Merkezi taraf\u0131ndan ger\u00e7ekle\u015ftirildi.<\/p>\n<p>Kitap olarak bas\u0131lan ara\u015ft\u0131rman\u0131n \u00f6ne \u00e7\u0131kan bulgular\u0131 a\u015fa\u011f\u0131da yer al\u0131yor. <a href=\"http:\/\/arastirma.disk.org.tr\/wp-content\/uploads\/2022\/09\/Turkiye-Isci-Sinifinin-Gorunumu-2021-Iscilerin-Calisma-ve-Yasam-Kosullari-Ile-Kanaat-Deneyim-Ve-Tutumlari-Alan-Arastirmasi-Sonuclari-web.pdf\">Kitaba ula\u015fmak i\u00e7in t\u0131klay\u0131n\u0131z.<\/a><\/p>\n<ul>\n<li><b><em>\u00c7al\u0131\u015fma hayat\u0131n\u0131n d\u00f6rt b\u00fcy\u00fck sorunu: \u0130\u015fsizlik, d\u00fc\u015f\u00fck \u00fccret, kay\u0131td\u0131\u015f\u0131 istihdam ve uzun \u00e7al\u0131\u015fma saatleri<\/em><\/b><\/li>\n<\/ul>\n<p>\u0130\u015f\u00e7ilerin yakla\u015f\u0131k y\u00fczde 71,7\u2019si \u00e7al\u0131\u015fma hayat\u0131n\u0131n en \u00f6nemli sorununu i\u015fsizlik olarak ifade ediyor. \u00c7al\u0131\u015fma hayat\u0131n\u0131n di\u011fer en \u00f6nemli sorunlar\u0131 y\u00fczde 65,2 d\u00fc\u015f\u00fck \u00fccret, y\u00fczde 44,8 kay\u0131t d\u0131\u015f\u0131 istihdam, y\u00fczde 43 uzun \u00e7al\u0131\u015fma s\u00fcreleridir.<\/p>\n<ul>\n<li><b><em>Yapt\u0131\u011f\u0131 i\u015fe kar\u015f\u0131l\u0131k adil bir \u00fccret ald\u0131\u011f\u0131n\u0131 d\u00fc\u015f\u00fcnenlerin oran\u0131 y\u00fczde 31<\/em><\/b><\/li>\n<\/ul>\n<p>\u0130\u015f\u00e7ilerin \u00fccretlerinden memnuniyet oran\u0131 olduk\u00e7a d\u00fc\u015f\u00fck. \u0130\u015f\u00e7ilerin sadece y\u00fczde 31\u2019i yapt\u0131\u011f\u0131 i\u015fe kar\u015f\u0131l\u0131k adil bir \u00fccret ald\u0131\u011f\u0131n\u0131 belirtiyor.<\/p>\n<ul>\n<li><b><em>\u00c7al\u0131\u015fma saatleri uzun!<\/em><\/b><\/li>\n<\/ul>\n<p>\u0130\u015f\u00e7ilerin y\u00fczde 60\u2019\u0131 \u00e7al\u0131\u015fma saatlerinin uzun oldu\u011funu ifade ediyor. Yasal \u00e7al\u0131\u015fma s\u00fcresi olan 45 saatin \u00fczerinde \u00e7al\u0131\u015fan i\u015f\u00e7ilerin oran\u0131 y\u00fczde 59,3\u2019t\u00fcr. \u0130\u015f\u00e7ilerin y\u00fczde 37\u2019si son 12 ayda fazla mesai yapt\u0131\u011f\u0131n\u0131 s\u00f6yl\u00fcyor.<\/p>\n<ul>\n<li><b><em>\u0130\u015f\u00e7ilerde konut sahipli\u011fi d\u00fc\u015f\u00fck, kirac\u0131l\u0131k y\u00fcksek<\/em><\/b><\/li>\n<\/ul>\n<p><b><em>\u00a0<\/em><\/b>\u0130\u015f\u00e7ilerin y\u00fczde 53,3 kirac\u0131, y\u00fczde 42\u2019si ev sahibi y\u00fczde 4,8\u2019i ise ev sahibi de\u011fil ancak kira da \u00f6demiyor. T\u00dc\u0130K\u2019e g\u00f6re T\u00fcrkiye \u00e7ap\u0131nda konut sahipli\u011fi y\u00fczde 58,8 iken i\u015f\u00e7ilerde bu oran y\u00fczde 42\u2019ye geriliyor.<\/p>\n<ul>\n<li><b><em>\u0130\u015f\u00e7ilerin y\u00fczde 42\u2019si y\u0131ll\u0131k izinlerini evde ge\u00e7iriyor!<\/em><\/b><\/li>\n<\/ul>\n<p><b><em>\u00a0<\/em><\/b>\u0130\u015f\u00e7ilerin b\u00fcy\u00fck b\u00f6l\u00fcm\u00fc y\u0131ll\u0131k izinlerini ya evde ya da memlekette\/k\u00f6yde ge\u00e7iriyor. \u0130\u015f\u00e7ilerin y\u00fczde 42\u2019si y\u0131ll\u0131k izinlerini evde ge\u00e7irdi\u011fini belirtiyor. Y\u00fczde 33\u2019\u00fc ise memlekete veya k\u00f6ye gitti\u011fini belirtiyor.<\/p>\n<ul>\n<li><b><em>\u0130\u015f\u00e7ilerin neredeyse yar\u0131s\u0131 k\u00fc\u00e7\u00fck \u00f6l\u00e7ekli i\u015fletmelerde \u00e7al\u0131\u015f\u0131yor!<\/em><\/b><\/li>\n<\/ul>\n<p><b><em>\u00a0<\/em><\/b>Ara\u015ft\u0131rmaya kat\u0131lan i\u015f\u00e7ilerin y\u00fczde 47\u2019si 10\u2019dan az i\u015f\u00e7i \u00e7al\u0131\u015ft\u0131ran i\u015fyerlerinde istihdam ediliyor. 10-30 i\u015f\u00e7i \u00e7al\u0131\u015ft\u0131ran i\u015fyerlerinde \u00e7al\u0131\u015fan i\u015f\u00e7ilerin oran\u0131 y\u00fczde 27 iken 100-249 i\u015f\u00e7i \u00e7al\u0131\u015ft\u0131ran i\u015fletmelerde \u00e7al\u0131\u015fan i\u015f\u00e7ilerin oran\u0131 ise y\u00fczde 7,8\u2019dir.<\/p>\n<ul>\n<li><b><em>\u0130\u015f\u00e7iler ba\u015fkanl\u0131k sistemini olumsuz de\u011ferlendiriyor<\/em><\/b><\/li>\n<\/ul>\n<p><b><em>\u00a0<\/em><\/b>\u0130\u015f\u00e7ilerin yaln\u0131zca y\u00fczde 26,9\u2019u ba\u015fkanl\u0131k sistemini olumlu olarak beyan ederken, y\u00fczde 44,5\u2019i ba\u015fkanl\u0131k sistemini olumsuz de\u011ferlendiriyor. Kad\u0131nlar\u0131n yakla\u015f\u0131k y\u00fczde 47\u2019si, erkeklerin y\u00fczde 43,5\u2019i ba\u015fkanl\u0131k sistemini olumsuz de\u011ferlendiriyor. E\u011fitim seviyesi art\u0131k\u00e7a ba\u015fkanl\u0131k sistemini olumsuz bulanlar\u0131n oran\u0131 art\u0131yor.<\/p>\n<ul>\n<li><b><em>\u0130\u015f\u00e7iler H\u00fck\u00fcmet\u2019in g\u00f6\u00e7menler\/s\u0131\u011f\u0131nmac\u0131lar konusundaki politikas\u0131 olumsuz de\u011ferlendiriyor<\/em><\/b><\/li>\n<\/ul>\n<p>\u0130\u015f\u00e7ilerin y\u00fczde 66,5\u2019i H\u00fck\u00fcmet\u2019in g\u00f6\u00e7menler\/s\u0131\u011f\u0131nmac\u0131lar hakk\u0131ndaki politikas\u0131n\u0131 olumsuz buluyor. Kad\u0131nlar\u0131n yu\u0308zde 67,7\u2019si, erkek i\u015f\u00e7ilerin ise yu\u0308zde 66\u2019s\u0131 H\u00fck\u00fcmet\u2019in g\u00f6\u00e7menler\/s\u0131\u011f\u0131nmac\u0131lar hakk\u0131ndaki politikas\u0131n\u0131 olumsuz buluyor.<\/p>\n<ul>\n<li><b><em>Erkeklerin \u00e7al\u0131\u015fma hayat\u0131na dair geleneksel de\u011fer yarg\u0131lar\u0131 ve inan\u0131\u015flar\u0131 s\u00fcr\u00fcyor<\/em><\/b><\/li>\n<\/ul>\n<p>Erkek i\u015f\u00e7ilerin y\u00fczde 55,3\u2019\u00fc kad\u0131nlar\u0131n \u00e7al\u0131\u015fmak i\u00e7in e\u015flerinden izin almas\u0131 gerekti\u011fini d\u00fc\u015f\u00fcn\u00fcyor. Kad\u0131nlar\u0131n y\u00fczde 28\u2019i bu g\u00f6r\u00fc\u015f\u00fc payla\u015f\u0131yor.<\/p>\n<ul>\n<li><b><em>Kad\u0131nlar\u0131n b\u00fcy\u00fck bir k\u0131sm\u0131 ev i\u00e7i bak\u0131m y\u00fcklerinin sadece kendilerine tan\u0131mlanm\u0131\u015f olmas\u0131n\u0131 kabul etmiyor<\/em><\/b><\/li>\n<\/ul>\n<p>Kad\u0131n i\u015f\u00e7ilerin yu\u0308zde 65\u2019i ev i\u00e7i bak\u0131m y\u00fcklerinin kad\u0131n\u0131n sorumlulu\u011fu ifadesinin yanl\u0131\u015f oldu\u011funu s\u00f6ylemektedir. Bir ba\u015fka ifadeyle kad\u0131nlar\u0131n b\u00fcy\u00fck \u00e7o\u011funlu\u011fu geleneksel cinsiyete dayal\u0131 i\u015f b\u00f6l\u00fcm\u00fc\u0308 etraf\u0131nda bak\u0131m rollerinin sadece kendilerine tan\u0131mlanm\u0131\u015f olmas\u0131n\u0131 kabul etmezken, erkeklerin yar\u0131s\u0131ndan daha az\u0131 bu rol payla\u015f\u0131m\u0131na kar\u015f\u0131 \u00e7\u0131kmakta ve \u00e7ocuk hasta ve \u00e7ocuk bakmak yaln\u0131zca kad\u0131n i\u015fi de\u011fildir diye d\u00fc\u015f\u00fcnmektedir.<\/p>\n<ul>\n<li><b><em>T\u00fcrkiye H\u00fck\u00fcmeti\u2019nin \u0130stanbul S\u00f6zle\u015fmesi\u2019nden \u00e7ekilmesi olumsuz bulunuyor<\/em><\/b><\/li>\n<\/ul>\n<p>\u0130\u015f\u00e7ilerin yakla\u015f\u0131k yar\u0131s\u0131 kad\u0131na y\u00f6nelik \u015fiddeti \u00f6nlemek \u00fczere T\u00fcrkiye taraf\u0131ndan onaylam\u0131\u015f olan \u0130stanbul S\u00f6zle\u015fmesi\u2019nden \u00e7\u0131k\u0131lmas\u0131n\u0131 yanl\u0131\u015f bulmaktad\u0131r. Kad\u0131nlar\u0131n yu\u0308zde 56\u2019s\u0131, erkeklerin yu\u0308zde 44,5\u2019i \u0130stanbul S\u00f6zle\u015fmesi\u2019nden \u00e7\u0131k\u0131lmas\u0131n\u0131 olumsuz bulmaktad\u0131r. \u0130stanbul S\u00f6zle\u015fmesi\u2019nden \u00e7\u0131k\u0131lmas\u0131n\u0131 do\u011fru bulan i\u015f\u00e7ilerin oran\u0131 erkeklerde yu\u0308zde 24,1, kad\u0131nlarda y\u00fczde 18,7 d\u00fczeyinde kalmaktad\u0131r.<\/p>\n<ul>\n<li><b><em>Kad\u0131n i\u015f\u00e7iler ayn\u0131 zamanda g\u00f6r\u00fcnmez ev i\u00e7i emek\u00e7iler<\/em><\/b><\/li>\n<\/ul>\n<p>Ev i\u015flerine ve bak\u0131ma 1-3 saat s\u00fcre ay\u0131ran kad\u0131nlar\u0131n oran\u0131 yu\u0308zde 47,6 iken, erkeklerde bu oran yu\u0308zde 34,8 ile s\u0131n\u0131rl\u0131 kalmaktad\u0131r. Ev i\u015flerine ve bak\u0131ma 3-6 saat ay\u0131ran kad\u0131nlar\u0131n oran\u0131 yu\u0308zde 23,7 iken erkeklerin oran\u0131 ise yu\u0308zde 9,7\u2019dir. Ev ve bak\u0131m i\u015flerine sadece 0-1 saat ay\u0131ran kad\u0131nlar\u0131n oran\u0131 yu\u0308zde 14,6 iken, erkeklerin yu\u0308zde 24,3\u2019u\u0308 0-1 saat aras\u0131nda ev i\u00e7i i\u015fler ve bak\u0131m rollerine ilgili zaman ay\u0131rd\u0131\u011f\u0131n\u0131 s\u00f6ylemi\u015ftir.\u00a0 Ev ve bak\u0131m i\u015flerine hi\u00e7 zaman ay\u0131rmayan kad\u0131nlar\u0131n oran\u0131 yu\u0308zde 7,6 ile s\u0131n\u0131rl\u0131 kal\u0131rken, erkeklerin oran\u0131 yu\u0308zde 29\u2019a y\u00fckselmektedir.<\/p>\n<ul>\n<li><b><em>Salg\u0131nda ge\u00e7inme zorla\u015ft\u0131, bor\u00e7lanma artt\u0131<\/em><\/b><\/li>\n<\/ul>\n<p>Salg\u0131nda i\u015f\u00e7ilerin y\u00fczde 55\u2019i bor\u00e7lar\u0131n\u0131n artt\u0131\u011f\u0131n\u0131, y\u00fczde 27\u2019si faturalar\u0131n\u0131n, y\u00fczde 25\u2019i ise kredi kart\u0131 borcunun \u00f6denemedi\u011fini belirtilmi\u015ftir. Salg\u0131nda i\u015f\u00e7ilerin bor\u00e7lulu\u011funun ciddi bir bi\u00e7imde artm\u0131\u015f, ge\u00e7im zorla\u015fm\u0131\u015ft\u0131r.<\/p>\n<ul>\n<li><b><em>Salg\u0131nda harcamalar k\u0131s\u0131ld\u0131, ucuz besinlere y\u00f6nelim artt\u0131<\/em><\/b><\/li>\n<\/ul>\n<p>\u0130\u015f\u00e7ilerin y\u00fczde 66,4\u2019\u00fc salg\u0131nda harcamalar\u0131 azaltt\u0131\u011f\u0131n\u0131, y\u00fczde 49,6\u2019s\u0131 ise ucuz besinlere y\u00f6neldi\u011fini ifade etmi\u015ftir. Ara\u015ft\u0131rmaya kat\u0131lan i\u015f\u00e7ilerin y\u00fczde 32,4\u2019\u00fc kredi kartlar\u0131n\u0131 daha fazla kulland\u0131klar\u0131n\u0131 ifade etmi\u015flerdir. Salg\u0131n ve ekonomik kriz d\u00f6nemlerinde hane ekonomisini s\u00fcrd\u00fcrebilmek i\u00e7in al\u0131nan \u00f6nlemlere cinsiyete g\u00f6re bak\u0131ld\u0131\u011f\u0131nda e\u011filimin farkl\u0131la\u015fmad\u0131\u011f\u0131 g\u00f6r\u00fclmektedir. Kad\u0131nlar\u0131n yu\u0308zde 66,8\u2019i, erkeklerinde yu\u0308zde 66,2\u2019si harcamalar\u0131n azalt\u0131ld\u0131\u011f\u0131n\u0131 ifade etmektedir. Kad\u0131nlar\u0131n yu\u0308zde 48,4\u2019u\u0308, erkeklerinde yu\u0308zde 50\u2019si daha ucuz besinlere y\u00f6nelmi\u015ftir.<\/p>\n<ul>\n<li><b><em>Salg\u0131nda \u0130\u015eKUR desteklerine ula\u015fabilen i\u015f\u00e7ilerin oran\u0131 yaln\u0131zca y\u00fczde 32!<\/em><\/b><\/li>\n<\/ul>\n<p>\u0130\u015f\u00e7ilerin pandemide ald\u0131klar\u0131 yard\u0131m\u0131n ana kayna\u011f\u0131 aileleri oldu\u011funu g\u00f6r\u00fclmektedir. \u0130\u015f\u00e7ilerin yu\u0308zde 39\u2019u ailesinden yard\u0131m ald\u0131\u011f\u0131n\u0131 beyan etmi\u015ftir. K\u0131sa \u00e7al\u0131\u015fma \u00f6dene\u011fi ve u\u0308cretsiz izin \u00f6dene\u011fi alanlar\u0131n toplam oran\u0131 yu\u0308zde 32,5 olmu\u015ftur.<\/p>\n<ul>\n<li><b><em>Salg\u0131nda evden \u00e7al\u0131\u015fmada s\u00fcrekli ula\u015f\u0131labilir olmak en \u00f6nemli sorun<\/em><\/b><\/li>\n<\/ul>\n<p>\u0130\u015f\u00e7ilerin y\u00fczde 57\u2019si salg\u0131nda i\u015f\u00e7ilerin s\u00fcrekli ula\u015f\u0131labilir olmas\u0131n\u0131 \u00f6nemli bir sorun olarak ifade etmi\u015flerdir. Kad\u0131nlar\u0131n s\u00fcrekli ula\u015f\u0131labilir olmaktan daha fazla \u015fikayet\u00e7i oldu\u011fu g\u00f6r\u00fclmektedir. Kad\u0131nlar\u0131n yu\u0308zde 65,9\u2019u s\u00fcrekli ula\u015f\u0131labilir olmak zorunda olduklar\u0131n\u0131 s\u00f6ylerken, sadece yu\u0308zde 9,4\u2019u\u0308 bu fikre kat\u0131lmad\u0131\u011f\u0131n\u0131 s\u00f6ylemi\u015ftir.<\/p>\n<ul>\n<li><b><em>Salg\u0131nda d\u00f6neminde H\u00fck\u00fcmet\u2019in destekleri yetersiz bulundu<\/em><\/b><\/li>\n<\/ul>\n<p>Salg\u0131n d\u00f6neminde H\u00fck\u00fcmetin s\u0131n\u0131rl\u0131 d\u00fczeyde sa\u011flad\u0131\u011f\u0131 desteklerin i\u015f\u00e7iler a\u00e7\u0131s\u0131ndan da yeterli bulunmad\u0131\u011f\u0131 g\u00f6r\u00fclmektedir. \u0130\u015f\u00e7ilerin yu\u0308zde 43,5\u2019i verilen sosyal destekleri olumsuz bulduklar\u0131n\u0131 belirtmektedir. Kat\u0131l\u0131mc\u0131lar\u0131n yaln\u0131zca yu\u0308zde 28,5\u2019i destekleri olumlu bulmaktad\u0131r. Destekleri ne olumlu ne olumsuz bulanlar\u0131n oran\u0131 ise yu\u0308zde 24,5\u2019tir.<\/p>\n<p><em>Ara\u015ft\u0131rmaya eri\u015fmek i\u00e7in g\u00f6rsele t\u0131klay\u0131n\u0131z<\/em><\/p>\n<p><a href=\"http:\/\/arastirma.disk.org.tr\/wp-content\/uploads\/2022\/09\/Turkiye-Isci-Sinifinin-Gorunumu-2021-Iscilerin-Calisma-ve-Yasam-Kosullari-Ile-Kanaat-Deneyim-Ve-Tutumlari-Alan-Arastirmasi-Sonuclari-web.pdf\"><img fetchpriority=\"high\" decoding=\"async\" class=\"wp-image-9164 size-full aligncenter\" src=\"http:\/\/arastirma.disk.org.tr\/wp-content\/uploads\/2022\/09\/Kapak.png\" alt=\"\" width=\"459\" height=\"654\" srcset=\"https:\/\/arastirma.disk.org.tr\/wp-content\/uploads\/2022\/09\/Kapak.png 459w, https:\/\/arastirma.disk.org.tr\/wp-content\/uploads\/2022\/09\/Kapak-211x300.png 211w\" sizes=\"(max-width: 459px) 100vw, 459px\" \/><\/a><\/p>\n<p>&nbsp;<\/p>\n<p>&nbsp;<\/p>\n<p>&nbsp;<\/p>\n<p>&nbsp;<\/p>\n<p>&nbsp;<\/p>\n<p>&nbsp;<\/p>\n<p>&nbsp;<\/p>\n<p>&nbsp;<\/p>\n<p>&nbsp;<\/p>\n","protected":false},"excerpt":{"rendered":"<p>\u0130\u015fsizlik, d\u00fc\u015f\u00fck \u00fccret, kay\u0131td\u0131\u015f\u0131 istihdam ve uzun \u00e7al\u0131\u015fma saatleri i\u015f\u00e7ilerin en \u00f6nemli sorunlar\u0131 D\u0130SK-AR taraf\u0131ndan haz\u0131rlanan T\u00fcrkiye \u0130\u015f\u00e7i S\u0131n\u0131f\u0131n\u0131n G\u00f6r\u00fcn\u00fcm\u00fc 2021 kitab\u0131 yay\u0131mland\u0131. T\u00fcrkiye i\u015f\u00e7i&#8230;<\/p>\n","protected":false},"author":3,"featured_media":9162,"comment_status":"closed","ping_status":"closed","sticky":false,"template":"template-c-s2-post.php","format":"standard","meta":{"footnotes":""},"categories":[3,6,278],"tags":[389],"class_list":["post-9157","post","type-post","status-publish","format-standard","has-post-thumbnail","hentry","category-arastirma","category-guncel","category-manset","tag-turkiye-isci-sinifinin-gorunumu-2021","wpcat-3-id","wpcat-6-id","wpcat-278-id"],"_links":{"self":[{"href":"https:\/\/arastirma.disk.org.tr\/index.php?rest_route=\/wp\/v2\/posts\/9157","targetHints":{"allow":["GET"]}}],"collection":[{"href":"https:\/\/arastirma.disk.org.tr\/index.php?rest_route=\/wp\/v2\/posts"}],"about":[{"href":"https:\/\/arastirma.disk.org.tr\/index.php?rest_route=\/wp\/v2\/types\/post"}],"author":[{"embeddable":true,"href":"https:\/\/arastirma.disk.org.tr\/index.php?rest_route=\/wp\/v2\/users\/3"}],"replies":[{"embeddable":true,"href":"https:\/\/arastirma.disk.org.tr\/index.php?rest_route=%2Fwp%2Fv2%2Fcomments&post=9157"}],"version-history":[{"count":9,"href":"https:\/\/arastirma.disk.org.tr\/index.php?rest_route=\/wp\/v2\/posts\/9157\/revisions"}],"predecessor-version":[{"id":10525,"href":"https:\/\/arastirma.disk.org.tr\/index.php?rest_route=\/wp\/v2\/posts\/9157\/revisions\/10525"}],"wp:featuredmedia":[{"embeddable":true,"href":"https:\/\/arastirma.disk.org.tr\/index.php?rest_route=\/wp\/v2\/media\/9162"}],"wp:attachment":[{"href":"https:\/\/arastirma.disk.org.tr\/index.php?rest_route=%2Fwp%2Fv2%2Fmedia&parent=9157"}],"wp:term":[{"taxonomy":"category","embeddable":true,"href":"https:\/\/arastirma.disk.org.tr\/index.php?rest_route=%2Fwp%2Fv2%2Fcategories&post=9157"},{"taxonomy":"post_tag","embeddable":true,"href":"https:\/\/arastirma.disk.org.tr\/index.php?rest_route=%2Fwp%2Fv2%2Ftags&post=9157"}],"curies":[{"name":"wp","href":"https:\/\/api.w.org\/{rel}","templated":true}]}}