{"id":9321,"date":"2022-10-10T11:54:51","date_gmt":"2022-10-10T08:54:51","guid":{"rendered":"https:\/\/arastirma.disk.org.tr\/?p=9321"},"modified":"2024-04-19T11:38:37","modified_gmt":"2024-04-19T08:38:37","slug":"genis-tanimli-issiz-sayisi-73-milyon","status":"publish","type":"post","link":"https:\/\/arastirma.disk.org.tr\/?p=9321","title":{"rendered":"Geni\u015f tan\u0131ml\u0131 i\u015fsiz say\u0131s\u0131 7,3 milyon!"},"content":{"rendered":"<ul style=\"font-weight: 400;\">\n<li>T\u00dc\u0130K\u2019e g\u00f6re resmi i\u015fsizlik tek haneye d\u00fc\u015fse de geni\u015f tan\u0131ml\u0131 i\u015fsizlik oran\u0131 y\u00fczde 20\u2019ye yak\u0131n!<\/li>\n<li>Geni\u015f tan\u0131ml\u0131 i\u015fsiz say\u0131s\u0131 7,3 milyonun \u00fczerinde!<\/li>\n<li>Geni\u015f tan\u0131ml\u0131 i\u015fsiz say\u0131s\u0131 pandemi \u00f6ncesine g\u00f6re y\u00fckseldi!<\/li>\n<li>T\u00dc\u0130K\u2019e g\u00f6re i\u015fsiz say\u0131s\u0131 son bir y\u0131lda 560 bin azal\u0131rken \u0130\u015eKUR\u2019a g\u00f6re 148 bin artt\u0131.<\/li>\n<li>Geni\u015f ve dar tan\u0131ml\u0131 i\u015fsizlik aras\u0131ndaki puan fark\u0131 10,4<\/li>\n<li>Geni\u015f tan\u0131ml\u0131 kad\u0131n i\u015fsizli\u011fi y\u00fczde 26,5<\/li>\n<\/ul>\n<p><a href=\"http:\/\/arastirma.disk.org.tr\/wp-content\/uploads\/2022\/10\/ISSIZLIK-VE-ISTIHDAMIN-GORUNUMU-EKIM-2022.pdf\">Rapora eri\u015fmek i\u00e7in t\u0131klay\u0131n\u0131z.<\/a><\/p>\n<p style=\"font-weight: 400;\">T\u00dc\u0130K\u2019in A\u011fustos 2022 Hanehalk\u0131 \u0130\u015fg\u00fcc\u00fc Ara\u015ft\u0131rmas\u0131 (H\u0130A) sonu\u00e7lar\u0131 10 Ekim 2022\u2019de yay\u0131mland\u0131. Mevsim etkisinden ar\u0131nd\u0131r\u0131lm\u0131\u015f dar tan\u0131ml\u0131 i\u015fsizlik oran\u0131 y\u00fczde 9,6, mevsim etkisinden ar\u0131nd\u0131r\u0131lm\u0131\u015f geni\u015f tan\u0131ml\u0131 i\u015fsizlik oran\u0131 (\u00e2t\u0131l i\u015fg\u00fcc\u00fc) ise y\u00fczde 19,8 seviyesinde ger\u00e7ekle\u015fti. T\u00dc\u0130K\u2019e g\u00f6re T\u00fcrkiye genelinde 15 ve daha yukar\u0131 ya\u015ftaki ki\u015filerde i\u015fsiz say\u0131s\u0131 (mevsim etkisinden ar\u0131nd\u0131r\u0131lm\u0131\u015f) 2022 A\u011fustos ay\u0131nda bir \u00f6nceki aya g\u00f6re 100 bin ki\u015fi azalarak 3 milyon 312 bin ki\u015fi oldu. D\u0130SK-AR taraf\u0131ndan T\u00dc\u0130K verilerinden yararlanarak yap\u0131lan hesaplamaya g\u00f6re mevsim etkisinden ar\u0131nd\u0131r\u0131lm\u0131\u015f geni\u015f tan\u0131ml\u0131 i\u015fsiz say\u0131s\u0131 ise A\u011fusotos 2022\u2019de 7 milyon 337 bin ki\u015fi olarak ger\u00e7ekle\u015fti.<\/p>\n<p style=\"font-weight: 400;\">\u0130\u015eKUR\u2019un kay\u0131tl\u0131 i\u015fsiz say\u0131lar\u0131 kay\u0131tlara, T\u00dc\u0130K\u2019in i\u015fsizlik verileri ise ankete dayal\u0131 olarak hesaplanmaktad\u0131r. \u0130ki kurumun metodolojileri farkl\u0131 da olsa \u0130\u015eKUR taraf\u0131ndan ayl\u0131k istatistik b\u00fcltenlerinde a\u00e7\u0131klanan kay\u0131tl\u0131 i\u015fsiz say\u0131lar\u0131 i\u015fsizli\u011fi anlamam\u0131z a\u00e7\u0131s\u0131ndan \u00f6nemli g\u00f6stergedir. Ola\u011fan seyirde \u0130\u015eKUR\u2019un kay\u0131tl\u0131 i\u015fsiz say\u0131lar\u0131n\u0131n T\u00dc\u0130K\u2019in i\u015fsiz say\u0131lar\u0131na yans\u0131mas\u0131 beklenir. Ancak uzun bir s\u00fcredir iki kurumun i\u015fsiz say\u0131lar\u0131 aras\u0131ndaki farklar birbirinden z\u0131t bir e\u011filim izlemektedir.<\/p>\n<p style=\"font-weight: 400;\">\u0130\u015eKUR\u2019un A\u011fustos 2021 ile A\u011fustos 2022 aras\u0131nda son 1 y\u0131ll\u0131k d\u00f6nemde kay\u0131tl\u0131 i\u015fsiz say\u0131s\u0131 3 milyon 194 binden 3 milyon 342 bine y\u00fckseldi, kay\u0131tl\u0131 i\u015fsiz say\u0131s\u0131nda yakla\u015f\u0131k y\u00fczde 4,7\u2019lik bir art\u0131\u015f ger\u00e7ekle\u015fti. Son 1 y\u0131lda 148 bin ki\u015fi i\u015fsiz oldu\u011fu i\u00e7in \u0130\u015eKUR\u2019a ba\u015fvurdu. Bu ba\u015fvurular\u0131n 117 bini kad\u0131n, 31 bini ise erkek i\u015fsizlerden olu\u015ftu. T\u00dc\u0130K\u2019e g\u00f6re ise son 1 y\u0131lda dar tan\u0131ml\u0131 kad\u0131n i\u015fsiz say\u0131s\u0131 150 bin, dar tan\u0131ml\u0131 erkek i\u015fsiz say\u0131s\u0131 410 bin olmak \u00fczere toplamda i\u015fsizlik 560 bin ki\u015fi azald\u0131. Cinsiyete g\u00f6re T\u00dc\u0130K ile \u0130\u015eKUR aras\u0131ndaki u\u00e7urumun artmaya devam etti\u011fi g\u00f6r\u00fclmektedir. Bu sebeple \u0130\u015eKUR ile T\u00dc\u0130K aras\u0131ndaki say\u0131lardaki bu uyumsuzlu\u011fun sorunlu oldu\u011funu d\u00fc\u015f\u00fcn\u00fcyoruz.<\/p>\n<p style=\"font-weight: 400;\">Rapordan \u00f6zet bulgular \u015f\u00f6yle:<\/p>\n<ul style=\"font-weight: 400;\">\n<li>T\u00dc\u0130K\u2019in i\u015fsiz say\u0131s\u0131 \u0130\u015eKUR\u2019un alt\u0131nda!<\/li>\n<li>Geni\u015f tan\u0131ml\u0131 kad\u0131n i\u015fsizli\u011fi y\u00fczde 26,5!<\/li>\n<li>Geni\u015f tan\u0131ml\u0131 kad\u0131n i\u015fsizli\u011fi i\u015fsizlik t\u00fcrleri aras\u0131nda en y\u00fcksek kategori gen\u00e7 kad\u0131nlarda ger\u00e7ekle\u015fti!<\/li>\n<li>Geni\u015f tan\u0131ml\u0131 ve dar tan\u0131ml\u0131 i\u015fsizlik aras\u0131ndaki fark 10,4 puan!<\/li>\n<\/ul>\n<figure id=\"attachment_9323\" aria-describedby=\"caption-attachment-9323\" style=\"width: 683px\" class=\"wp-caption aligncenter\"><a href=\"http:\/\/arastirma.disk.org.tr\/wp-content\/uploads\/2022\/10\/ISSIZLIK-VE-ISTIHDAMIN-GORUNUMU-EKIM-2022.pdf\"><img fetchpriority=\"high\" decoding=\"async\" class=\"wp-image-9323 size-full\" src=\"http:\/\/arastirma.disk.org.tr\/wp-content\/uploads\/2022\/10\/Ekran-Resmi-2022-10-10-11.48.14.png\" alt=\"\" width=\"683\" height=\"965\" srcset=\"https:\/\/arastirma.disk.org.tr\/wp-content\/uploads\/2022\/10\/Ekran-Resmi-2022-10-10-11.48.14.png 683w, https:\/\/arastirma.disk.org.tr\/wp-content\/uploads\/2022\/10\/Ekran-Resmi-2022-10-10-11.48.14-212x300.png 212w\" sizes=\"(max-width: 683px) 100vw, 683px\" \/><\/a><figcaption id=\"caption-attachment-9323\" class=\"wp-caption-text\"><em>Rapora eri\u015fmek i\u00e7in kapa\u011fa t\u0131klay\u0131n\u0131z.<\/em><\/figcaption><\/figure>\n<p>&nbsp;<\/p>\n","protected":false},"excerpt":{"rendered":"<p>T\u00dc\u0130K\u2019e g\u00f6re resmi i\u015fsizlik tek haneye d\u00fc\u015fse de geni\u015f tan\u0131ml\u0131 i\u015fsizlik oran\u0131 y\u00fczde 20\u2019ye yak\u0131n! Geni\u015f tan\u0131ml\u0131 i\u015fsiz say\u0131s\u0131 7,3 milyonun \u00fczerinde! Geni\u015f tan\u0131ml\u0131 i\u015fsiz&#8230;<\/p>\n","protected":false},"author":3,"featured_media":9333,"comment_status":"closed","ping_status":"closed","sticky":false,"template":"template-c-s2-post.php","format":"standard","meta":{"footnotes":""},"categories":[6,11,278],"tags":[10,230,397,39,287],"class_list":["post-9321","post","type-post","status-publish","format-standard","has-post-thumbnail","hentry","category-guncel","category-issizlik","category-manset","tag-issizlik","tag-issizlik-ve-istihdamin-gorunumu","tag-issizlik-ve-istihdamin-gorunumu-ekim-2022","tag-tuik","tag-tuik-hia","wpcat-6-id","wpcat-11-id","wpcat-278-id"],"_links":{"self":[{"href":"https:\/\/arastirma.disk.org.tr\/index.php?rest_route=\/wp\/v2\/posts\/9321","targetHints":{"allow":["GET"]}}],"collection":[{"href":"https:\/\/arastirma.disk.org.tr\/index.php?rest_route=\/wp\/v2\/posts"}],"about":[{"href":"https:\/\/arastirma.disk.org.tr\/index.php?rest_route=\/wp\/v2\/types\/post"}],"author":[{"embeddable":true,"href":"https:\/\/arastirma.disk.org.tr\/index.php?rest_route=\/wp\/v2\/users\/3"}],"replies":[{"embeddable":true,"href":"https:\/\/arastirma.disk.org.tr\/index.php?rest_route=%2Fwp%2Fv2%2Fcomments&post=9321"}],"version-history":[{"count":3,"href":"https:\/\/arastirma.disk.org.tr\/index.php?rest_route=\/wp\/v2\/posts\/9321\/revisions"}],"predecessor-version":[{"id":9326,"href":"https:\/\/arastirma.disk.org.tr\/index.php?rest_route=\/wp\/v2\/posts\/9321\/revisions\/9326"}],"wp:featuredmedia":[{"embeddable":true,"href":"https:\/\/arastirma.disk.org.tr\/index.php?rest_route=\/wp\/v2\/media\/9333"}],"wp:attachment":[{"href":"https:\/\/arastirma.disk.org.tr\/index.php?rest_route=%2Fwp%2Fv2%2Fmedia&parent=9321"}],"wp:term":[{"taxonomy":"category","embeddable":true,"href":"https:\/\/arastirma.disk.org.tr\/index.php?rest_route=%2Fwp%2Fv2%2Fcategories&post=9321"},{"taxonomy":"post_tag","embeddable":true,"href":"https:\/\/arastirma.disk.org.tr\/index.php?rest_route=%2Fwp%2Fv2%2Ftags&post=9321"}],"curies":[{"name":"wp","href":"https:\/\/api.w.org\/{rel}","templated":true}]}}